{"id":562290,"date":"2025-11-27T12:51:13","date_gmt":"2025-11-27T12:51:13","guid":{"rendered":"https:\/\/www.europesays.com\/fr\/562290\/"},"modified":"2025-11-27T12:51:13","modified_gmt":"2025-11-27T12:51:13","slug":"guerre-en-ukraine-les-dessous-de-loperation-des-rafale-pour-kiev","status":"publish","type":"post","link":"https:\/\/www.europesays.com\/fr\/562290\/","title":{"rendered":"Guerre en Ukraine : Les dessous de l&rsquo;op\u00e9ration \u201cdes Rafale pour Kiev\u201d"},"content":{"rendered":"<p>Le c\u00e9r\u00e9monial est martial sur la base a\u00e9rienne de Villacoublay, situ\u00e9e dans l\u2019Ouest parisien. Ce 17 novembre, <a href=\"https:\/\/www.valeursactuelles.com\/tag\/Emmanuel-Macron\" target=\"_blank\" rel=\"noopener\">Emmanuel Macron<\/a> y accueille <a href=\"https:\/\/www.valeursactuelles.com\/tag\/Volodymyr-Zelensky\" target=\"_blank\" rel=\"noopener\">Volodymyr Zelensky<\/a> \u00e0 sa descente d\u2019avion. Le pr\u00e9sident ukrainien arrive d\u2019<a href=\"https:\/\/www.valeursactuelles.com\/tag\/athenes\" target=\"_blank\" rel=\"noopener\">Ath\u00e8nes<\/a> o\u00f9 il a conclu un gros contrat de fourniture de gaz naturel liqu\u00e9fi\u00e9 (GNL) am\u00e9ricain qui lui servira \u00e0 chauffer son pays cet hiver. Le lendemain, le leader ukrainien s\u2019est envol\u00e9 pour Madrid, puis vers Ankara, o\u00f9 il a parl\u00e9 de \u00ab la paix \u00bb avec ses h\u00f4tes turcs. Cruciale, explique l\u2019\u00c9lys\u00e9e, l\u2019\u00e9tape fran\u00e7aise de cette tourn\u00e9e europ\u00e9enne a \u00e9t\u00e9 soigneusement mise en sc\u00e8ne pour que les m\u00e9dias saisissent la forte \u00ab symbolique \u00bb de ce nouvel \u00e9pisode \u00ab majeur \u00bb du partenariat strat\u00e9gique franco-ukrainien, selon les mots-cl\u00e9s distill\u00e9s par avance dans l\u2019entourage du chef de l\u2019\u00c9tat.<\/p>\n<p><a href=\"https:\/\/www.valeursactuelles.com\/clubvaleurs\/monde\/ukraine-un-proche-de-zelensky-accuse-davoir-monte-un-systeme-de-corruption-de-100-millions-de-dollars\" class=\"h-flex h-align-items-center h-border-tb h-ptb-15\" target=\"_blank\" rel=\"noopener\">A\u00a0LIRE\u00a0Ukraine : Un proche de Zelensky accus\u00e9 d\u2019avoir mont\u00e9 un syst\u00e8me de corruption de 100 millions de dollars<\/a><\/p>\n<p>In\u00e9dit, son programme commence par la pr\u00e9sentation du syst\u00e8me de combat Rafale, le chasseur multir\u00f4le fran\u00e7ais de Dassault Aviation. Les 147 exemplaires \u00e9quipant nos forces arm\u00e9es (sur les 234 command\u00e9s au total) ont fa\u00e7onn\u00e9 sa r\u00e9putation op\u00e9rationnelle. Puis c\u2019est la visite de l\u2019embryon d\u2019\u00e9tat-major de la \u201ccoalition des volontaires\u201d, localis\u00e9 sur le mont Val\u00e9rien, toujours dans l\u2019Ouest parisien. Cette force essentiellement franco-britannique serait d\u00e9ploy\u00e9e en Ukraine pour r\u00e9assurer Kiev en cas de cessez-le-feu \u2013 la Russie s\u2019y oppose par principe. La journ\u00e9e se conclut par une s\u00e9ance de signatures \u00e0 l\u2019\u00c9lys\u00e9e. Des contrats d\u2019armement (notamment pour la d\u00e9fense du ciel ukrainien) et surtout une \u00ab d\u00e9claration d\u2019intention \u00bb portant sur l\u2019acquisition jusqu\u2019\u00e0 100 Rafale avec leur armement. Une annonce choc \u00e0 caract\u00e8re essentiellement politique, source de nombreuses questions.<\/p>\n<p>\u200bDassault Aviation fabrique un Rafale en trois ans<\/p>\n<p>Cette annonce n\u2019est pas corr\u00e9l\u00e9e aux urgences op\u00e9rationnelles de l\u2019Ukraine, \u00e0 commencer par la d\u00e9fense de son ciel, viol\u00e9 presque chaque jour par des centaines de drones et de missiles russes. Construire autant d\u2019avions sophistiqu\u00e9s, et former leurs pilotes et leurs m\u00e9canos, prendra plusieurs ann\u00e9es. Aujourd\u2019hui, Dassault Aviation fabrique un Rafale en trois ans environ et en assemble presque trois par mois. Il reste 239 exemplaires \u00e0 livrer sur les 533 d\u00e9j\u00e0 vendus, a d\u00e9taill\u00e9 son pr\u00e9sident-directeur g\u00e9n\u00e9ral, \u00c9ric Trappier, lors de son audition au S\u00e9nat cet \u00e9t\u00e9. L\u2019entreprise augmente ses cadences, mais reste d\u00e9pendante de ses 400 sous-traitants et des stocks de mati\u00e8res premi\u00e8res, rappelait-il.<\/p>\n<p>Le point encore plus critique est l\u2019absence de financement pour ce projet colossal, dont la fourchette oscillerait entre 10 et 30 milliards d\u2019euros. Flous sur le sujet, Emmanuel Macron et ses conseillers renvoient aux m\u00e9canismes europ\u00e9ens mutualis\u00e9s \u00e0 na\u00eetre ou en cours de n\u00e9gociation. Parmi lesquels le fameux pr\u00eat de 140 milliards qui serait gag\u00e9 sur les actifs russes gel\u00e9s dans les banques europ\u00e9ennes. Une usine \u00e0 gaz juridique dont rediscuteront les Europ\u00e9ens mi-d\u00e9cembre, bloqu\u00e9e pour l\u2019heure par plusieurs capitales. M\u00eame pendant la Seconde Guerre mondiale, a r\u00e9cemment l\u00e2ch\u00e9 le Premier ministre belge, Bart De Wever, aucun d\u00e9p\u00f4t n\u2019a \u00e9t\u00e9 confisqu\u00e9 aux banques centrales. Son pays serait le premier comptable devant la justice d\u2019une ponction indue des 193 milliards d\u2019euros d\u2019actifs russes d\u00e9tenus par la soci\u00e9t\u00e9 Euroclear de droit belge. Il y va de la confiance et de la stabilit\u00e9 de la place financi\u00e8re europ\u00e9enne, a pr\u00e9venu Christine Lagarde, la pr\u00e9sidente de la Banque centrale europ\u00e9enne. Une fois ce pr\u00eat boucl\u00e9, encore faudrait-il convaincre les grands \u00c9tats membres de l\u2019ouvrir au Rafale fran\u00e7ais, sachant que la plupart ont \u00e9cart\u00e9 l\u2019appareil de leur flotte au profit de son concurrent direct, l\u2019Eu-rofighter d\u2019Airbus Defence and Space, et des chasseurs am\u00e9ricains.<\/p>\n<p><a href=\"https:\/\/www.valeursactuelles.com\/clubvaleurs\/monde\/guerre-industrielle-imperialisme-allemand-fronde-de-dassault-le-scaf-le-reve-brise-dun-avion-de-chasse-europeen\" class=\"h-flex h-align-items-center h-border-tb h-ptb-15\" target=\"_blank\" rel=\"noopener\">A\u00a0LIRE\u00a0Guerre industrielle, imp\u00e9rialisme allemand, fronde de Dassault\u2026 le SCAF, r\u00eave bris\u00e9 d\u2019un avion de chasse europ\u00e9en<\/a>Politique d\u2019abord, assume l\u2019\u00c9lys\u00e9e<\/p>\n<p>Fid\u00e8le \u00e0 son habitude, Emmanuel Macron croit pouvoir avancer ses pions en contournant les obstacles. Positionner l\u2019appareil tricolore en Ukraine permettrait \u00e0 la France, dans l\u2019imm\u00e9diat, de coiffer la Su\u00e8de sur le poteau ; le royaume a sign\u00e9 mi-octobre une lettre d\u2019intention identique portant sur la fourniture d\u2019une flotte de 100 \u00e0 150 chasseurs Gripen E, le petit concurrent du chasseur multir\u00f4le. Ensuite, de lancer une nouvelle pierre dans le jardin de Berlin ; seul \u00c9tat \u00e0 v\u00e9ritablement accro\u00eetre son aide \u00e0 l\u2019Ukraine en 2025 (11,5 milliards contre 8,5 milliards en 2024), l\u2019Allemagne lorgne de surcro\u00eet les savoir-faire de Dassault Aviation, auquel elle conteste fortement le r\u00f4le d\u2019architecte ensemblier dans le projet d\u2019avion du futur, le Scaf.<\/p>\n<p>Plus largement, cette initiative semble destin\u00e9e \u00e0 marquer le leadership fran\u00e7ais sur le camp europ\u00e9en antirusse, en illustrant la d\u00e9termination de la France \u00e0 soutenir son alli\u00e9e dans la dur\u00e9e \u2013 et en caressant l\u2019espoir de dissuader la Russie dans ses men\u00e9es guerri\u00e8res et informationnelles. Last but not least, cette communication agressive \u00e9paissit l\u2019\u00e9cran de fum\u00e9e occultant l\u2019affaiblissement politique de Volodymyr Zelensky en Ukraine ces derni\u00e8res semaines. Quelques jours avant sa tourn\u00e9e europ\u00e9enne, les deux principaux organes de lutte contre la corruption du pays, le Nabu et le Sapo, ont d\u00e9voil\u00e9 l\u2019op\u00e9ration \u201cMidas\u201d. Une enqu\u00eate de quinze mois ayant mis au jour un m\u00e9canisme de pots-de-vin dont le total d\u00e9passe 100 millions d\u2019euros sur les march\u00e9s de l\u2019\u00e9nerg\u00e9ticien national Energoatom, et qui implique plusieurs des proches de Zelensky au sommet de l\u2019\u00c9tat.<\/p>\n<p>\u200bPour Volodymyr Zelensky, \u00ab les prochaines semaines seront d\u00e9cisives \u00bb<\/p>\n<p>Ce scandale d\u2019une ampleur in\u00e9dite depuis le d\u00e9but de la guerre touche le coactionnaire de son ex-soci\u00e9t\u00e9 de production, d\u00e9sormais en fuite, et se rapproche de son principal collaborateur et bras droit, Andriy Yermak. Plusieurs personnalit\u00e9s du gouvernement sont aussi mises en cause : les ministres de l\u2019\u00c9nergie et de la Justice, d\u00e9missionnaires, l\u2019ex-ministre de la D\u00e9fense, Rous-tem Oumerov. Dans l\u2019opinion publique, la cote de Volodymyr Zelensky s\u2019est effondr\u00e9e \u00e0 20 %. Les Ukrainiens se rappellent avoir manifest\u00e9 l\u2019\u00e9t\u00e9 dernier pour faire \u00e9chec \u00e0 la volont\u00e9 du pr\u00e9sident de dissoudre ces deux organes anticorruption.<\/p>\n<p>La col\u00e8re populaire gronde dans le pays, y compris au sein du parti pr\u00e9sidentiel, contre ces puissants qui d\u00e9tournent de l\u2019argent pendant que les soldats meurent dans le Donbass sans arriver \u00e0 stopper l\u2019avanc\u00e9e lente mais inexorable du rouleau compresseur russe. Pour Volodymyr Zelensky, \u00ab les prochaines semaines seront d\u00e9cisives \u00bb, conc\u00e8dent m\u00eame les collaborateurs de son ami Emmanuel Macron.<\/p>\n","protected":false},"excerpt":{"rendered":"Le c\u00e9r\u00e9monial est martial sur la base a\u00e9rienne de Villacoublay, situ\u00e9e dans l\u2019Ouest parisien. Ce 17 novembre, Emmanuel&hellip;\n","protected":false},"author":2,"featured_media":562291,"comment_status":"","ping_status":"","sticky":false,"template":"","format":"standard","meta":{"footnotes":""},"categories":[1590],"tags":[11,1073,1777,674,131,11229,12,220,134],"class_list":{"0":"post-562290","1":"post","2":"type-post","3":"status-publish","4":"format-standard","5":"has-post-thumbnail","7":"category-ukraine","8":"tag-actualites","9":"tag-emmanuel-macron","10":"tag-eu","11":"tag-europe","12":"tag-guerre-en-ukraine","13":"tag-kiev","14":"tag-news","15":"tag-ukraine","16":"tag-volodymyr-zelensky"},"share_on_mastodon":{"url":"https:\/\/pubeurope.com\/@fr\/115621755923008122","error":""},"_links":{"self":[{"href":"https:\/\/www.europesays.com\/fr\/wp-json\/wp\/v2\/posts\/562290","targetHints":{"allow":["GET"]}}],"collection":[{"href":"https:\/\/www.europesays.com\/fr\/wp-json\/wp\/v2\/posts"}],"about":[{"href":"https:\/\/www.europesays.com\/fr\/wp-json\/wp\/v2\/types\/post"}],"author":[{"embeddable":true,"href":"https:\/\/www.europesays.com\/fr\/wp-json\/wp\/v2\/users\/2"}],"replies":[{"embeddable":true,"href":"https:\/\/www.europesays.com\/fr\/wp-json\/wp\/v2\/comments?post=562290"}],"version-history":[{"count":0,"href":"https:\/\/www.europesays.com\/fr\/wp-json\/wp\/v2\/posts\/562290\/revisions"}],"wp:featuredmedia":[{"embeddable":true,"href":"https:\/\/www.europesays.com\/fr\/wp-json\/wp\/v2\/media\/562291"}],"wp:attachment":[{"href":"https:\/\/www.europesays.com\/fr\/wp-json\/wp\/v2\/media?parent=562290"}],"wp:term":[{"taxonomy":"category","embeddable":true,"href":"https:\/\/www.europesays.com\/fr\/wp-json\/wp\/v2\/categories?post=562290"},{"taxonomy":"post_tag","embeddable":true,"href":"https:\/\/www.europesays.com\/fr\/wp-json\/wp\/v2\/tags?post=562290"}],"curies":[{"name":"wp","href":"https:\/\/api.w.org\/{rel}","templated":true}]}}