{"id":562294,"date":"2025-11-27T12:53:15","date_gmt":"2025-11-27T12:53:15","guid":{"rendered":"https:\/\/www.europesays.com\/fr\/562294\/"},"modified":"2025-11-27T12:53:15","modified_gmt":"2025-11-27T12:53:15","slug":"pourquoi-le-royaume-uni-suspend-deja-lusage-de-son-tout-nouveau-blinde","status":"publish","type":"post","link":"https:\/\/www.europesays.com\/fr\/562294\/","title":{"rendered":"pourquoi le Royaume-Uni suspend d\u00e9j\u00e0 l\u2019usage de son tout nouveau blind\u00e9"},"content":{"rendered":"<p>\n    Quelques jours seulement apr\u00e8s son lancement officiel, l\u2019utilisation du flambant neuf v\u00e9hicule de combat d\u2019infanterie Ajax a d\u00fb \u00eatre temporairement suspendue. Le blind\u00e9 avait d\u00e9j\u00e0 accumul\u00e9 huit ans de retard dans sa livraison.<\/p>\n<p class=\"fig-paragraph\">Une catastrophe industrielle \u00e0 7 milliards d\u2019euros. Quelques jours seulement apr\u00e8s son lancement, au d\u00e9but du mois de novembre, le tout nouveau v\u00e9hicule de combat d\u2019infanterie Ajax de l\u2019arm\u00e9e britannique a d\u00fb \u00eatre retir\u00e9 du service. Et pour cause, 31 soldats ont \u00e9t\u00e9 bless\u00e9s apr\u00e8s l\u2019avoir utilis\u00e9 lors de l\u2019exercice Salisbury Plain, le week-end dernier. Le bruit et les vibrations de ces engins blind\u00e9s flambant neuf ont induit \u00abdes picotements dans les mains, des bourdonnements dans les oreilles, des naus\u00e9es\u00bb et des vomissements, ont rapport\u00e9 les militaires touch\u00e9s aupr\u00e8s du\u00a0<a href=\"https:\/\/www.thetimes.com\/uk\/defence\/article\/army-ajax-tanks-qx3dhfjgg\" target=\"_blank\" rel=\"noopener\" data-gtm-custom-categorie=\"navigation\" data-gtm-custom-action=\"crossclick\" data-gtm-custom-label=\"Contextuel\" data-gtm-event=\"customEventSPE\">Times<\/a> . Si bien que 31 d\u2019entre eux ont eu besoin d\u2019\u00e9valuations auditives et 17 suivent un traitement pour perte auditive. Cons\u00e9quence directe\u00a0: les op\u00e9rateurs de chars doivent d\u00e9sormais porter une double protection auditive pour \u00e9viter les blessures.<\/p>\n<p class=\"fig-paragraph\">Pire encore, au moins deux soldats ont \u00e9t\u00e9 tellement affect\u00e9s qu\u2019ils ont \u00e9t\u00e9 r\u00e9trograd\u00e9s m\u00e9dicalement, et ne pourront plus \u00eatre d\u00e9ploy\u00e9s \u00e0 l\u2019\u00e9tranger. La grande majorit\u00e9\u2026<\/p>\n<p class=\"fig-premium-paywall__infos\">\n        Cet article est r\u00e9serv\u00e9 aux abonn\u00e9s.        Il vous reste 82% \u00e0 d\u00e9couvrir.\n    <\/p>\n<p>                <img  data- alt=\"Le Figaro\" class=\"fig-img--complete fig-img\"\/><\/p>\n<p class=\"fig-premium-paywall__title\">Black Friday<\/p>\n<p class=\"fig-premium-paywall__subtitle\">-70% sur l&rsquo;abonnement num\u00e9rique<\/p>\n<p class=\"fig-premium-paywall__connect\">\n                D\u00e9j\u00e0 abonn\u00e9\u00a0?                <a class=\"fig-premium-paywall__connect-link\" href=\"https:\/\/connect.lefigaro.fr\/login?client=horizon_web&amp;type=main&amp;redirect_uri=https%3A%2F%2Fwww.lefigaro.fr%2Finternational%2Fvibrations-vomissements-problemes-auditifs-pourquoi-le-royaume-uni-suspend-deja-l-usage-de-son-tout-nouveau-blinde-20251127\" data-js-gtm=\"{&quot;customCategorie&quot;: &quot;conversion&quot;, &quot;customAction&quot;: &quot;before_Landing_Connexion_paywall_auto&quot;, &quot;customLabel&quot;: &quot;bGVmaWdhcm8uZnJfXzFmMGNiN2Q2LTg1ZGItNjFhYy1hODQ1LTc1NWJiODg0YmQ1ZF9fQXJ0aWNsZQ==_Vibrations, vomissements, probl\u00e8mes auditifs\u00a0: pourquoi le Royaume-Uni suspend d\u00e9j\u00e0 l\u2019usage de son tout nouveau blind\u00e9_166&quot;, &quot;customIDSPE&quot;: &quot;bGVmaWdhcm8uZnJfXzFmMGNiN2Q2LTg1ZGItNjFhYy1hODQ1LTc1NWJiODg0YmQ1ZF9fQXJ0aWNsZQ==&quot;, &quot;event&quot;: &quot;customEventSPE&quot;}\" target=\"_blank\" rel=\"noopener\"><br \/>\n                    Connectez-vous<br \/>\n                <\/a>\n            <\/p>\n","protected":false},"excerpt":{"rendered":"Quelques jours seulement apr\u00e8s son lancement officiel, l\u2019utilisation du flambant neuf v\u00e9hicule de combat d\u2019infanterie Ajax a d\u00fb&hellip;\n","protected":false},"author":2,"featured_media":562295,"comment_status":"","ping_status":"","sticky":false,"template":"","format":"standard","meta":{"footnotes":""},"categories":[1588],"tags":[11,554,1777,674,12,473,1853,1851,1850,1852],"class_list":{"0":"post-562294","1":"post","2":"type-post","3":"status-publish","4":"format-standard","5":"has-post-thumbnail","7":"category-royaume-uni","8":"tag-actualites","9":"tag-defense","10":"tag-eu","11":"tag-europe","12":"tag-news","13":"tag-royaume-uni","14":"tag-royaume-uni-de-grande-bretagne-et-dirlande-du-nord","15":"tag-uk","16":"tag-united-kingdom","17":"tag-united-kingdom-of-great-britain-and-northern-ireland"},"share_on_mastodon":{"url":"https:\/\/pubeurope.com\/@fr\/115621763751282456","error":""},"_links":{"self":[{"href":"https:\/\/www.europesays.com\/fr\/wp-json\/wp\/v2\/posts\/562294","targetHints":{"allow":["GET"]}}],"collection":[{"href":"https:\/\/www.europesays.com\/fr\/wp-json\/wp\/v2\/posts"}],"about":[{"href":"https:\/\/www.europesays.com\/fr\/wp-json\/wp\/v2\/types\/post"}],"author":[{"embeddable":true,"href":"https:\/\/www.europesays.com\/fr\/wp-json\/wp\/v2\/users\/2"}],"replies":[{"embeddable":true,"href":"https:\/\/www.europesays.com\/fr\/wp-json\/wp\/v2\/comments?post=562294"}],"version-history":[{"count":0,"href":"https:\/\/www.europesays.com\/fr\/wp-json\/wp\/v2\/posts\/562294\/revisions"}],"wp:featuredmedia":[{"embeddable":true,"href":"https:\/\/www.europesays.com\/fr\/wp-json\/wp\/v2\/media\/562295"}],"wp:attachment":[{"href":"https:\/\/www.europesays.com\/fr\/wp-json\/wp\/v2\/media?parent=562294"}],"wp:term":[{"taxonomy":"category","embeddable":true,"href":"https:\/\/www.europesays.com\/fr\/wp-json\/wp\/v2\/categories?post=562294"},{"taxonomy":"post_tag","embeddable":true,"href":"https:\/\/www.europesays.com\/fr\/wp-json\/wp\/v2\/tags?post=562294"}],"curies":[{"name":"wp","href":"https:\/\/api.w.org\/{rel}","templated":true}]}}