{"id":562296,"date":"2025-11-27T12:54:13","date_gmt":"2025-11-27T12:54:13","guid":{"rendered":"https:\/\/www.europesays.com\/fr\/562296\/"},"modified":"2025-11-27T12:54:13","modified_gmt":"2025-11-27T12:54:13","slug":"wacker-va-supprimer-1500-emplois-dici-2027-en-allemagne","status":"publish","type":"post","link":"https:\/\/www.europesays.com\/fr\/562296\/","title":{"rendered":"Wacker va supprimer 1500 emplois d&rsquo;ici 2027 en Allemagne"},"content":{"rendered":"<p class=\"fig-paragraph\">L\u2019industrie allemande continue de s\u2019enfoncer dans la tourmente. Le chimiste Wacker a annonc\u00e9 jeudi supprimer plus de 1500 emplois d&rsquo;ici 2027, principalement en Allemagne, un nouveau plan social pour le secteur\u00a0<a href=\"http:\/\/www.lefigaro.fr\/economie\/la-chimie-europeenne-en-crise-appelle-a-l-aide-20250110\" data-fig-type=\"Article\" data-gtm-custom-categorie=\"navigation\" data-gtm-custom-action=\"crossclick\" data-gtm-custom-label=\"Contextuel\" data-gtm-event=\"customEventSPE\" data-fig-domain=\"LEFIGARO\" rel=\"nofollow noopener\" target=\"_blank\">embourb\u00e9 dans une crise historique<\/a>, entre\u00a0<a href=\"http:\/\/www.lefigaro.fr\/flash-eco\/couts-de-l-energie-l-allemagne-abaisse-fortement-le-prix-des-transports-publics-20220324\" data-fig-type=\"NewsFlash\" data-gtm-custom-categorie=\"navigation\" data-gtm-custom-action=\"crossclick\" data-gtm-custom-label=\"Contextuel\" data-gtm-event=\"customEventSPE\" data-fig-domain=\"LEFIGARO\" rel=\"nofollow noopener\" target=\"_blank\">co\u00fbts de l&rsquo;\u00e9nergie \u00e9lev\u00e9s<\/a>\u00a0et surcapacit\u00e9s mondiales. Le groupe bas\u00e9 \u00e0 Munich va r\u00e9duire de pr\u00e8s de 10% ses effectifs, d&rsquo;environ 16.600 dans le monde dont 10.800 en Allemagne.<\/p>\n<p class=\"fig-paragraph\">Selon un communiqu\u00e9, cela permettra d&rsquo;atteindre la moiti\u00e9 des \u00e9conomies esp\u00e9r\u00e9es par l&rsquo;entreprise, \u00e0 hauteur de 300 millions d&rsquo;euros par an \u00ab\u00e0 l&rsquo;avenir\u00bb. \u00abL&rsquo;objectif est de r\u00e9duire nos co\u00fbts \u00e0 un niveau comp\u00e9titif gr\u00e2ce \u00e0 ces \u00e9conomies. Cela permettra \u00e0 Wacker de retrouver le chemin du succ\u00e8s\u00bb, d\u00e9clare le pr\u00e9sident du directoire du groupe Christian Hartel dans un communiqu\u00e9. \u00c0 la\u00a0<a href=\"http:\/\/www.lefigaro.fr\/flash-eco\/les-bourses-europeennes-ouvrent-dans-le-vert-record-du-dax-a-francfort-20251009\" data-fig-type=\"NewsFlash\" data-gtm-custom-categorie=\"navigation\" data-gtm-custom-action=\"crossclick\" data-gtm-custom-label=\"Contextuel\" data-gtm-event=\"customEventSPE\" data-fig-domain=\"LEFIGARO\" rel=\"nofollow noopener\" target=\"_blank\">Bourse de Francfort<\/a>, vers 12H00 GMT, les investisseurs r\u00e9compensaient l&rsquo;action Wacker Chemie, en hausse de 1,68% dans un indice des valeurs moyennes MDax, en hausse de 0,68%.<\/p>\n<p>                                    <a class=\"fig-a11y-skip a11y-hidden\" href=\"#fig-a11y-skip-main-inarticle\"><br \/>\n        Passer la publicit\u00e9<br \/>\n    <\/a><\/p>\n<p>Crise de l\u2019industrie allemande<\/p>\n<p class=\"fig-paragraph\">C&rsquo;est un nouveau plan social pour l&rsquo;industrie chimique allemande, dont les niveaux de production sont au plus bas depuis 30 ans selon la f\u00e9d\u00e9ration VCI. Les g\u00e9ants du secteur, \u00e0 l&rsquo;instar de\u00a0<a href=\"http:\/\/www.lefigaro.fr\/flash-eco\/basf-recul-moins-ample-que-prevu-du-resultat-d-exploitation-au-3eme-trimestre-dans-un-marche-difficile-20251029\" data-fig-type=\"NewsFlash\" data-gtm-custom-categorie=\"navigation\" data-gtm-custom-action=\"crossclick\" data-gtm-custom-label=\"Contextuel\" data-gtm-event=\"customEventSPE\" data-fig-domain=\"LEFIGARO\" rel=\"nofollow noopener\" target=\"_blank\">BASF<\/a>, souffrent des surcapacit\u00e9s mondiales, principalement chinoises, et du recul de la demande. \u00abEn particulier en Allemagne, les prix de l&rsquo;\u00e9nergie excessivement \u00e9lev\u00e9s et les obstacles bureaucratiques continuent d&rsquo;agir comme un frein important\u00bb, ajoute Christian Hartel.<\/p>\n<p class=\"fig-paragraph\">Au troisi\u00e8me trimestre, le groupe avait indiqu\u00e9 s&rsquo;attendre \u00e0 une perte nette en 2025, apr\u00e8s avoir d\u00e9gag\u00e9 un b\u00e9n\u00e9fice de 261 millions d&rsquo;euros l&rsquo;an pr\u00e9c\u00e9dent. Les suppressions de postes d\u00e9buteront au premier trimestre 2026 et seront achev\u00e9es d&rsquo;ici fin 2027 selon le groupe. Wacker fabrique des produits chimiques aux applications industrielles multiples, des adh\u00e9sifs aux cosm\u00e9tiques en passant par les cellules photovolta\u00efques, et d\u00e9veloppe aussi des biotechnologies. Ses principaux clients se trouvent\u00a0<a href=\"http:\/\/www.lefigaro.fr\/societes\/la-tendance-c-est-celle-des-plans-de-licenciement-et-des-fermetures-a-bas-bruit-les-fournisseurs-francais-des-geants-de-l-automobile-frappes-de-plein-fouet-par-la-crise-20251102\" data-fig-type=\"Article\" data-gtm-custom-categorie=\"navigation\" data-gtm-custom-action=\"crossclick\" data-gtm-custom-label=\"Contextuel\" data-gtm-event=\"customEventSPE\" data-fig-domain=\"LEFIGARO\" rel=\"nofollow noopener\" target=\"_blank\">dans l&rsquo;automobile<\/a>, la construction ou encore les semi-conducteurs.<\/p>\n","protected":false},"excerpt":{"rendered":"L\u2019industrie allemande continue de s\u2019enfoncer dans la tourmente. Le chimiste Wacker a annonc\u00e9 jeudi supprimer plus de 1500&hellip;\n","protected":false},"author":2,"featured_media":562297,"comment_status":"","ping_status":"","sticky":false,"template":"","format":"standard","meta":{"footnotes":""},"categories":[1587],"tags":[11,672,1804,10531,1805,1803,341,1777,674,1801,12,1802],"class_list":{"0":"post-562296","1":"post","2":"type-post","3":"status-publish","4":"format-standard","5":"has-post-thumbnail","7":"category-allemagne","8":"tag-actualites","9":"tag-allemagne","10":"tag-bundesrepublik-deutschland","11":"tag-chimie","12":"tag-de","13":"tag-deutschland","14":"tag-emploi","15":"tag-eu","16":"tag-europe","17":"tag-germany","18":"tag-news","19":"tag-republique-federale-dallemagne"},"share_on_mastodon":{"url":"https:\/\/pubeurope.com\/@fr\/115621767817532716","error":""},"_links":{"self":[{"href":"https:\/\/www.europesays.com\/fr\/wp-json\/wp\/v2\/posts\/562296","targetHints":{"allow":["GET"]}}],"collection":[{"href":"https:\/\/www.europesays.com\/fr\/wp-json\/wp\/v2\/posts"}],"about":[{"href":"https:\/\/www.europesays.com\/fr\/wp-json\/wp\/v2\/types\/post"}],"author":[{"embeddable":true,"href":"https:\/\/www.europesays.com\/fr\/wp-json\/wp\/v2\/users\/2"}],"replies":[{"embeddable":true,"href":"https:\/\/www.europesays.com\/fr\/wp-json\/wp\/v2\/comments?post=562296"}],"version-history":[{"count":0,"href":"https:\/\/www.europesays.com\/fr\/wp-json\/wp\/v2\/posts\/562296\/revisions"}],"wp:featuredmedia":[{"embeddable":true,"href":"https:\/\/www.europesays.com\/fr\/wp-json\/wp\/v2\/media\/562297"}],"wp:attachment":[{"href":"https:\/\/www.europesays.com\/fr\/wp-json\/wp\/v2\/media?parent=562296"}],"wp:term":[{"taxonomy":"category","embeddable":true,"href":"https:\/\/www.europesays.com\/fr\/wp-json\/wp\/v2\/categories?post=562296"},{"taxonomy":"post_tag","embeddable":true,"href":"https:\/\/www.europesays.com\/fr\/wp-json\/wp\/v2\/tags?post=562296"}],"curies":[{"name":"wp","href":"https:\/\/api.w.org\/{rel}","templated":true}]}}