{"id":56234,"date":"2025-04-27T06:54:11","date_gmt":"2025-04-27T06:54:11","guid":{"rendered":"https:\/\/www.europesays.com\/fr\/56234\/"},"modified":"2025-04-27T06:54:11","modified_gmt":"2025-04-27T06:54:11","slug":"le-futur-marie-meurt-en-fetant-son-enterrement-de-vie-de-garcon-en-espagne-2","status":"publish","type":"post","link":"https:\/\/www.europesays.com\/fr\/56234\/","title":{"rendered":"Le futur mari\u00e9 meurt en f\u00eatant son enterrement de vie de gar\u00e7on en Espagne"},"content":{"rendered":"<p><strong>Drame &#8211; Oliver Holroyd, un Britannique de 29 ans, est d\u00e9c\u00e9d\u00e9 subitement lors de son enterrement de vie de gar\u00e7on \u00e0 Benidorm en Espagne<\/strong><\/p>\n<p>Ce qui devait \u00eatre un week-end de f\u00eate s\u2019est transform\u00e9 en drame pour Oliver Holroyd, un Britannique de 29 ans. Le jeune p\u00e8re, en voyage \u00e0 Benidorm (<a href=\"https:\/\/www.20minutes.fr\/dossier\/espagne?at_medium=RSS+feed&amp;at_campaign=ynews&amp;utm_source=yahoo&amp;utm_medium=rss&amp;utm_campaign=news_feed&amp;utm_content=in_article_link\" rel=\"nofollow noopener\" target=\"_blank\" data-ylk=\"slk:Espagne;elm:context_link;itc:0;sec:content-canvas\" class=\"link \">Espagne<\/a>) pour c\u00e9l\u00e9brer son enterrement de vie de gar\u00e7on avec ses proches, s\u2019est effondr\u00e9 brutalement sur un tabouret du bar Funky Flamingo, le 22 mars, rapporte le <a href=\"https:\/\/www.dailymail.co.uk\/news\/article-14611933\/Pictured-British-father-died-stag-Benidorm-collapsing-bar.html?at_medium=RSS+feed&amp;at_campaign=ynews&amp;utm_source=yahoo&amp;utm_medium=rss&amp;utm_campaign=news_feed&amp;utm_content=in_article_link\" rel=\"nofollow noopener\" target=\"_blank\" data-ylk=\"slk:Daily Mail;elm:context_link;itc:0;sec:content-canvas\" class=\"link \">Daily Mail<\/a>. Malgr\u00e9 les tentatives d\u00e9sesp\u00e9r\u00e9es de r\u00e9animation de la part des t\u00e9moins et des secours, Oliver a \u00e9t\u00e9 d\u00e9clar\u00e9 mort sur place.<\/p>\n<p>Pr\u00e9sent lors du drame, son p\u00e8re a assist\u00e9 impuissant \u00e0 la sc\u00e8ne, tout comme ses amis venus f\u00eater ses derniers jours de c\u00e9libat. Oliver devait \u00e9pouser sa fianc\u00e9e, Paige Whiteley, en mai. Ensemble, ils avaient d\u00e9j\u00e0 un petit gar\u00e7on.<\/p>\n<p>Une collecte pour la Stroke Foundation<\/p>\n<p>L\u2019un de ses amis a lanc\u00e9 une collecte sur JustGiving au profit de la Stroke Foundation, une association qui accompagne les victimes d\u2019<a href=\"https:\/\/www.20minutes.fr\/dossier\/avc?at_medium=RSS+feed&amp;at_campaign=ynews&amp;utm_source=yahoo&amp;utm_medium=rss&amp;utm_campaign=news_feed&amp;utm_content=in_article_link\" rel=\"nofollow noopener\" target=\"_blank\" data-ylk=\"slk:AVC;elm:context_link;itc:0;sec:content-canvas\" class=\"link \">AVC<\/a>, en sa m\u00e9moire.<\/p>\n<p>L\u2019enqu\u00eate men\u00e9e par la police espagnole \u00e9voque un possible probl\u00e8me m\u00e9dical, sans lien avec la consommation de stup\u00e9fiants. Les causes de la mort restent encore inconnues.<\/p>\n<p><a href=\"https:\/\/www.20minutes.fr\/monde\/royaume-uni\/4150227-20250424-royaume-uni-futur-marie-meurt-fetant-enterrement-vie-garcon-espagne?at_medium=RSS+feed&amp;at_campaign=ynews&amp;utm_source=yahoo&amp;utm_medium=rss&amp;utm_campaign=news_feed&amp;utm_content=read_more_link\" rel=\"nofollow noopener\" target=\"_blank\" data-ylk=\"slk:Lire la suite sur 20minutes;elm:context_link;itc:0;sec:content-canvas\" class=\"link \">Lire la suite sur 20minutes<\/a><\/p>\n<p>\u00c0 lire aussi :<br \/><a href=\"https:\/\/www.20minutes.fr\/toulouse\/1675339-20150830-toulouse-enterrement-vie-garcon-tourne-mal-futur-marie-finit-cellule?at_medium=RSS+feed&amp;at_campaign=ynews&amp;utm_source=yahoo&amp;utm_medium=rss&amp;utm_campaign=news_feed&amp;utm_content=related_content_link\" rel=\"nofollow noopener\" target=\"_blank\" data-ylk=\"slk:Toulouse: L&#039;enterrement de vie de gar\u00e7on tourne mal, le futur mari\u00e9 finit en cellule;elm:context_link;itc:0;sec:content-canvas\" class=\"link \">Toulouse: L&rsquo;enterrement de vie de gar\u00e7on tourne mal, le futur mari\u00e9 finit en cellule<\/a><br \/><a href=\"https:\/\/www.20minutes.fr\/faits_divers\/4146554-20250402-espagne-parachute-ouvre-cascadeur-tue-sautant-montgolfiere?at_medium=RSS+feed&amp;at_campaign=ynews&amp;utm_source=yahoo&amp;utm_medium=rss&amp;utm_campaign=news_feed&amp;utm_content=related_content_link\" rel=\"nofollow noopener\" target=\"_blank\" data-ylk=\"slk:Espagne : Son parachute ne s\u2019ouvre pas, un cascadeur se tue en sautant d\u2019une montgolfi\u00e8re;elm:context_link;itc:0;sec:content-canvas\" class=\"link \">Espagne : Son parachute ne s\u2019ouvre pas, un cascadeur se tue en sautant d\u2019une montgolfi\u00e8re<\/a><\/p>\n","protected":false},"excerpt":{"rendered":"Drame &#8211; Oliver Holroyd, un Britannique de 29 ans, est d\u00e9c\u00e9d\u00e9 subitement lors de son enterrement de vie&hellip;\n","protected":false},"author":2,"featured_media":56235,"comment_status":"","ping_status":"","sticky":false,"template":"","format":"standard","meta":{"footnotes":""},"categories":[1588],"tags":[11,15147,15145,15144,123,1777,674,12,15146,473,1853,1851,1850,1852],"class_list":{"0":"post-56234","1":"post","2":"type-post","3":"status-publish","4":"format-standard","5":"has-post-thumbnail","7":"category-royaume-uni","8":"tag-actualites","9":"tag-benidorm","10":"tag-britannique","11":"tag-enterrement-de-vie-de-garcon","12":"tag-espagne","13":"tag-eu","14":"tag-europe","15":"tag-news","16":"tag-oliver-holroyd","17":"tag-royaume-uni","18":"tag-royaume-uni-de-grande-bretagne-et-dirlande-du-nord","19":"tag-uk","20":"tag-united-kingdom","21":"tag-united-kingdom-of-great-britain-and-northern-ireland"},"share_on_mastodon":{"url":"https:\/\/pubeurope.com\/@fr\/114408617654836717","error":""},"_links":{"self":[{"href":"https:\/\/www.europesays.com\/fr\/wp-json\/wp\/v2\/posts\/56234","targetHints":{"allow":["GET"]}}],"collection":[{"href":"https:\/\/www.europesays.com\/fr\/wp-json\/wp\/v2\/posts"}],"about":[{"href":"https:\/\/www.europesays.com\/fr\/wp-json\/wp\/v2\/types\/post"}],"author":[{"embeddable":true,"href":"https:\/\/www.europesays.com\/fr\/wp-json\/wp\/v2\/users\/2"}],"replies":[{"embeddable":true,"href":"https:\/\/www.europesays.com\/fr\/wp-json\/wp\/v2\/comments?post=56234"}],"version-history":[{"count":0,"href":"https:\/\/www.europesays.com\/fr\/wp-json\/wp\/v2\/posts\/56234\/revisions"}],"wp:featuredmedia":[{"embeddable":true,"href":"https:\/\/www.europesays.com\/fr\/wp-json\/wp\/v2\/media\/56235"}],"wp:attachment":[{"href":"https:\/\/www.europesays.com\/fr\/wp-json\/wp\/v2\/media?parent=56234"}],"wp:term":[{"taxonomy":"category","embeddable":true,"href":"https:\/\/www.europesays.com\/fr\/wp-json\/wp\/v2\/categories?post=56234"},{"taxonomy":"post_tag","embeddable":true,"href":"https:\/\/www.europesays.com\/fr\/wp-json\/wp\/v2\/tags?post=56234"}],"curies":[{"name":"wp","href":"https:\/\/api.w.org\/{rel}","templated":true}]}}