{"id":562405,"date":"2025-11-27T14:02:11","date_gmt":"2025-11-27T14:02:11","guid":{"rendered":"https:\/\/www.europesays.com\/fr\/562405\/"},"modified":"2025-11-27T14:02:11","modified_gmt":"2025-11-27T14:02:11","slug":"sncf-ouigo-renforce-son-offre-de-trains-au-depart-des-gares-de-paris-voici-les-villes-desservies","status":"publish","type":"post","link":"https:\/\/www.europesays.com\/fr\/562405\/","title":{"rendered":"SNCF. Ouigo renforce son offre de trains au d\u00e9part des gares de Paris : voici les villes desservies"},"content":{"rendered":"<p>                    Par<br \/>\n        <strong><br \/>\n            <a href=\"https:\/\/actu.fr\/auteur\/redaction-paris\" title=\"Consulter tous les articles de R\u00e9daction Paris\" target=\"_blank\" rel=\"noopener\">R\u00e9daction Paris<\/a><br \/>\n                    <\/strong><\/p>\n<p>        Publi\u00e9 le<\/p>\n<p>            27 nov. 2025 \u00e0 14h44        <\/p>\n<p>La <a href=\"https:\/\/actu.fr\/tag\/sncf\" target=\"_blank\" rel=\"noopener\">SNCF<\/a> a choisi ce jeudi 27 novembre 2025 pour d\u00e9voiler son plan de d\u00e9veloppement des trains <a href=\"https:\/\/actu.fr\/tag\/ouigo\" target=\"_blank\" rel=\"noopener\">Ouigo<\/a> pour les ann\u00e9es \u00e0 venir. L\u2019entreprise ferroviaire \u00ab\u00a0vise \u00e0 atteindre 30 % du march\u00e9 de la grande vitesse\u00a0\u00bb d\u2019ici 2030. Pour ce faire, <strong>plusieurs lignes au d\u00e9part de Paris<\/strong> vont \u00eatre renforc\u00e9es. Explications.<\/p>\n<p>Objectif : 200 millions de voyageurs<\/p>\n<p class=\" wall-content\"><a href=\"https:\/\/actu.fr\/ile-de-france\/paris_75056\/pays-basque-strasbourg-lyon-comment-la-sncf-veut-renforcer-ses-lignes-ouigo-au-depart-de-paris_61210455.html\" target=\"_blank\" rel=\"noopener\">Annonc\u00e9e au printemps 2024<\/a>, la liaison quotidienne entre Paris et Hendaye, via Bordeaux, Dax, Bayonne et Biarritz, sera lanc\u00e9e \u00e0 partir du 14 d\u00e9cembre 2025. Cette nouvelle liaison se traduira par un <strong>aller-retour journalier<\/strong> toute l\u2019ann\u00e9e, offrant ainsi une fr\u00e9quence suppl\u00e9mentaire pour Bordeaux.<\/p>\n<p class=\" wall-content\">Nouveaut\u00e9 pour 2026 : la ligne <strong>Paris-Rennes<\/strong> s\u2019\u00e9toffera d\u2019un troisi\u00e8me aller-retour \u00e0 grande vitesse, compl\u00e9tant ainsi les deux allers-retours d\u00e9j\u00e0 existants. La ligne\u00a0<strong>Paris-Montpellier<\/strong> via Lyon-Saint-Exupery b\u00e9n\u00e9ficiera, \u00e0 l\u2019\u00e9t\u00e9 2026, d\u2019un troisi\u00e8me aller-retour en Ouigo Grande Vitesse. La ligne <strong>Paris<\/strong> \u2013 <strong>Lyon<\/strong> n\u2019est pas en reste : \u00e0 partir de d\u00e9cembre 2026, un troisi\u00e8me aller-retour sera ajout\u00e9 du vendredi au lundi.\u00a0<\/p>\n<p class=\" wall-content\">\u00ab\u00a0D\u2019ici 2030, nous allons avoir 30 % de rames en plus, 30 % de places de plus et 30% de voyageurs en plus sur le r\u00e9seau Ouigo\u00a0\u00bb a expliqu\u00e9 Alain Krakovitch, directeur des trains TGV et Intercit\u00e9s au sein de SNCF Voyageurs, selon lequel l\u2019entreprise ferroviaire ambitionne d\u2019atteindre <strong>\u00ab\u00a0200 millions de voyageurs\u00a0\u00bb<\/strong> sur l\u2019ensemble de son r\u00e9seau TGV en Europe qui comporte aussi la gamme Inoui, ainsi que Eurostar.<\/p>\n<p class=\" wall-content\">Pour y parvenir, Ouigo va recycler et <strong>r\u00e9nover compl\u00e8tement les rames <\/strong>de TGV qui sortiront bient\u00f4t de la flotte InOui, remplac\u00e9es par des rames neuves construites par Alstom. Ouigo devrait ainsi voir sa flotte passer \u00e0 50 rames, contre 38 actuellement.<\/p>\n<p class=\" wall-content\">Avec AFP.<\/p>\n<p class=\" wall-content\">Personnalisez votre actualit\u00e9 en ajoutant vos villes et m\u00e9dias en favori avec <a href=\"https:\/\/moncompte.actu.fr\" title=\"D\u00e9couvez Mon Actu\" rel=\"nofollow noopener\" data-trk=\"{&quot;cta&quot;:{&quot;action&quot;:&quot;https:\\\/\\\/moncompte.actu.fr&quot;,&quot;category&quot;:&quot;mon compte&quot;,&quot;from&quot;:&quot;article footer&quot;,&quot;name&quot;:&quot;Mon actu&quot;,&quot;type&quot;:&quot;cta&quot;}}\" target=\"_blank\">Mon Actu<\/a>.<\/p>\n","protected":false},"excerpt":{"rendered":"Par R\u00e9daction Paris Publi\u00e9 le 27 nov. 2025 \u00e0 14h44 La SNCF a choisi ce jeudi 27 novembre&hellip;\n","protected":false},"author":2,"featured_media":562406,"comment_status":"","ping_status":"","sticky":false,"template":"","format":"standard","meta":{"footnotes":""},"categories":[1888],"tags":[1111,1928,11,1927,1777,674,1011,27,12,1926,23443,626,1925,25,2215,104],"class_list":{"0":"post-562405","1":"post","2":"type-post","3":"status-publish","4":"format-standard","5":"has-post-thumbnail","7":"category-paris","8":"tag-actu","9":"tag-actu-paris","10":"tag-actualites","11":"tag-actualites-paris","12":"tag-eu","13":"tag-europe","14":"tag-fr","15":"tag-france","16":"tag-news","17":"tag-news-paris","18":"tag-ouigo","19":"tag-paris","20":"tag-paris-news","21":"tag-republique-francaise","22":"tag-sncf","23":"tag-societe"},"share_on_mastodon":{"url":"","error":""},"_links":{"self":[{"href":"https:\/\/www.europesays.com\/fr\/wp-json\/wp\/v2\/posts\/562405","targetHints":{"allow":["GET"]}}],"collection":[{"href":"https:\/\/www.europesays.com\/fr\/wp-json\/wp\/v2\/posts"}],"about":[{"href":"https:\/\/www.europesays.com\/fr\/wp-json\/wp\/v2\/types\/post"}],"author":[{"embeddable":true,"href":"https:\/\/www.europesays.com\/fr\/wp-json\/wp\/v2\/users\/2"}],"replies":[{"embeddable":true,"href":"https:\/\/www.europesays.com\/fr\/wp-json\/wp\/v2\/comments?post=562405"}],"version-history":[{"count":0,"href":"https:\/\/www.europesays.com\/fr\/wp-json\/wp\/v2\/posts\/562405\/revisions"}],"wp:featuredmedia":[{"embeddable":true,"href":"https:\/\/www.europesays.com\/fr\/wp-json\/wp\/v2\/media\/562406"}],"wp:attachment":[{"href":"https:\/\/www.europesays.com\/fr\/wp-json\/wp\/v2\/media?parent=562405"}],"wp:term":[{"taxonomy":"category","embeddable":true,"href":"https:\/\/www.europesays.com\/fr\/wp-json\/wp\/v2\/categories?post=562405"},{"taxonomy":"post_tag","embeddable":true,"href":"https:\/\/www.europesays.com\/fr\/wp-json\/wp\/v2\/tags?post=562405"}],"curies":[{"name":"wp","href":"https:\/\/api.w.org\/{rel}","templated":true}]}}