{"id":562409,"date":"2025-11-27T14:04:39","date_gmt":"2025-11-27T14:04:39","guid":{"rendered":"https:\/\/www.europesays.com\/fr\/562409\/"},"modified":"2025-11-27T14:04:39","modified_gmt":"2025-11-27T14:04:39","slug":"quinte-quinte-du-vendredi-28-novembre-a-vincennes-le-suedois-sandokan-peut-ouvrir-son-compteur-en-france","status":"publish","type":"post","link":"https:\/\/www.europesays.com\/fr\/562409\/","title":{"rendered":"Quint\u00e9+: Quint\u00e9+ du vendredi 28 novembre \u00e0 Vincennes : Le Su\u00e9dois Sandokan peut ouvrir son compteur en France"},"content":{"rendered":"<p><strong>Les partants du Quint\u00e9+ de ce vendredi 28 novembre<\/strong><strong style=\"float: left;margin-left: 2%;\">PRIX MELUSINA<\/strong><strong style=\"float: right;margin-right: 2%;\">VENDREDI 28 NOVEMBRE<\/strong><br \/>PARIS-VINCENNES &#8211; 2100 METRES &#8211; \u00a0<img decoding=\"async\" alt=\"picto_attele\" class=\"img2\" src=\"https:\/\/static.equidia.fr\/equidia\/discipline\/attele.svg\"\/>D\u00c9PART : 20H15<strong>Les forces en pr\u00e9sence<\/strong><\/p>\n<p style=\"text-align: justify;\">Troisi\u00e8me d&rsquo;un excellent lot \u00e0 Solvalla le 11 oct<a href=\"https:\/\/www.equidia.fr\/chevaux\/sandokan-swe?horse_uuid=dd472b02-08b7-458b-9965-460270b2b215\" target=\"_blank\" rel=\"noopener\">SANDOKAN (SWE) (6)<\/a> a ensuite mieux couru que ne l&rsquo;indique son classement brut dans le Prix Mizar (9e), disput\u00e9 sur le parcours qui nous int\u00e9resse. Il partira cette fois en premi\u00e8re ligne et peut renouer avec le succ\u00e8s, sous la conduite de Bj\u00f6rn Goop. L&rsquo;opposition sera men\u00e9e par <a href=\"https:\/\/www.equidia.fr\/chevaux\/max-occagnes?horse_uuid=ed94ac88-6d5a-44b4-9046-0f22280169ef\" target=\"_blank\" rel=\"noopener\">MAX OCCAGNES (5)<\/a>, convaincant derni\u00e8rement \u00e0 Cabourg et capable d&rsquo;adopter toutes les tactiques. <a href=\"https:\/\/www.equidia.fr\/chevaux\/hashtag-simoni?horse_uuid=9ca863c4-71b2-4f64-839e-89d31c0e1496\" target=\"_blank\" rel=\"noopener\">HASHTAG SIMONI (2)<\/a> effectue une rentr\u00e9e, mais son entourage n&rsquo;a certainement pas fait appel \u00e0 Eric Raffin pour faire de la figuration. Pr\u00e9sent en \u00ab\u00a0mode course\u00a0\u00bb apr\u00e8s trois parcours de remise en jambes, <a href=\"https:\/\/www.equidia.fr\/chevaux\/jovial-haufor?horse_uuid=045414b7-b5bd-4032-be0b-2d402159ea1f\" target=\"_blank\" rel=\"noopener\">JOVIAL HAUFOR (7)<\/a> d\u00e9tient une belle chance th\u00e9orique, au m\u00eame titre que <a href=\"https:\/\/www.equidia.fr\/chevaux\/job-des-louanges?horse_uuid=b66a625b-5ec8-464d-9925-8c8547ae7b64\" target=\"_blank\" rel=\"noopener\">JOB DES LOUANGES (1)<\/a>, qui retrouve un trac\u00e9 qu&rsquo;il affectionne. <a href=\"https:\/\/www.equidia.fr\/chevaux\/goodwin-zet?horse_uuid=b00d32fa-15f2-4cc6-927d-feaaba0c8cf6\" target=\"_blank\" rel=\"noopener\">GOODWIN ZET (14)<\/a> poss\u00e8de de s\u00e9rieuses r\u00e9f\u00e9rences et ne saurait \u00eatre jug\u00e9 sur ses d\u00e9buts fran\u00e7ais (9e), qui ont eu lieu au trot mont\u00e9. <a href=\"https:\/\/www.equidia.fr\/chevaux\/demidoff-cla?horse_uuid=be2828ab-cdd8-464e-a98a-e93d85ac4c8c\" target=\"_blank\" rel=\"noopener\">DEMIDOFF CLA (11)<\/a>, \u00e0 l&rsquo;aise sur les trac\u00e9s r\u00e9duits, ainsi que <a href=\"https:\/\/www.equidia.fr\/chevaux\/joss-aimef?horse_uuid=1e6c2783-a115-4d72-8695-4c2f596ec8e5\" target=\"_blank\" rel=\"noopener\">JOSS AIMEF (4)<\/a>, en grande condition mais sans r\u00e9elle marge, compl\u00e8tent notre s\u00e9lection.<\/p>\n<p><strong>Le prono de Micka\u00ebl AFRIAT<\/strong><\/p>\n<tr cellpadding=\"0\" cellspacing=\"10\" class=\"row5\" style=\"text-align: left; background-color: #FFFFFF; font-size: 130%;\">\n<td style=\"text-align: center;\">6<\/td>\n<td style=\"text-align: center;\">5<\/td>\n<td style=\"text-align: center;\">2<\/td>\n<td style=\"text-align: center;\">7<\/td>\n<td style=\"text-align: center;\">1<\/td>\n<td style=\"text-align: center;\">14<\/td>\n<td style=\"text-align: center;\">11<\/td>\n<td style=\"text-align: center;\">4<\/td>\n<\/tr>\n<tr class=\"row6\" style=\"text-align: center; background-color: #FFFFFF; column-width: 6rem;\">\n<td class=\"col6\"><img decoding=\"async\" alt=\"casaque_SANDOKAN (SWE)\" class=\"cas\" src=\"https:\/\/www.europesays.com\/fr\/wp-content\/uploads\/2025\/11\/20251128-r1c4p6-png.png\" style=\" width: 70%;\"\/><\/p>\n<p class=\"col10\" style=\"font-size: x-small; line-height: 11px;;\">SANDOKAN (SWE)<\/p>\n<\/td>\n<td class=\"col5\"><img decoding=\"async\" alt=\"casaque_MAX OCCAGNES\" class=\"cas\" src=\"https:\/\/www.europesays.com\/fr\/wp-content\/uploads\/2025\/11\/20251128-r1c4p5-png.png\" style=\" width: 70%;\"\/><\/p>\n<p class=\"col10\" style=\"font-size: x-small; line-height: 11px;;\">MAX OCCAGNES<\/p>\n<\/td>\n<td class=\"col2\"><img decoding=\"async\" alt=\"casaque_HASHTAG SIMONI\" class=\"cas\" src=\"https:\/\/www.europesays.com\/fr\/wp-content\/uploads\/2025\/11\/20251128-r1c4p2-png.png\" style=\" width: 70%;\"\/><\/p>\n<p class=\"col10\" style=\"font-size: x-small; line-height: 11px;;\">HASHTAG SIMONI<\/p>\n<\/td>\n<td class=\"col7\"><img decoding=\"async\" alt=\"casaque_JOVIAL HAUFOR\" class=\"cas\" src=\"https:\/\/www.europesays.com\/fr\/wp-content\/uploads\/2025\/11\/20251128-r1c4p7-png.png\" style=\" width: 70%;\"\/><\/p>\n<p class=\"col10\" style=\"font-size: x-small; line-height: 11px;;\">JOVIAL HAUFOR<\/p>\n<\/td>\n<td class=\"col1\"><img decoding=\"async\" alt=\"casaque_JOB DES LOUANGES\" class=\"cas\" src=\"https:\/\/www.europesays.com\/fr\/wp-content\/uploads\/2025\/11\/20251128-r1c4p1-png.png\" style=\" width: 70%;\"\/><\/p>\n<p class=\"col10\" style=\"font-size: x-small; line-height: 11px;;\">JOB DES LOUANGES<\/p>\n<\/td>\n<td class=\"col14\"><img decoding=\"async\" alt=\"casaque_GOODWIN ZET\" class=\"cas\" src=\"https:\/\/www.europesays.com\/fr\/wp-content\/uploads\/2025\/11\/20251128-r1c4p14-png.png\" style=\" width: 70%;\"\/><\/p>\n<p class=\"col10\" style=\"font-size: x-small; line-height: 11px;;\">GOODWIN ZET<\/p>\n<\/td>\n<td class=\"col11\"><img decoding=\"async\" alt=\"casaque_DEMIDOFF CLA\" class=\"cas\" src=\"https:\/\/www.europesays.com\/fr\/wp-content\/uploads\/2025\/11\/20251128-r1c4p11-png.png\" style=\" width: 70%;\"\/><\/p>\n<p class=\"col10\" style=\"font-size: x-small; line-height: 11px;;\">DEMIDOFF CLA<\/p>\n<\/td>\n<td class=\"col4\"><img decoding=\"async\" alt=\"casaque_JOSS AIMEF\" class=\"cas\" src=\"https:\/\/www.europesays.com\/fr\/wp-content\/uploads\/2025\/11\/20251128-r1c4p4-png.png\" style=\" width: 70%;\"\/><\/p>\n<p class=\"col10\" style=\"font-size: x-small; line-height: 11px;;\">JOSS AIMEF<\/p>\n<\/td>\n<\/tr>\n<p><a href=\"https:\/\/servedby.revive-adserver.net\/ck.php?n=a3265498&amp;cb=1234\" target=\"_blank\" rel=\"noopener\"><img decoding=\"async\" alt=\"\" border=\"0\" src=\"https:\/\/www.europesays.com\/fr\/wp-content\/uploads\/2025\/11\/1764252264_139_avw\"\/><\/a><\/p>\n<p><strong>Les partants en d\u00e9tail (par M. AFRIAT) et l&rsquo;avis des pros (par C. Martineau)<\/strong><\/p>\n<p id=\"ch_JOB DES LOUANGES\" style=\"margin-bottom: 1%;\"><a href=\"https:\/\/www.equidia.fr\/chevaux\/job-des-louanges?horse_uuid=b66a625b-5ec8-464d-9925-8c8547ae7b64\" target=\"_blank\" rel=\"noopener\">1 &#8211; \u00a0<img decoding=\"async\" alt=\"casaque_JOB DES LOUANGES\" src=\"https:\/\/www.europesays.com\/fr\/wp-content\/uploads\/2025\/11\/1764252265_632_20251128-r1c4p1-png.png\" style=\"width: 4.5%; margin :0; vertical-align : middle;\"\/>\u00a0\u00a0JOB DES LOUANGES<\/a><\/p>\n<p style=\"text-align: justify;\">En trois essais sur ce parcours, ce brave trotteur n&rsquo;a jamais d\u00e9\u00e7u, sans toutefois parvenir \u00e0 s&rsquo;imposer. Il est en pleine forme et se pr\u00e9sentera totalement d\u00e9ferr\u00e9, configuration dans laquelle il affiche 78 % de r\u00e9ussite dans les cinq premiers. Sans incident, sa place est dans l&rsquo;arriv\u00e9e.<\/p>\n<p><strong>Christophe Flirden, entra\u00eeneur : <\/strong><\/p>\n<p style=\"text-align: justify;\">\u00ab Job des Louanges (1) est vraiment top physiquement. Je le d\u00e9ferre tr\u00e8s rarement des quatre pieds et ce sera le cas ce vendredi. Il a beaucoup de vitesse et sa position dans la corde n&rsquo;est pas d\u00e9rangeante. Nous verrons o\u00f9 cela nous m\u00e8ne dans ce lot de qualit\u00e9, mais j&rsquo;en attends une belle prestation. \u00bb<\/p>\n<p id=\"ch_HASHTAG SIMONI\" style=\"margin-bottom: 1%;\"><a href=\"https:\/\/www.equidia.fr\/chevaux\/hashtag-simoni?horse_uuid=9ca863c4-71b2-4f64-839e-89d31c0e1496\" target=\"_blank\" rel=\"noopener\">2 &#8211; \u00a0<img decoding=\"async\" alt=\"casaque_HASHTAG SIMONI\" src=\"https:\/\/www.europesays.com\/fr\/wp-content\/uploads\/2025\/11\/1764252266_626_20251128-r1c4p2-png.png\" style=\"width: 4.5%; margin :0; vertical-align : middle;\"\/>\u00a0\u00a0HASHTAG SIMONI<\/a><\/p>\n<p style=\"text-align: justify;\">Ce prot\u00e9g\u00e9 d&rsquo;Erik Bondo est certes absent depuis le 13 ao\u00fbt, mais il se pr\u00e9sentera d&#8217;embl\u00e9e en \u00ab\u00a0mode course\u00a0\u00bb, avec Eric Raffin au sulky. Il n&rsquo;a plus rien \u00e0 prouver sur les parcours de vitesse et d\u00e9couvre un lot \u00e0 sa port\u00e9e. S&rsquo;il est assez aff\u00fbt\u00e9, il sera dans la bataille.<\/p>\n<p><strong>Erik Bondo, entra\u00eeneur : <\/strong><\/p>\n<p style=\"text-align: justify;\">\u00ab Hashtag Simoni (2) n&rsquo;a plus \u00e9t\u00e9 vu en comp\u00e9tition depuis ao\u00fbt. Il pourrait avoir besoin d&rsquo;une vraie course pour retrouver toutes ses sensations, mais il m&rsquo;a donn\u00e9 satisfaction \u00e0 l&rsquo;entra\u00eenement. Avec cette bonne position au d\u00e9part, il devrait lutter pour les places. \u00bb<\/p>\n<p id=\"ch_JAGUAR BOURBON\" style=\"margin-bottom: 1%;\"><a href=\"https:\/\/www.equidia.fr\/chevaux\/jaguar-bourbon?horse_uuid=e33c7534-3a7a-4503-9503-159f50b38c50\" target=\"_blank\" rel=\"noopener\">3 &#8211; \u00a0<img decoding=\"async\" alt=\"casaque_JAGUAR BOURBON\" src=\"https:\/\/www.europesays.com\/fr\/wp-content\/uploads\/2025\/11\/20251128-r1c4p3-png.png\" style=\"width: 4.5%; margin :0; vertical-align : middle;\"\/>\u00a0\u00a0JAGUAR BOURBON<\/a><\/p>\n<p style=\"text-align: justify;\">Cet ex-pensionnaire de S\u00e9bastien Guarato a r\u00e9alis\u00e9 une bonne saison en province, en se produisant exclusivement sur les parcours de longue haleine. Il a d\u00e9j\u00e0 gagn\u00e9 sur un trac\u00e9 r\u00e9duit, mais s&rsquo;est montr\u00e9 d\u00e9cevant en dernier lieu \u00e0 La Capelle (5e) apr\u00e8s avoir anim\u00e9 la course. En bout de combinaison.<\/p>\n<p><strong>Esteban de J\u00e9sus, driver : <\/strong><\/p>\n<p style=\"text-align: justify;\">\u00ab Jaguar Bourbon (3) a h\u00e9rit\u00e9 d&rsquo;une position initiale favorable. Il est en forme et va, encore une fois, faire de son mieux. Face \u00e0 cette opposition \u00e9trang\u00e8re, nous sommes peut-\u00eatre barr\u00e9s pour le podium. Il sera seulement d\u00e9ferr\u00e9 des ant\u00e9rieurs, comme derni\u00e8rement \u00e0 La Capelle. Dans cette configuration, il ne se fait pas mal aux fanons, donc ce n&rsquo;est pas un handicap, surtout sur une aussi courte distance. Je compte sur lui pour les places. \u00bb<\/p>\n<p id=\"ch_JOSS AIMEF\" style=\"margin-bottom: 1%;\"><a href=\"https:\/\/www.equidia.fr\/chevaux\/joss-aimef?horse_uuid=1e6c2783-a115-4d72-8695-4c2f596ec8e5\" target=\"_blank\" rel=\"noopener\">4 &#8211; \u00a0<img decoding=\"async\" alt=\"casaque_JOSS AIMEF\" src=\"https:\/\/www.europesays.com\/fr\/wp-content\/uploads\/2025\/11\/1764252268_989_20251128-r1c4p4-png.png\" style=\"width: 4.5%; margin :0; vertical-align : middle;\"\/>\u00a0\u00a0JOSS AIMEF<\/a><\/p>\n<p style=\"text-align: justify;\">Ce cheval \u00e9clectique est en grande forme et b\u00e9n\u00e9ficie d&rsquo;un engagement favorable, \u00e0 seulement 1 780 \u20ac du plafond des gains. Il est plus confirm\u00e9 sur les longues distances, mais poss\u00e8de suffisamment de vitesse pour s&rsquo;adapter \u00e0 ce trac\u00e9. Bien que d\u00e9pourvu de marge, il peut viser la quatri\u00e8me ou cinqui\u00e8me place.<\/p>\n<p><strong>L&rsquo;avis du reporter : <\/strong><\/p>\n<p style=\"text-align: justify;\">\u00ab Joss Aimef (4) reste sur de bonnes tentatives. Il aborde cet engagement avec de la fra\u00eecheur, mais n&rsquo;a pas de r\u00e9f\u00e9rences sur cette distance. Sa position derri\u00e8re la voiture pourrait compenser son manque de marge et lui permettre d&rsquo;accrocher un lot. Nous lui en pr\u00e9f\u00e9rons d&rsquo;autres, mais il n&rsquo;est pas \u00e0 exclure pour une place en bout de combinaison. \u00bb<\/p>\n<p id=\"ch_MAX OCCAGNES\" style=\"margin-bottom: 1%;\"><a href=\"https:\/\/www.equidia.fr\/chevaux\/max-occagnes?horse_uuid=ed94ac88-6d5a-44b4-9046-0f22280169ef\" target=\"_blank\" rel=\"noopener\">5 &#8211; \u00a0<img decoding=\"async\" alt=\"casaque_MAX OCCAGNES\" src=\"https:\/\/www.europesays.com\/fr\/wp-content\/uploads\/2025\/11\/1764252269_434_20251128-r1c4p5-png.png\" style=\"width: 4.5%; margin :0; vertical-align : middle;\"\/>\u00a0\u00a0MAX OCCAGNES<\/a><\/p>\n<p style=\"text-align: justify;\">Ce fils de Traders a \u00e9chou\u00e9 lors de ses deux essais \u00e0 Vincennes, mais il vient de prouver sa forme et trouve ici une opposition largement \u00e0 sa port\u00e9e. D\u00e9ferr\u00e9 des post\u00e9rieurs \u00e0 nouveau et id\u00e9alement plac\u00e9 derri\u00e8re la voiture, il sera logiquement tr\u00e8s en vue.<\/p>\n<p><strong>Dominik Locqueneux, entra\u00eeneur : <\/strong><\/p>\n<p style=\"text-align: justify;\">\u00ab Max Occagnes (5) se pr\u00e9sente en pleine forme. Il est absent depuis sa victoire de Cabourg \u00e0 la mi-octobre, mais il a travaill\u00e9 comme je le souhaitais pour arriver sur cet engagement. Il est d\u00e9licat au d\u00e9marrage, m\u00eame derri\u00e8re l&rsquo;autostart : il faudra donc rester vigilant. Sage au d\u00e9part, il devrait figurer dans la combinaison gagnante du Quint\u00e9+. \u00bb<\/p>\n<p id=\"ch_SANDOKAN (SWE)\" style=\"margin-bottom: 1%;\"><a href=\"https:\/\/www.equidia.fr\/chevaux\/sandokan-swe?horse_uuid=dd472b02-08b7-458b-9965-460270b2b215\" target=\"_blank\" rel=\"noopener\">6 &#8211; \u00a0<img decoding=\"async\" alt=\"casaque_SANDOKAN (SWE)\" src=\"https:\/\/www.europesays.com\/fr\/wp-content\/uploads\/2025\/11\/1764252270_579_20251128-r1c4p6-png.png\" style=\"width: 4.5%; margin :0; vertical-align : middle;\"\/>\u00a0\u00a0SANDOKAN (SWE)<\/a><\/p>\n<p style=\"text-align: justify;\">En dernier lieu, sur ce trac\u00e9, il a trac\u00e9 une fin de course tr\u00e8s encourageante au second plan. Il d\u00e9couvre ici un lot nettement moins relev\u00e9, avec un meilleur num\u00e9ro derri\u00e8re l&rsquo;autostart. Avec un parcours sans encombre, il a les moyens de mettre tout le monde d&rsquo;accord. Notre favori !<\/p>\n<p><strong>David Persson, entra\u00eeneur : <\/strong><\/p>\n<p style=\"text-align: justify;\">\u00ab La fin de course de Sandokan (6) le 14 novembre m&rsquo;a donn\u00e9 enti\u00e8re satisfaction. Je suis en confiance avec lui pour aborder cet engagement de vendredi. Cette fois, il d\u00e9marrera en premi\u00e8re ligne. Il est parfait au travail et je le pense capable de gagner d\u00e8s vendredi. Bien s\u00fbr, il faudra compter sur un parcours favorable, mais sinc\u00e8rement j&rsquo;ai h\u00e2te de le voir courir. Tous les feux sont au vert. \u00bb<\/p>\n<p id=\"ch_JOVIAL HAUFOR\" style=\"margin-bottom: 1%;\"><a href=\"https:\/\/www.equidia.fr\/chevaux\/jovial-haufor?horse_uuid=045414b7-b5bd-4032-be0b-2d402159ea1f\" target=\"_blank\" rel=\"noopener\">7 &#8211; \u00a0<img decoding=\"async\" alt=\"casaque_JOVIAL HAUFOR\" src=\"https:\/\/www.europesays.com\/fr\/wp-content\/uploads\/2025\/11\/1764252270_455_20251128-r1c4p7-png.png\" style=\"width: 4.5%; margin :0; vertical-align : middle;\"\/>\u00a0\u00a0JOVIAL HAUFOR<\/a><\/p>\n<p style=\"text-align: justify;\">Apr\u00e8s trois parcours de remise en jambes, cet \u00e9l\u00e8ve de Christian Bigeon se pr\u00e9sentera en configuration course. L&rsquo;hiver dernier, il avait laiss\u00e9 de belles impressions, sans parvenir \u00e0 s&rsquo;imposer, mais face \u00e0 des lots plus relev\u00e9s. Tous les voyants semblent au vert pour le voir se r\u00e9habiliter.<\/p>\n<p><strong>Christian Bigeon, entra\u00eeneur : <\/strong><\/p>\n<p style=\"text-align: justify;\">\u00ab La mont\u00e9e en puissance de Jovial Haufor (7) est satisfaisante et il aborde ce premier objectif dans de bonnes dispositions. Il d\u00e9marrera un peu au large, il ne faudra donc pas faire trop d&rsquo;efforts pour se placer. Il avait bien fait sur ce parcours l&rsquo;an pass\u00e9 et devrait fournir une bonne valeur. Je suis assez confiant. \u00bb<\/p>\n<p id=\"ch_JACK L'EVENTREUR\" style=\"margin-bottom: 1%;\"><a href=\"https:\/\/www.equidia.fr\/chevaux\/jack-leventreur?horse_uuid=256a70d5-b6d7-4c47-a878-27898bbc45f6\" target=\"_blank\" rel=\"noopener\">8 &#8211; \u00a0<img decoding=\"async\" alt=\"casaque_JACK L'EVENTREUR\" src=\"https:\/\/www.europesays.com\/fr\/wp-content\/uploads\/2025\/11\/20251128-r1c4p8-png.png\" style=\"width: 4.5%; margin :0; vertical-align : middle;\"\/>\u00a0\u00a0JACK L&rsquo;EVENTREUR<\/a><\/p>\n<p style=\"text-align: justify;\">Ce repr\u00e9sentant de Maurice Maige souffle le chaud et le froid. Il a h\u00e9rit\u00e9 d&rsquo;un num\u00e9ro peu enviable et semble un ton en dessous des principaux favoris, qui partiront, pour la plupart, en dedans. M\u00eame s&rsquo;il se pr\u00e9sentera totalement d\u00e9ferr\u00e9 cette fois, d&rsquo;autres concurrents lui sont pr\u00e9f\u00e9rables.<\/p>\n<p><strong>C\u00e9dric Terry, driver : <\/strong><\/p>\n<p style=\"text-align: justify;\">\u00ab Jack l&rsquo;Eventreur (8) a h\u00e9rit\u00e9 d&rsquo;une position en dehors derri\u00e8re la voiture, et il n&rsquo;est donc pas \u00e9vident de faire des plans sur la com\u00e8te. Cependant, je sais que mon cheval est en forme. Il ne faut pas le juger sur sa disqualification \u00e0 Auch au d\u00e9part. \u00c0 la volte, il est d\u00e9licat. Ce vendredi, il faudra pouvoir se \u00ab\u00a0garer\u00a0\u00bb et profiter d&rsquo;un bon parcours pour esp\u00e9rer une place en bout de combinaison. \u00bb<\/p>\n<p id=\"ch_JACK DU BARBEY\" style=\"margin-bottom: 1%;\"><a href=\"https:\/\/www.equidia.fr\/chevaux\/jack-du-barbey?horse_uuid=309c0c75-03a9-4c02-9756-37427277ba9b\" target=\"_blank\" rel=\"noopener\">9 &#8211; \u00a0<img decoding=\"async\" alt=\"casaque_JACK DU BARBEY\" src=\"https:\/\/www.europesays.com\/fr\/wp-content\/uploads\/2025\/11\/20251128-r1c4p9-png.png\" style=\"width: 4.5%; margin :0; vertical-align : middle;\"\/>\u00a0\u00a0JACK DU BARBEY<\/a><\/p>\n<p style=\"text-align: justify;\">Ce hongre a r\u00e9alis\u00e9 un \u00e9t\u00e9 parfait et affectionne les trac\u00e9s de vitesse. N\u00e9anmoins, il effectue sa rentr\u00e9e et a h\u00e9rit\u00e9 d&rsquo;un num\u00e9ro d\u00e9licat. Pr\u00e9sent\u00e9 avec ses fers, ce qui ne lui est plus arriv\u00e9 depuis mai 2024, il peut \u00eatre \u00e9cart\u00e9.<\/p>\n<p><strong>Christophe Martens, driver : <\/strong><\/p>\n<p style=\"text-align: justify;\">\u00ab Jack du Barbey (9) va retrouver le chemin de la comp\u00e9tition apr\u00e8s une pause. Il aura besoin de reprendre le rythme des courses. Ferr\u00e9 et avec cette position initiale, il n&rsquo;a pas de chance. \u00bb<\/p>\n<p id=\"ch_JAMBIER\" style=\"margin-bottom: 1%;\"><a href=\"https:\/\/www.equidia.fr\/chevaux\/jambier?horse_uuid=e5a7a416-810b-49da-9aeb-b684642423ab\" target=\"_blank\" rel=\"noopener\">10 &#8211; \u00a0<img decoding=\"async\" alt=\"casaque_JAMBIER\" src=\"https:\/\/www.europesays.com\/fr\/wp-content\/uploads\/2025\/11\/20251128-r1c4p10-png.png\" style=\"width: 4.5%; margin :0; vertical-align : middle;\"\/>\u00a0\u00a0JAMBIER<\/a><\/p>\n<p style=\"text-align: justify;\">Dou\u00e9 dans les sp\u00e9cialit\u00e9s, ce fils d&rsquo;Artiste de Joudes a toutefois beaucoup d\u00e9\u00e7u ces derniers temps. Il vient d&rsquo;int\u00e9grer l&rsquo;\u00e9curie d&rsquo;Antonin Andr\u00e9 mais aurait sans doute pr\u00e9f\u00e9r\u00e9 une distance plus longue. M\u00eame s&rsquo;il n&rsquo;est pas hors d&rsquo;affaire en valeur pure, il demeure difficile \u00e0 recommander pour l&rsquo;instant.<\/p>\n<p><strong>Antonin Andr\u00e9, entra\u00eeneur et driver : <\/strong><\/p>\n<p style=\"text-align: justify;\">\u00ab Je vais d\u00e9couvrir en comp\u00e9tition le d\u00e9licat Jambier (10). Le changement d&rsquo;environnement peut lui \u00eatre b\u00e9n\u00e9fique. Il est arriv\u00e9 pr\u00eat physiquement. Il ne faudra pas qu&rsquo;il se mette en route sur cette distance, mais si j&rsquo;arrive \u00e0 l&rsquo;avoir d\u00e9contract\u00e9, il peut accrocher une place. \u00bb<\/p>\n<p id=\"ch_DEMIDOFF CLA\" style=\"margin-bottom: 1%;\"><a href=\"https:\/\/www.equidia.fr\/chevaux\/demidoff-cla?horse_uuid=be2828ab-cdd8-464e-a98a-e93d85ac4c8c\" target=\"_blank\" rel=\"noopener\">11 &#8211; \u00a0<img decoding=\"async\" alt=\"casaque_DEMIDOFF CLA\" src=\"https:\/\/www.europesays.com\/fr\/wp-content\/uploads\/2025\/11\/1764252273_841_20251128-r1c4p11-png.png\" style=\"width: 4.5%; margin :0; vertical-align : middle;\"\/>\u00a0\u00a0DEMIDOFF CLA<\/a><\/p>\n<p style=\"text-align: justify;\">En dernier lieu, sur ce parcours, il pouvait encore pr\u00e9tendre \u00e0 une place lorsqu&rsquo;il s&rsquo;est montr\u00e9 fautif dans le dernier tournant. Il n&rsquo;est pas toujours fiable mais adore les trac\u00e9s de vitesse. Il partira en seconde ligne et aura le dos d&rsquo;HASHTAG SIMONI (2), qui d\u00e9tient une belle chance th\u00e9orique. Bon outsider.<\/p>\n<p><strong>Erik Bondo, entra\u00eeneur : <\/strong><\/p>\n<p style=\"text-align: justify;\">\u00ab Demidoff Cla (11) se retrouve derri\u00e8re son compagnon de boxes au d\u00e9part. Cette position initiale est donc int\u00e9ressante. Cela dit, l&rsquo;opposition est de qualit\u00e9 et il lui faudra compter sur un bon d\u00e9roulement de course pour se mettre en \u00e9vidence. \u00bb<\/p>\n<p id=\"ch_JACQUES MEARAS\" style=\"margin-bottom: 1%;\"><a href=\"https:\/\/www.equidia.fr\/chevaux\/jacques-mearas?horse_uuid=97403ccc-7c29-4400-8470-3aae7f073461\" target=\"_blank\" rel=\"noopener\">12 &#8211; \u00a0<img decoding=\"async\" alt=\"casaque_JACQUES MEARAS\" src=\"https:\/\/www.europesays.com\/fr\/wp-content\/uploads\/2025\/11\/20251128-r1c4p12-png.png\" style=\"width: 4.5%; margin :0; vertical-align : middle;\"\/>\u00a0\u00a0JACQUES MEARAS<\/a><\/p>\n<p style=\"text-align: justify;\">Ce fils de Ready Cash poss\u00e8de quelques lignes int\u00e9ressantes en Su\u00e8de, ainsi que des chronos honorables. N\u00e9anmoins, il est absent depuis fin septembre et d\u00e9couvrira Vincennes. Il est aussi difficile \u00e0 recommander qu&rsquo;\u00e0 \u00e9carter totalement.<\/p>\n<p><strong>Erik Bondo, entra\u00eeneur : <\/strong><\/p>\n<p style=\"text-align: justify;\">\u00ab Je vais d\u00e9couvrir en comp\u00e9tition Jacques Mearas (12). Jug\u00e9 sur ses exercices du matin, il me para\u00eet dans de bonnes dispositions physiques. J&rsquo;en saurai plus apr\u00e8s la course, mais il devrait courir convenablement. \u00bb<\/p>\n<p id=\"ch_FIORANO\" style=\"margin-bottom: 1%;\"><a href=\"https:\/\/www.equidia.fr\/chevaux\/fiorano-3?horse_uuid=5872ca14-236e-4998-b6a8-ae1da5efefac\" target=\"_blank\" rel=\"noopener\">13 &#8211; \u00a0<img decoding=\"async\" alt=\"casaque_FIORANO\" src=\"https:\/\/www.europesays.com\/fr\/wp-content\/uploads\/2025\/11\/20251128-r1c4p13-png.png\" style=\"width: 4.5%; margin :0; vertical-align : middle;\"\/>\u00a0\u00a0FIORANO<\/a><\/p>\n<p style=\"text-align: justify;\">Arriv\u00e9 chez Alain Chavatte en cours d&rsquo;ann\u00e9e, il n&rsquo;a pu convaincre lors de ses quatre premi\u00e8res sorties pour son nouvel entourage. Ses r\u00e9f\u00e9rences \u00e0 4 et 5 ans lui conf\u00e8rent une chance th\u00e9orique en pareille soci\u00e9t\u00e9, mais son \u00e9tat de forme reste incertain. Il doit rassurer.<\/p>\n<p><strong>Arnaud Chavatte, fils de l&rsquo;entra\u00eeneur : <\/strong><\/p>\n<p style=\"text-align: justify;\">\u00ab Fiorano (13) sera totalement d\u00e9ferr\u00e9 cette fois. Nous mettons tous les atouts de notre c\u00f4t\u00e9 pour \u00eatre le plus performant possible. Il n&rsquo;a pas de marge dans cette cat\u00e9gorie et devra b\u00e9n\u00e9ficier d&rsquo;un bon d\u00e9roulement pour accrocher une place. \u00bb<\/p>\n<p id=\"ch_GOODWIN ZET\" style=\"margin-bottom: 1%;\"><a href=\"https:\/\/www.equidia.fr\/chevaux\/goodwin-zet?horse_uuid=b00d32fa-15f2-4cc6-927d-feaaba0c8cf6\" target=\"_blank\" rel=\"noopener\">14 &#8211; \u00a0<img decoding=\"async\" alt=\"casaque_GOODWIN ZET\" src=\"https:\/\/www.europesays.com\/fr\/wp-content\/uploads\/2025\/11\/1764252276_521_20251128-r1c4p14-png.png\" style=\"width: 4.5%; margin :0; vertical-align : middle;\"\/>\u00a0\u00a0GOODWIN ZET<\/a><\/p>\n<p style=\"text-align: justify;\">Il poss\u00e8de de solides r\u00e9f\u00e9rences en Su\u00e8de et en Finlande, notamment une ligne avec Dozen of Oysters, remarquable dans le tr\u00e8s relev\u00e9 Quint\u00e9+ du 20 novembre. M\u00eame s&rsquo;il a \u00e9t\u00e9 largement domin\u00e9 lors de son premier essai \u00e0 Vincennes, au trot mont\u00e9, il ne faut pas le juger trop s\u00e9v\u00e8rement.<\/p>\n<p><strong>L&rsquo;avis du reporter : <\/strong><\/p>\n<p style=\"text-align: justify;\">\u00ab Goodwin Zet (14) allie vitesse et tenue, qui est entra\u00een\u00e9 par un top entra\u00eeneur finlandais. Ses d\u00e9buts en France, le 16 novembre au trot mont\u00e9, ne comptent pas. D\u00e9ferr\u00e9 des ant\u00e9rieurs cette fois, il peut montrer un tout autre visage. \u00bb<\/p>\n<p id=\"ch_JOPLIN DES CROUAS\" style=\"margin-bottom: 1%;\"><a href=\"https:\/\/www.equidia.fr\/chevaux\/joplin-des-crouas?horse_uuid=69974697-bfbb-498f-ab4b-0c4b6baf709f\" target=\"_blank\" rel=\"noopener\">15 &#8211; \u00a0<img decoding=\"async\" alt=\"casaque_JOPLIN DES CROUAS\" src=\"https:\/\/www.europesays.com\/fr\/wp-content\/uploads\/2025\/11\/20251128-r1c4p15-png.png\" style=\"width: 4.5%; margin :0; vertical-align : middle;\"\/>\u00a0\u00a0JOPLIN DES CROUAS<\/a><\/p>\n<p style=\"text-align: justify;\">Ce fils de Ricimer n&rsquo;a plus go\u00fbt\u00e9 aux joies du podium depuis le 4 mai. Il a d\u00e9j\u00e0 gagn\u00e9 sur ce trac\u00e9 r\u00e9duit, mais reste tr\u00e8s susceptible. Ferr\u00e9 et mal plac\u00e9 derri\u00e8re l&rsquo;autostart, sa mission s&rsquo;annonce compliqu\u00e9e.<\/p>\n<p><strong>Herv\u00e9 Sionneau, entra\u00eeneur et driver : <\/strong><\/p>\n<p style=\"text-align: justify;\">\u00ab Joplin des Crouas (15) a connu un petit souci \u00e0 un pied, ce qui nous a fait manquer un engagement. Il retrouve cependant sa distance de pr\u00e9dilection. Il aime ce parcours car il pr\u00e9f\u00e8re les courses limpides et rythm\u00e9es. Il nous faudra profiter de bonnes circonstances pour esp\u00e9rer une place en bout de combinaison du Quint\u00e9+. \u00bb<\/p>\n<p><strong>Les favoris de la presse<\/strong><\/p>\n<p class=\"synthese\"><strong>SYNTH\u00c8SE \u00a0\u00a0\u00a0\u00a07\u00a0\u00a0&#8211;\u00a0\u00a02\u00a0\u00a0&#8211;\u00a0\u00a05\u00a0\u00a0&#8211;\u00a0\u00a06\u00a0\u00a0&#8211;\u00a0\u00a01\u00a0\u00a0&#8211;\u00a0\u00a04\u00a0\u00a0&#8211;\u00a0\u00a011\u00a0\u00a0&#8211;\u00a0\u00a03<\/strong><\/p>\n<p><a href=\"https:\/\/servedby.revive-adserver.net\/ck.php?n=aa10a822&amp;cb=1234\" target=\"_blank\" rel=\"noopener\"><img decoding=\"async\" alt=\"\" border=\"0\" src=\"https:\/\/www.europesays.com\/fr\/wp-content\/uploads\/2025\/11\/1764252278_511_avw\"\/><\/a><\/p>\n<p><strong>Les stats du jour<\/strong><\/p>\n<p><img decoding=\"async\" src=\"https:\/\/www.europesays.com\/fr\/wp-content\/uploads\/2025\/11\/1128_stats-web-jpg\"\/><\/p>\n","protected":false},"excerpt":{"rendered":"Les partants du Quint\u00e9+ de ce vendredi 28 novembrePRIX MELUSINAVENDREDI 28 NOVEMBREPARIS-VINCENNES &#8211; 2100 METRES &#8211; \u00a0D\u00c9PART :&hellip;\n","protected":false},"author":2,"featured_media":562410,"comment_status":"","ping_status":"","sticky":false,"template":"","format":"standard","meta":{"footnotes":""},"categories":[1888],"tags":[11,7635,1777,674,1011,27,12,626,1821,3015,25,7637],"class_list":{"0":"post-562409","1":"post","2":"type-post","3":"status-publish","4":"format-standard","5":"has-post-thumbnail","7":"category-paris","8":"tag-actualites","9":"tag-attele","10":"tag-eu","11":"tag-europe","12":"tag-fr","13":"tag-france","14":"tag-news","15":"tag-paris","16":"tag-pronostics","17":"tag-qrcode","18":"tag-republique-francaise","19":"tag-trot"},"share_on_mastodon":{"url":"https:\/\/pubeurope.com\/@fr\/115622045073227385","error":""},"_links":{"self":[{"href":"https:\/\/www.europesays.com\/fr\/wp-json\/wp\/v2\/posts\/562409","targetHints":{"allow":["GET"]}}],"collection":[{"href":"https:\/\/www.europesays.com\/fr\/wp-json\/wp\/v2\/posts"}],"about":[{"href":"https:\/\/www.europesays.com\/fr\/wp-json\/wp\/v2\/types\/post"}],"author":[{"embeddable":true,"href":"https:\/\/www.europesays.com\/fr\/wp-json\/wp\/v2\/users\/2"}],"replies":[{"embeddable":true,"href":"https:\/\/www.europesays.com\/fr\/wp-json\/wp\/v2\/comments?post=562409"}],"version-history":[{"count":0,"href":"https:\/\/www.europesays.com\/fr\/wp-json\/wp\/v2\/posts\/562409\/revisions"}],"wp:featuredmedia":[{"embeddable":true,"href":"https:\/\/www.europesays.com\/fr\/wp-json\/wp\/v2\/media\/562410"}],"wp:attachment":[{"href":"https:\/\/www.europesays.com\/fr\/wp-json\/wp\/v2\/media?parent=562409"}],"wp:term":[{"taxonomy":"category","embeddable":true,"href":"https:\/\/www.europesays.com\/fr\/wp-json\/wp\/v2\/categories?post=562409"},{"taxonomy":"post_tag","embeddable":true,"href":"https:\/\/www.europesays.com\/fr\/wp-json\/wp\/v2\/tags?post=562409"}],"curies":[{"name":"wp","href":"https:\/\/api.w.org\/{rel}","templated":true}]}}