{"id":562417,"date":"2025-11-27T14:08:19","date_gmt":"2025-11-27T14:08:19","guid":{"rendered":"https:\/\/www.europesays.com\/fr\/562417\/"},"modified":"2025-11-27T14:08:19","modified_gmt":"2025-11-27T14:08:19","slug":"usa-fusillade-a-washington-deux-membres-de-la-garde-nationale-blesses-27-11-2025-a-0617","status":"publish","type":"post","link":"https:\/\/www.europesays.com\/fr\/562417\/","title":{"rendered":"USA-Fusillade \u00e0 Washington, deux membres de la Garde nationale bless\u00e9s &#8211; 27\/11\/2025 \u00e0 06:17"},"content":{"rendered":"<p>\n (Actualis\u00e9 avec d\u00e9tails)\n<\/p>\n<p>\n par Jana Winter, Ted Hesson et Leah Douglas\n<\/p>\n<p>\n Deux membres de la<br \/>\nGarde nationale ont gri\u00e8vement bless\u00e9s mercredi apr\u00e8s avoir \u00e9t\u00e9<br \/>\ntouch\u00e9s par des tirs lors d&rsquo;une fusillade qui a \u00e9clat\u00e9 dans une<br \/>\nzone tr\u00e8s fr\u00e9quent\u00e9e de Washington, la capitale f\u00e9d\u00e9rale des<br \/>\nEtats-Unis.\n<\/p>\n<p>\n Le suspect a \u00e9t\u00e9 identifi\u00e9 par le d\u00e9partement am\u00e9ricain de<br \/>\nla S\u00e9curit\u00e9 int\u00e9rieure (DHS) comme \u00e9tant Rahmanullah Lakanwal,<br \/>\nun ressortissant Afghan. Le motif de l&rsquo;attaque reste encore \u00e0<br \/>\nd\u00e9terminer, ont dit les autorit\u00e9s.\n<\/p>\n<p>\n Rahmanullah Lakanwal est arriv\u00e9 aux Etats-Unis en 2021 dans<br \/>\nle cadre du programme \u00ab\u00a0Operation Allies Welcome\u00a0\u00bb, selon le DHS.\n<\/p>\n<p>\n Ce programme a \u00e9t\u00e9 mis en place durant la pr\u00e9sidence de Joe<br \/>\nBiden afin de permettre \u00e0 des milliers d&rsquo;Afghans ayant aid\u00e9 les<br \/>\nEtats-Unis lors de la guerre d&rsquo;Afghanistan et encourant des<br \/>\nrepr\u00e9sailles de la part des talibans de s&rsquo;\u00e9tablir aux Etats-Unis<br \/>\napr\u00e8s le retrait des forces am\u00e9ricaines.\n<\/p>\n<p>\n Rahmanullah Lakanwal, \u00e2g\u00e9 de 29 ans, avait d\u00e9pos\u00e9 une<br \/>\ndemande d&rsquo;asile en d\u00e9cembre 2024 qui a \u00e9t\u00e9 approuv\u00e9e le 23 avril<br \/>\ndernier, selon un responsable am\u00e9ricain qui a requis l&rsquo;anonymat.\n<\/p>\n<p>\n Il r\u00e9sidait dans l&rsquo;Etat de Washington et n&rsquo;avait aucun<br \/>\nant\u00e9c\u00e9dent judiciaire connu, a-t-il ajout\u00e9.\n<\/p>\n<p>\n Le pr\u00e9sident am\u00e9ricain Donald Trump, qui se trouve en<br \/>\nFloride en raison des cong\u00e9s de Thanksgiving, a diffus\u00e9 une<br \/>\nvid\u00e9o enregistr\u00e9e dans laquelle il qualifie la fusillade \u00ab\u00a0d&rsquo;acte<br \/>\nmalveillant, de haine et de terrorisme\u00a0\u00bb.\n<\/p>\n<p>\n Il a d\u00e9clar\u00e9 que son administration \u00ab\u00a0r\u00e9examinerait\u00a0\u00bb tous les<br \/>\nAfghans entr\u00e9s aux Etats-Unis durant la pr\u00e9sidence de Joe Biden.\n<\/p>\n<p>\n Les services de la citoyennet\u00e9 et de l&rsquo;immigration (USCIS)<br \/>\nont annonc\u00e9 tard mercredi la suspension imm\u00e9diate et d&rsquo;une dur\u00e9e<br \/>\nind\u00e9termin\u00e9e du \u00ab\u00a0traitement des demandes d&rsquo;immigrations<br \/>\nrelatives \u00e0 des ressortissants afghans\u00a0\u00bb en attendant un examen<br \/>\nde s\u00e9curit\u00e9 et des protocoles de v\u00e9rification.\n<\/p>\n<p>\n Les deux victimes, membres de la Garde nationale de<br \/>\nVirginie-Occidentale, effectuaient une \u00ab\u00a0patrouille \u00e0 haute<br \/>\nvisibilit\u00e9\u00a0\u00bb lorsque le suspect a surgi du coin d&rsquo;une rue et a<br \/>\nouvert le feu, a d\u00e9clar\u00e9 Jeff Carroll, chef adjoint de la police<br \/>\nm\u00e9tropolitaine.\n<\/p>\n<p>\n Apr\u00e8s un \u00e9change de tirs, d&rsquo;autres membres de la garde<br \/>\nnationale sont parvenus \u00e0 ma\u00eetriser le suspect, a-t-il indiqu\u00e9.<br \/>\nDes responsables ont fait savoir que le suspect semblait avoir<br \/>\nagi seul.\n<\/p>\n<p>\n Les deux victimes se trouvent dans un \u00e9tat critique, a<br \/>\nindiqu\u00e9 Kash Patel, directeur du FBI, lors d&rsquo;une conf\u00e9rence de<br \/>\npresse.\n<\/p>\n<p>\n \u00ab\u00a0Il s&rsquo;agit d&rsquo;une attaque cibl\u00e9e\u00a0\u00bb, a dit la maire de<br \/>\nWashington, Muriel Bowser.\n<\/p>\n<p>\n Donald Trump a ordonn\u00e9 en ao\u00fbt dernier le d\u00e9ploiement de la<br \/>\nGarde nationale \u00e0 Washington dans le cadre de sa politique<br \/>\ncontrovers\u00e9e de r\u00e9pression de l&rsquo;immigration et de la criminalit\u00e9<br \/>\nvisant les villes dirig\u00e9es par les d\u00e9mocrates.\n<\/p>\n<p>\n Environ 2.200 militaires de la Garde nationale sont d\u00e9ploy\u00e9s<br \/>\n\u00e0 Washington, dont des contingents du District de Columbia,<br \/>\nainsi que de la Louisiane, du Mississippi, de l&rsquo;Ohio, de la<br \/>\nCaroline du Sud, de la Virginie-Occidentale, de la G\u00e9orgie et de<br \/>\nl&rsquo;Alabama.\n<\/p>\n<p>\n Le secr\u00e9taire \u00e0 la D\u00e9fense, Pete Hegseth, a d\u00e9clar\u00e9 aux<br \/>\njournalistes que Donald Trump avait demand\u00e9 le d\u00e9ploiement de<br \/>\n500 soldats de la Garde nationale suppl\u00e9mentaires \u00e0 Washington \u00e0<br \/>\nla suite de la fusillade.\n<\/p>\n<p>\n (Avec Idrees Ali, Jeff Mason, Steve Gorman, Kanishka Singh,<br \/>\nPhil Stewart, Ismail Shakil, Maria Tsvetkova, Jasper Ward et<br \/>\nDavid Morgan, r\u00e9dig\u00e9 par Joseph Ax; version fran\u00e7aise Camille<br \/>\nRaynaud)<\/p>\n","protected":false},"excerpt":{"rendered":"(Actualis\u00e9 avec d\u00e9tails) par Jana Winter, Ted Hesson et Leah Douglas Deux membres de la Garde nationale ont&hellip;\n","protected":false},"author":2,"featured_media":2486,"comment_status":"","ping_status":"","sticky":false,"template":"","format":"standard","meta":{"footnotes":""},"categories":[1589],"tags":[400,11,398,408,405,73,1866,403,402,399,404,12,401,406,1864,1865,1863,308,407],"class_list":{"0":"post-562417","1":"post","2":"type-post","3":"status-publish","4":"format-standard","5":"has-post-thumbnail","7":"category-etats-unis","8":"tag-action-cac-40","9":"tag-actualites","10":"tag-bourse-de-paris","11":"tag-boursorama","12":"tag-cotations","13":"tag-etats-unis","14":"tag-etats-unis-damerique","15":"tag-indices-devises","16":"tag-investir","17":"tag-investissement","18":"tag-marche-boursier","19":"tag-news","20":"tag-sicav","21":"tag-trackers","22":"tag-united-states","23":"tag-united-states-of-america","24":"tag-us","25":"tag-usa","26":"tag-warrants"},"share_on_mastodon":{"url":"https:\/\/pubeurope.com\/@fr\/115622058731824888","error":""},"_links":{"self":[{"href":"https:\/\/www.europesays.com\/fr\/wp-json\/wp\/v2\/posts\/562417","targetHints":{"allow":["GET"]}}],"collection":[{"href":"https:\/\/www.europesays.com\/fr\/wp-json\/wp\/v2\/posts"}],"about":[{"href":"https:\/\/www.europesays.com\/fr\/wp-json\/wp\/v2\/types\/post"}],"author":[{"embeddable":true,"href":"https:\/\/www.europesays.com\/fr\/wp-json\/wp\/v2\/users\/2"}],"replies":[{"embeddable":true,"href":"https:\/\/www.europesays.com\/fr\/wp-json\/wp\/v2\/comments?post=562417"}],"version-history":[{"count":0,"href":"https:\/\/www.europesays.com\/fr\/wp-json\/wp\/v2\/posts\/562417\/revisions"}],"wp:featuredmedia":[{"embeddable":true,"href":"https:\/\/www.europesays.com\/fr\/wp-json\/wp\/v2\/media\/2486"}],"wp:attachment":[{"href":"https:\/\/www.europesays.com\/fr\/wp-json\/wp\/v2\/media?parent=562417"}],"wp:term":[{"taxonomy":"category","embeddable":true,"href":"https:\/\/www.europesays.com\/fr\/wp-json\/wp\/v2\/categories?post=562417"},{"taxonomy":"post_tag","embeddable":true,"href":"https:\/\/www.europesays.com\/fr\/wp-json\/wp\/v2\/tags?post=562417"}],"curies":[{"name":"wp","href":"https:\/\/api.w.org\/{rel}","templated":true}]}}