{"id":562422,"date":"2025-11-27T14:11:29","date_gmt":"2025-11-27T14:11:29","guid":{"rendered":"https:\/\/www.europesays.com\/fr\/562422\/"},"modified":"2025-11-27T14:11:29","modified_gmt":"2025-11-27T14:11:29","slug":"sa-voiture-electrique-chinoise-aux-1-600-km-dautonomie-pourrait-etre-vendue-en-europe-frandroid","status":"publish","type":"post","link":"https:\/\/www.europesays.com\/fr\/562422\/","title":{"rendered":"sa voiture \u00e9lectrique chinoise aux 1 600 km d\u2019autonomie pourrait \u00eatre vendue en Europe \u2014 Frandroid"},"content":{"rendered":"<p>Le constructeur chinois Xpeng envisage d\u2019introduire ses voitures \u00e9lectriques \u00e0 prolongateur d\u2019autonomie en Europe d\u2019ici fin 2026. Une strat\u00e9gie qui pourrait s\u00e9duire les automobilistes encore r\u00e9ticents \u00e0 passer au 100 % \u00e9lectrique.<\/p>\n<p><a href=\"https:\/\/images.frandroid.com\/wp-content\/uploads\/2025\/09\/press-conference-x9-1.jpg\" target=\"_blank\" class=\"article-content__figure\" rel=\"nofollow noopener\"><img fetchpriority=\"high\" decoding=\"async\" loading=\"eager\" width=\"1200\" height=\"800\" src=\"https:\/\/www.europesays.com\/fr\/wp-content\/uploads\/2025\/11\/press-conference-x9-1.jpg\" alt=\"\" class=\"wp-image-2786245 wp-image wp-image\"  \/><\/a>Xpeng X9 \/\/ Source : Xpeng<\/p>\n<p>En France, <a href=\"https:\/\/www.frandroid.com\/produits\/xpeng\" rel=\"nofollow noopener\" target=\"_blank\">Xpeng<\/a> commence \u00e0 se faire un nom. Les deux produits commercialis\u00e9s sont plut\u00f4t pertinents, notamment <a href=\"https:\/\/www.frandroid.com\/marques\/xpeng\/2799145_jai-conduit-de-munich-a-paris-le-nouveau-xpeng-g6-cest-elle-la-voiture-electrique-qui-se-recharge-le-plus-vite-de-france\" data-type=\"post\" data-id=\"2799145\" rel=\"nofollow noopener\" target=\"_blank\">le SUV \u00e9lectrique G6<\/a>, l\u2019un des principaux concurrents du <a href=\"https:\/\/www.frandroid.com\/survoltes\/2869769_700-km-dautonomie-pour-la-tesla-model-y-les-batteries-de-byd-et-le-moteur-electrique-renault-les-gros-bouleversements-electriques-de-la-semaine-recap-survoltes\" data-type=\"post\" data-id=\"2869769\" rel=\"nofollow noopener\" target=\"_blank\">Tesla Model Y<\/a>, avec une autonomie similaire et une puissance de charge sup\u00e9rieure. Plusieurs autres mod\u00e8les sont attendus chez nous, \u00e0 commencer par la berline P7+ que <a href=\"https:\/\/www.frandroid.com\/marques\/xpeng\/2825729_on-est-montes-a-bord-de-la-xpeng-p7-qui-arrive-en-france-la-moins-chere-des-voitures-electriques-xxl\" data-type=\"post\" data-id=\"2825729\" rel=\"nofollow noopener\" target=\"_blank\">nous avons pu d\u00e9couvrir r\u00e9cemment en Chine<\/a>.<\/p>\n<p>Mais l\u2019offensive europ\u00e9enne de Xpeng va bient\u00f4t prendre une nouvelle tournure. He Xiaopeng, le fondateur et PDG du constructeur chinois, vient de lever le voile sur ses ambitions \u00ab\u00a0hybrides\u00a0\u00bb pour l\u2019Europe.<\/p>\n<p>Xpeng veut proposer une alternative aux clients europ\u00e9ens qui h\u00e9sitent encore \u00e0 franchir le pas de l\u2019\u00e9lectrique pur. \u00ab\u00a0Je pense que les v\u00e9hicules \u00e9lectriques \u00e0 batterie sont plus importants, mais les mod\u00e8les \u00e0 prolongateur d\u2019autonomie pourraient fonctionner dans certains pays d\u2019Europe\u00a0\u00bb, a d\u00e9clar\u00e9 le dirigeant lors d\u2019un entretien avec <a href=\"https:\/\/www.autonews.com\/ev\/ane-xpeng-erev-sales-europe-emissions-ban-1126\/\" target=\"_blank\" rel=\"noreferrer noopener nofollow\">Automotive News Europe<\/a>.<\/p>\n<p>                <img decoding=\"async\" width=\"1200\" height=\"446\" loading=\"lazy\" alt=\"Capture d\u2019e\u0301cran 2025-10-09 a\u0300 15.40.10\" title=\"Capture d\u2019e\u0301cran 2025-10-09 a\u0300 15.40.10\" class=\"is-radiusless placeholder-default wp-image\" src=\"https:\/\/www.europesays.com\/fr\/wp-content\/uploads\/2025\/11\/capture-decran-2025-10-09-a-154010-1200x446.jpg\" \/>            <\/p>\n<p>\n                    C\u2019est le bon moment pour r\u00e9duire ses factures !                 <\/p>\n<p class=\"has-text-weight-medium is-size-6 is-line-height-normal\">\n                    Zendure optimise votre production photovolta\u00efque gr\u00e2ce \u00e0 une IA qui int\u00e8gre toutes les donn\u00e9es importantes li\u00e9es \u00e0 votre consommation. Profitez-en \u00e0 prix cass\u00e9 pour le Black Friday !                 <\/p>\n<p>Un mod\u00e8le qui affole les compteurs<\/p>\n<p>Le <a href=\"https:\/\/www.frandroid.com\/marques\/xpeng\/2863243_1-600-km-dautonomie-xpeng-abandonne-le-100-electrique-avec-cette-nouvelle-voiture-et-on-la-vu\" rel=\"nofollow noopener\" target=\"_blank\">X9 Power X<\/a>, fra\u00eechement lanc\u00e9 en Chine \u00e0 partir de l\u2019\u00e9quivalent de 37 600 euros, impressionne par ses chiffres. Avec son r\u00e9servoir de 60 litres et sa batterie pleinement charg\u00e9e, ce monospace sept places peut parcourir jusqu\u2019\u00e0 <strong>1 602 kilom\u00e8tres<\/strong> selon le cycle chinois CLTC.<\/p>\n<p><a href=\"https:\/\/images.frandroid.com\/wp-content\/uploads\/2025\/09\/press-conference-x9.jpg\" target=\"_blank\" class=\"article-content__figure\" rel=\"nofollow noopener\"><img loading=\"lazy\" decoding=\"async\" width=\"1200\" height=\"800\" src=\"https:\/\/www.europesays.com\/fr\/wp-content\/uploads\/2025\/11\/press-conference-x9-1200x800.jpg\" alt=\"\" class=\"wp-image-2786215 wp-image\"  \/><\/a>Xpeng X9 \/\/ Source : Xpeng<\/p>\n<p>Une autonomie record qui lui a valu la certification du Centre chinois de recherche et de technologie automobile comme \u00ab\u00a0monospace sept places le plus endurant au monde\u00a0\u00bb. Un argument de poids pour les familles europ\u00e9ennes adeptes des longs trajets.<\/p>\n<p>Le succ\u00e8s est au rendez-vous en Chine : moins d\u2019une semaine apr\u00e8s son lancement, Xpeng acc\u00e9l\u00e8re d\u00e9j\u00e0 sa cha\u00eene d\u2019approvisionnement face \u00e0 une demande jug\u00e9e \u00ab\u00a0exceptionnelle\u00a0\u00bb. Le pr\u00e9sident de l\u2019entreprise, Brian Gu, estime m\u00eame que cette version devrait repr\u00e9senter la majorit\u00e9 des ventes du X9, devan\u00e7ant largement la version 100 % \u00e9lectrique pourtant moins ch\u00e8re de 6 000 euros.<\/p>\n<p>L\u2019Europe, un terrain de jeu \u00e0 conqu\u00e9rir<\/p>\n<p>Face \u00e0 la concurrence chinoise qui mise massivement sur <a href=\"https:\/\/www.frandroid.com\/marques\/byd\/2882799_pourquoi-byd-lance-cette-voiture-hybride-a-1-000-km-dautonomie-en-europe-mais-pas-en-chine\" rel=\"nofollow noopener\" target=\"_blank\">les hybrides rechargeables comme BYD<\/a> ou Chery, Xpeng fait le pari de la technologie \u00e0 prolongateur d\u2019autonomie. Une niche encore peu exploit\u00e9e en Europe, o\u00f9 seul Leapmotor, soutenu par Stellantis, propose ce type de motorisation avec son <a href=\"https:\/\/www.frandroid.com\/survoltes\/voitures-electriques\/2562775_essai-leapmotor-c10-reev-du-reve-a-la-realite\" data-type=\"post\" data-id=\"2562775\" rel=\"nofollow noopener\" target=\"_blank\">SUV C10<\/a>.<\/p>\n<p>Un positionnement qui pourrait s\u2019av\u00e9rer judicieux, m\u00eame si les droits de douane europ\u00e9ens actuels ne font pas de distinction entre v\u00e9hicules \u00e9lectriques et mod\u00e8les \u00e0 autonomie \u00e9tendue import\u00e9s de Chine.<\/p>\n<p class=\"shortcode-container see-more\">\n    \u00c0 lire aussi : <br \/><a href=\"https:\/\/www.frandroid.com\/survoltes\/voitures-electriques\/2556581_voitures-electriques-a-prolongateur-dautonomie-reev-erev-tout-savoir-sur-cette-technologie\" rel=\"nofollow noopener\" target=\"_blank\">Voitures \u00e9lectriques \u00e0 prolongateur d\u2019autonomie (REEV \/ EREV) : avantages et inconv\u00e9nients de cette technologie<\/a>\n<\/p>\n<p>Reste \u00e0 savoir si la client\u00e8le europ\u00e9enne sera friande de ce type de technologie, tout en sachant que la densit\u00e9 du r\u00e9seau de recharge dans certains pays, dont la France, permet aujourd\u2019hui d\u2019envisager n\u2019importe quel type de trajet sereinement \u00e0 bord d\u2019une voiture \u00e9lectrique. <\/p>\n<p><a target=\"_blank\" href=\"https:\/\/images.frandroid.com\/wp-content\/uploads\/2025\/11\/21-58-190117-1644559547.jpg\" class=\"article-content__figure\" rel=\"nofollow noopener\"><img loading=\"lazy\" decoding=\"async\" width=\"1200\" height=\"900\" src=\"https:\/\/www.europesays.com\/fr\/wp-content\/uploads\/2025\/11\/21-58-190117-1644559547-1200x900.jpg\" alt=\"\" class=\"wp-image-2888619 wp-image\"  \/><\/a>Prolongateur d\u2019autonomie Xpeng \/\/ Source : Xpeng<\/p>\n<p>Toujours est-il que cet effet d\u2019annonce avec des promesses d\u2019une autonomie gargantuesque ressemble plus \u00e0 un discours marketing qu\u2019autre chose, car dans le cas du X9 de chez Xpeng, la voiture peut faire <strong>370 km<\/strong> en tout \u00e9lectrique, et grimper effectivement \u00e0 1 602 km avec le r\u00e9servoir de 60 litres d\u2019essence plein qui va alimenter un moteur thermique qui va lui-m\u00eame alimenter la batterie, qui va elle-m\u00eame alimenter le moteur \u00e9lectrique. Vous avez dit usine \u00e0 gaz ?<\/p>\n","protected":false},"excerpt":{"rendered":"Le constructeur chinois Xpeng envisage d\u2019introduire ses voitures \u00e9lectriques \u00e0 prolongateur d\u2019autonomie en Europe d\u2019ici fin 2026. Une&hellip;\n","protected":false},"author":2,"featured_media":562423,"comment_status":"","ping_status":"","sticky":false,"template":"","format":"standard","meta":{"footnotes":"","_share_on_mastodon":"0"},"categories":[1586],"tags":[11,1777,674,1011,27,12,67853,25,67854],"class_list":["post-562422","post","type-post","status-publish","format-standard","has-post-thumbnail","category-europe","tag-actualites","tag-eu","tag-europe","tag-fr","tag-france","tag-news","tag-prolongateur-dautonomie","tag-republique-francaise","tag-xpeng-x9"],"share_on_mastodon":{"url":"https:\/\/pubeurope.com\/@fr\/115622072836358812","error":""},"_links":{"self":[{"href":"https:\/\/www.europesays.com\/fr\/wp-json\/wp\/v2\/posts\/562422","targetHints":{"allow":["GET"]}}],"collection":[{"href":"https:\/\/www.europesays.com\/fr\/wp-json\/wp\/v2\/posts"}],"about":[{"href":"https:\/\/www.europesays.com\/fr\/wp-json\/wp\/v2\/types\/post"}],"author":[{"embeddable":true,"href":"https:\/\/www.europesays.com\/fr\/wp-json\/wp\/v2\/users\/2"}],"replies":[{"embeddable":true,"href":"https:\/\/www.europesays.com\/fr\/wp-json\/wp\/v2\/comments?post=562422"}],"version-history":[{"count":0,"href":"https:\/\/www.europesays.com\/fr\/wp-json\/wp\/v2\/posts\/562422\/revisions"}],"wp:featuredmedia":[{"embeddable":true,"href":"https:\/\/www.europesays.com\/fr\/wp-json\/wp\/v2\/media\/562423"}],"wp:attachment":[{"href":"https:\/\/www.europesays.com\/fr\/wp-json\/wp\/v2\/media?parent=562422"}],"wp:term":[{"taxonomy":"category","embeddable":true,"href":"https:\/\/www.europesays.com\/fr\/wp-json\/wp\/v2\/categories?post=562422"},{"taxonomy":"post_tag","embeddable":true,"href":"https:\/\/www.europesays.com\/fr\/wp-json\/wp\/v2\/tags?post=562422"}],"curies":[{"name":"wp","href":"https:\/\/api.w.org\/{rel}","templated":true}]}}