{"id":562438,"date":"2025-11-27T14:23:11","date_gmt":"2025-11-27T14:23:11","guid":{"rendered":"https:\/\/www.europesays.com\/fr\/562438\/"},"modified":"2025-11-27T14:23:11","modified_gmt":"2025-11-27T14:23:11","slug":"six-autres-recrues-pour-tudor-pro-cycling-team-u23-actualite","status":"publish","type":"post","link":"https:\/\/www.europesays.com\/fr\/562438\/","title":{"rendered":"Six autres recrues pour Tudor Pro Cycling Team U23 &#8211; Actualit\u00e9"},"content":{"rendered":"<p style=\"text-align: justify;\">Outre Jan Huber, la Continentale\u00a0suisse\u00a0<strong><a href=\"https:\/\/www.directvelo.com\/equipe\/4507\/tudor-pro-cycling-team-u23\" target=\"_blank\" rel=\"noopener\">Tudor Pro Cycling Team U23<\/a><\/strong> compte six autres\u00a0recrues pour la saison 2026. \u00c0 savoir : le Danois Johan Eltoft (CeramicSpeed Aros Forsikring Herning CK), les Allemands Bruno Kessler (Rembe Rad-net Pro CT), Lennart Jasch (Red Bull-BORA-Hansgrohe Rookies), le Fran\u00e7ais Baptiste Lecoq (Lepelley Electricit\u00e9 U19) et les Suisses Arthur Progin (Humard-V\u00e9lo Passion) et Tom Stirnimann (Specialized Junior Racing Team Switzerland).<\/p>\n<p style=\"text-align: justify;\">Johan Eltoft, 18 ans, a remport\u00e9 cette ann\u00e9e le Championnat du Danemark Juniors du contre-la-montre. Il s\u2019est aussi class\u00e9 8e d\u2019une \u00e9tape de la Course de la Paix et 10e du Championnat d&rsquo;Europe du contre-la-montre.<\/p>\n<p style=\"text-align: justify;\">Bruno Kessler, 20 ans, est le Champion d\u2019Allemagne Espoirs du contre-la-montre. Il a fini 2e du GP de la Lib\u00e9ration (1.2U), 3e d\u2019une \u00e9tape du GP Beiras e Serra da Estrela (2.1), 6e de l\u2019Olympia&rsquo;s Tour (2.2 &#8211; 3e et 10e d\u2019\u00e9tapes) et du Youngster Coast Challenge (1.2U) ou encore 12 et 15e d\u2019\u00e9tapes au Tour de l\u2019Avenir (Coupe des Nations).<\/p>\n<p style=\"text-align: justify;\">Lennart Jasch, 25 ans, a remport\u00e9 le Tour du Frioul V\u00e9n\u00e9tie Julienne (2.2). Il a termin\u00e9 8e du Tour Alsace (2.2), 9e du Tour de R\u00e9publique tch\u00e8que (2.1), 10e du Championnat d&rsquo;Allemagne, 14e du Tour du Printemps d&rsquo;Istrie (2.2) et 16e du Tour de Sibiu (2.1).<\/p>\n<p style=\"text-align: justify;\">Baptiste Lecoq &#8211; notre photo -, 18 ans, a termin\u00e9 \u00e0 la 12e place du Challenge DirectVelo Juniors. Il s\u2019est adjug\u00e9 une \u00e9tape et le g\u00e9n\u00e9ral de la SportBreizh (2.1), le Troph\u00e9e Louison-Bobet et une \u00e9tape du Troph\u00e9e S\u00e9baco. Il a fini 4e de la Mapei Classic, 6e du Grand Prix Fernand Durel, 7e de la Classic R\u00e9gion Sud U19-Hautes-Alpes-Super D\u00e9voluy (1.1) et 7e du Tour du Carmausin S\u00e9gala U19 (1.1), 8e du Tour de la Lunigiana (2.1), 9e du Troph\u00e9e S\u00e9baco, 12e du Tour du Bocage et de l&rsquo;Ern\u00e9e 53 (2.1), 15e du Championnat de France U19 et 18e de l\u2019Ain Bugey Valromey Tour (2.1).<\/p>\n<p>Arthur Progin, 19 ans, a termn\u00e9 3e de la Grimp\u00e9e du Mol\u00e9son, 7e du\u00a0Championnat de Suisse Espoirs, 9e du Championnat de Suisse de la Montagne, 10e de\u00a0 Martigny-Mauvoisin et 11e du GP Filona.<\/p>\n<p style=\"text-align: justify;\">Tom Stirnimann, 18 ans, s\u2019est class\u00e9 5e du Tour du L\u00e9man (2e et 4e d\u2019\u00e9tapes), 6e du GP Berra Immobilier Juniors, 8e du GP R\u00fcebliland (2.1 &#8211; 7e et 9e d\u2019\u00e9tapes), 21e du Championnat du Monde et 25e du Championnat d&rsquo;Europe. Au Championnat de Suisse, il a fini 6e du contre-la-montre et 10e de la course en ligne.<\/p>\n<p>Retrouvez tous les transferts de l&rsquo;intersaison 2025-2026\u00a0<strong><a href=\"https:\/\/www.directvelo.com\/mutations\/2026#teams-pro\" target=\"_blank\" rel=\"noopener\">en cliquant ici<\/a>.<\/strong><\/p>\n","protected":false},"excerpt":{"rendered":"Outre Jan Huber, la Continentale\u00a0suisse\u00a0Tudor Pro Cycling Team U23 compte six autres\u00a0recrues pour la saison 2026. \u00c0 savoir&hellip;\n","protected":false},"author":2,"featured_media":562439,"comment_status":"","ping_status":"","sticky":false,"template":"","format":"standard","meta":{"footnotes":""},"categories":[1411],"tags":[834,828,836,829,837,827,83,826,824,823,1154,207,814,817,815,816,822,821,832,211,839,1011,27,820,818,819,835,831,830,833,838,60,212,208,825],"class_list":{"0":"post-562438","1":"post","2":"type-post","3":"status-publish","4":"format-standard","5":"has-post-thumbnail","7":"category-cyclisme","8":"tag-attaque","9":"tag-belgique","10":"tag-braquet","11":"tag-bretagne","12":"tag-chute","13":"tag-competition","14":"tag-coupe-de-france","15":"tag-coureur","16":"tag-course-cyclisme","17":"tag-course-cycliste","18":"tag-cycling","19":"tag-cyclisme","20":"tag-direct","21":"tag-direct-velo","22":"tag-directvelo","23":"tag-directvelo-com","24":"tag-epreuve","25":"tag-epreuve-cycliste","26":"tag-federation-francaise-de-cyclisme","27":"tag-ffc","28":"tag-flandres","29":"tag-fr","30":"tag-france","31":"tag-live","32":"tag-live-course","33":"tag-live-epreuve","34":"tag-peloton","35":"tag-radio-peloton","36":"tag-radio-tour","37":"tag-ravitaillement","38":"tag-relance","39":"tag-sports","40":"tag-uci","41":"tag-velo","42":"tag-velos"},"share_on_mastodon":{"url":"https:\/\/pubeurope.com\/@fr\/115622117647671098","error":""},"_links":{"self":[{"href":"https:\/\/www.europesays.com\/fr\/wp-json\/wp\/v2\/posts\/562438","targetHints":{"allow":["GET"]}}],"collection":[{"href":"https:\/\/www.europesays.com\/fr\/wp-json\/wp\/v2\/posts"}],"about":[{"href":"https:\/\/www.europesays.com\/fr\/wp-json\/wp\/v2\/types\/post"}],"author":[{"embeddable":true,"href":"https:\/\/www.europesays.com\/fr\/wp-json\/wp\/v2\/users\/2"}],"replies":[{"embeddable":true,"href":"https:\/\/www.europesays.com\/fr\/wp-json\/wp\/v2\/comments?post=562438"}],"version-history":[{"count":0,"href":"https:\/\/www.europesays.com\/fr\/wp-json\/wp\/v2\/posts\/562438\/revisions"}],"wp:featuredmedia":[{"embeddable":true,"href":"https:\/\/www.europesays.com\/fr\/wp-json\/wp\/v2\/media\/562439"}],"wp:attachment":[{"href":"https:\/\/www.europesays.com\/fr\/wp-json\/wp\/v2\/media?parent=562438"}],"wp:term":[{"taxonomy":"category","embeddable":true,"href":"https:\/\/www.europesays.com\/fr\/wp-json\/wp\/v2\/categories?post=562438"},{"taxonomy":"post_tag","embeddable":true,"href":"https:\/\/www.europesays.com\/fr\/wp-json\/wp\/v2\/tags?post=562438"}],"curies":[{"name":"wp","href":"https:\/\/api.w.org\/{rel}","templated":true}]}}