{"id":562444,"date":"2025-11-27T14:26:28","date_gmt":"2025-11-27T14:26:28","guid":{"rendered":"https:\/\/www.europesays.com\/fr\/562444\/"},"modified":"2025-11-27T14:26:28","modified_gmt":"2025-11-27T14:26:28","slug":"la-ministre-de-la-culture-rejette-les-conclusions-de-la-cour-des-comptes","status":"publish","type":"post","link":"https:\/\/www.europesays.com\/fr\/562444\/","title":{"rendered":"la ministre de la Culture rejette les conclusions de la Cour des Comptes"},"content":{"rendered":"<p>Un rapport \u00e0 charge de la Cour des Comptes au sujet du Centre national des arts plastiques critique la gestion, les missions et la p\u00e9rennisation de l&rsquo;\u00c9tablissement public sous tutelle du minist\u00e8re de la Culture. Ses conclusions soul\u00e8vent quelques questions majeures.<\/p>\n<p class=\"field_LQ2154C\">Le 19 novembre, les magistrats de la <a href=\"https:\/\/www.connaissancedesarts.com\/musees\/musee-louvre\/cambriolage-du-louvre-le-musee-devoile-ses-mesures-durgence-apres-le-rapport-accablant-de-la-cour-des-comptes-11207172\/\" target=\"_blank\" rel=\"noopener\">Cour des Comptes<\/a> ont d\u00e9voil\u00e9 un rapport accablant qui pr\u00e9conise la suppression du Centre national des arts plastiques (Cnap) d\u2019ici 2030 et la redistribution de ses missions. L\u2019audit conduit par Julien Aubert (Les R\u00e9publicains) met notamment en lumi\u00e8re \u00ab un mod\u00e8le \u00e9conomique non viable\u00a0\u00bb et \u00ab des missions insuffisamment remplies\u00a0\u00bb. Toutefois, le minist\u00e8re de la Culture ne suit pas ces recommandations et soutient le <a href=\"https:\/\/www.cnap.fr\/\" target=\"_blank\" rel=\"noopener\"><a href=\"https:\/\/www.cnap.fr\/\" target=\"_blank\" rel=\"noopener\">Cnap<\/a>, essentiel au secteur des arts visuels. Retour sur ce rapport accablant dont certaines voix semblent dire qu\u2019il est biais\u00e9 par sa tournure politique.<\/p>\n<p>Le\u00a0Cnap : 108 000 \u0153uvres d\u2019art et des missions essentielles pour la cr\u00e9ation fran\u00e7aise<\/p>\n<p class=\"field_LQ2154C\">Op\u00e9rateur majeur du minist\u00e8re de la Culture qui soutient la sc\u00e8ne artistique fran\u00e7aise, le Cnap a pour objectif d\u2019accompagner et soutenir les artistes et les professionnels du secteur, tels que les galeries, \u00e9diteurs, restaurateurs et critiques d\u2019art. Le Cnap acquiert, conserve et diffuse des \u0153uvres d\u2019art pour l\u2019\u00c9tat, et poss\u00e8de actuellement plus de 108 000 \u0153uvres (acquises depuis plus de deux si\u00e8cles) de 20 000 artistes, dont les deux tiers sont d\u00e9pos\u00e9es dans des mus\u00e9es ou des administrations. Ne poss\u00e9dant pour l\u2019instant pas d\u2019espace d\u2019exposition propre, il pr\u00eate sa collection et produit des expositions en partenariat.<\/p>\n<p><img loading=\"lazy\" width=\"653\" height=\"368\" decoding=\"async\" aria-describedby=\"caption-attachment-204726\" src=\"data:image\/svg+xml,%3Csvg%20xmlns=\" http:=\"\" alt=\"Cildo Meireles, \u00ab Marulho (La houle), 1991-1997 \u00bb, collection du Cnap. \u00a9 Cildo Meireles \/ Cnap. Cr\u00e9dit photo : Mathieu Vincent - CMN\" class=\"size-medium wp-image-204726\" data-lazy-src=\"https:\/\/www.europesays.com\/fr\/wp-content\/uploads\/2025\/11\/cdaaout25_normandie_meireles-tt-width-653-height-368-fill-0-crop-0-bgcolor-eeeeee.jpg\"\/><\/p>\n<p id=\"caption-attachment-204726\" class=\"wp-caption-text\">Cildo Meireles, \u00ab Marulho (La houle), 1991-1997 \u00bb, collection du Cnap. \u00a9 Cildo Meireles \/ Cnap. Cr\u00e9dit photo : Mathieu Vincent \u2013 CMN<\/p>\n<p class=\"field_LQ2154C\">Analysant\u00a0les activit\u00e9s du Cnap entre 2016 et 2024, le rapport de la Cour des Comptes critique diff\u00e9rents aspects de l\u2019\u00c9tablissement public. Tout d\u2019abord, il estime que la multiplication des acquisitions d\u2019\u0153uvres (pr\u00e8s de 45\u00a0000 sur les 108\u00a0000 totales depuis 1982) n\u2019est pas suivie d\u2019une diffusion suffisante : \u00ab\u00a0Alors que la diffusion des \u0153uvres acquises en l\u2019an 2000 atteint pr\u00e8s de 75\u00a0%, seules 30\u00a0% des \u0153uvres acquises en 2010 ou en 2020 sont diffus\u00e9es. Un quart de la collection n\u2019est jamais sorti des r\u00e9serves, soit la moiti\u00e9 des \u0153uvres stock\u00e9es en r\u00e9serve (24\u00a0000 \u0153uvres sur 46\u00a0000 en r\u00e9serve)\u00a0\u00bb, pr\u00e9cise le rapport.\u00a0Il pointe \u00e9galement la d\u00e9fense insuffisante des artistes fran\u00e7ais, presque \u00e0 \u00e9galit\u00e9 avec les achats des artistes \u00e9trangers entre 2017 et 2023.<\/p>\n<p>Gestion d\u00e9faillante et mod\u00e8le \u00e9conomique non viable : les reproches de la Cour des Comptes<\/p>\n<p class=\"field_LQ2154C\">Pourquoi la Cour des Comptes estime-t-elle que les missions du Cnap sont insuffisamment remplies ? D\u2019apr\u00e8s le rapport, l\u2019op\u00e9rateur du minist\u00e8re de la Culture ne dispose pas d\u2019\u00e9tudes sur l\u2019impact r\u00e9el de son soutien financier sur la carri\u00e8re des artistes et la diffusion des \u0153uvres est insuffisante. De plus, la conservation et la gestion des collections sont, dit-il, d\u00e9faillantes : le r\u00e9colement est lacunaire, la connaissance du fonds reste incompl\u00e8te et l\u2019outil informatique de gestion est obsol\u00e8te. Qui plus est, la gestion lourde et co\u00fbteuse du Cnap le rend d\u00e9pendent financi\u00e8rement \u00e0 l\u2019\u00c9tat.<\/p>\n<p><img loading=\"lazy\" width=\"653\" height=\"367\" decoding=\"async\" aria-describedby=\"caption-attachment-132805\" src=\"data:image\/svg+xml,%3Csvg%20xmlns=\" http:=\"\" alt=\"Dans les r\u00e9serves du Centre national des arts plastiques (Cnap) \u00a9Cnap\/2020\" class=\"size-medium wp-image-132805\" data-lazy-src=\"https:\/\/www.europesays.com\/fr\/wp-content\/uploads\/2025\/11\/cda20_ap_salmon_cnap_main-tt-width-653-height-367-fill-0-crop-0-bgcolor-eeeeee.jpg\"\/><\/p>\n<p id=\"caption-attachment-132805\" class=\"wp-caption-text\">Dans les r\u00e9serves du Centre national des arts plastiques (Cnap) \u00a9 Cnap, 2020<\/p>\n<p>D\u00e9classement d\u2019\u0153uvres et dissolution : les recommandations controvers\u00e9es de la Cour des Comptes<\/p>\n<p class=\"field_LQ2154C\">En plus de la dissolution de l\u2019institution, la Cour des Comptes a \u00e9mis d\u2019autres recommandations, telles que le d\u00e9veloppement d\u2019activit\u00e9s commerciales g\u00e9n\u00e9ratrices de revenus propres (billetterie, produits d\u00e9riv\u00e9s, privatisation\u2026) mais surtout un d\u00e9classement d\u2019\u0153uvres jug\u00e9es moins pertinentes : \u00ab\u200b\u200b\u200b\u200b\u200b\u200b\u200b\u00a0Ce levier, assimilable \u00e0 la pratique du \u00ab d\u00e9sherbage\u00a0\u00bb en usage dans les biblioth\u00e8ques, n\u2019est \u00e0 ce jour ni mentionn\u00e9 ni explor\u00e9. \u00bb Les collections du Cnap \u00e9tant nationales, elles sont inali\u00e9nables, un principe essentiel du droit fran\u00e7ais qui permet de les prot\u00e9ger, notamment des changements de go\u00fbt. C\u2019est pourquoi cette recommandation n\u2019est pas recevable. La Cour des Comptes voit aussi d\u2019un mauvais \u0153il le d\u00e9part des locaux de <a href=\"https:\/\/www.connaissancedesarts.com\/arts-expositions\/paris\/paris-une-exposition-phenomenale-reunit-des-oeuvres-dart-geantes-dans-les-sous-sols-interdits-de-la-defense-11189299\/\" target=\"_blank\" rel=\"noopener\">La D\u00e9fense<\/a> du Cnap pour le projet immobilier du b\u00e2timent neuf de 25\u00a0000 m\u00b2 \u00e0 Pantin, pour un budget de 98\u00a0millions d\u2019euros (contre 50\u00a0M\u20ac pr\u00e9vus initialement) financ\u00e9 par l\u2019\u00c9tat, o\u00f9 il s\u2019installera l\u2019\u00e9t\u00e9 prochain.<\/p>\n<p><img loading=\"lazy\" width=\"653\" height=\"393\" decoding=\"async\" aria-describedby=\"caption-attachment-207694\" src=\"data:image\/svg+xml,%3Csvg%20xmlns=\" http:=\"\" alt=\"Perspective du Lieu de vie du Cnap depuis la rue Cartier-Bresson, \u00e0 Pantin. \u00a9 Bruther et \" class=\"size-medium wp-image-207694\" data-lazy-src=\"https:\/\/www.europesays.com\/fr\/wp-content\/uploads\/2025\/11\/cda25_lieu-de-vie-pantin-cnap-tt-width-653-height-393-fill-0-crop-0-bgcolor-eeeeee.jpg\"\/><\/p>\n<p id=\"caption-attachment-207694\" class=\"wp-caption-text\">Perspective du Lieu de vie du Cnap depuis la rue Cartier-Bresson, \u00e0 Pantin. \u00a9 Bruther et<\/p>\n<p class=\"field_LQ2154C\">Si le Cnap disparaissait, qui prendrait la rel\u00e8ve ?\u00a0\u00ab Dans un paysage artistique tr\u00e8s concurrentiel, aux c\u00f4t\u00e9s des DRAC (Direction r\u00e9gionale des affaires culturelles), des FRAC (Fonds r\u00e9gional d\u2019art contemporain), du <a href=\"https:\/\/www.connaissancedesarts.com\/arts-expositions\/paris\/musee-dorsay-grand-palais-centre-pompidou-6-nocturnes-a-faire-absolument-a-paris-au-mois-doctobre-11205988\/\" target=\"_blank\" rel=\"noopener\">Centre Pompidou<\/a> et de multiples centres d\u2019art et acteurs priv\u00e9s (<a href=\"https:\/\/www.connaissancedesarts.com\/arts-expositions\/paris\/que-voir-a-la-nouvelle-fondation-cartier-a-paris-place-du-palais-royal-11207072\/\" target=\"_blank\" rel=\"noopener\">Fondation Cartier<\/a>, Fondation Maeght, Fondation LVMH, Collection Pinault,\u00a0etc.), son positionnement demeure incertain. \u00bb Selon les magistrats, les missions du Cnap se recoupent avec celles du Centre Pompidou, pour tout ce qui concerne les acquisitions et la gestion des collections, des Frac pour la diffusion, des Drac pour le soutien \u00e0 la cr\u00e9ation et du Mobilier national pour la d\u00e9coration des lieux de pouvoir. Les r\u00e9serves du Centre Pompidou pr\u00e9vues \u00e0 Massy s\u2019annoncent d\u00e9j\u00e0 bien charg\u00e9es. Comment les collections du Cnap pourraient-elles s\u2019y ajouter ?<\/p>\n<p>La ministre de la Culture rejette les conclusions de la Cour des Comptes<\/p>\n<p class=\"field_LQ2154C\">\u00c0 la suite de\u00a0la publication de ce rapport, des salari\u00e9s de l\u2019institution ont estim\u00e9 l\u2019audit \u00ab\u200b\u200b\u200b\u200b\u200b\u200b\u200b\u00a0politique\u00a0\u00bb. Dans un article de\u00a0Lib\u00e9ration, une agente\u00a0souligne :\u00a0\u00ab\u200b\u200b\u200b\u200b\u200b\u200b\u200b\u00a0En donnant son avis sur les orientations esth\u00e9tiques, le rapporteur outrepasse compl\u00e8tement ses pr\u00e9rogatives\u00a0\u00bb. Qui plus est, la ministre de la Culture <a href=\"https:\/\/www.connaissancedesarts.com\/depeches-art\/nominations\/nouveau-gouvernement-rachida-dati-reconduite-au-ministere-de-la-culture-11206060\/\" target=\"_blank\" rel=\"noopener\">Rachida Dati<\/a> affirme que la suppression du Cnap\u00a0\u00ab\u00a0ne permettrait pas de r\u00e9aliser des \u00e9conomies significatives\u00a0\u00bb et aurait au contraire pour effet\u00a0\u00ab\u00a0d\u2019affaiblir la visibilit\u00e9 de la politique conduite par l\u2019\u00c9tat en faveur du secteur des arts visuels\u00a0\u00bb. Par ailleurs, la ministre a d\u00e9cid\u00e9 de renforcer le Cnap pour en faire\u00a0\u00ab\u200b\u200b\u200b\u200b\u200b\u200b\u200b\u00a0le chef de file du soutien \u00e0 la sc\u00e8ne fran\u00e7aise\u00a0\u00bb.<\/p>\n<p><img loading=\"lazy\" width=\"653\" height=\"489\" decoding=\"async\" aria-describedby=\"caption-attachment-207695\" src=\"data:image\/svg+xml,%3Csvg%20xmlns=\" http:=\"\" alt=\"R\u00e9serve du Centre national des arts plastiques \u00e0 Cap 18. \u00a9 Cnap\" class=\"size-medium wp-image-207695\" data-lazy-src=\"https:\/\/www.europesays.com\/fr\/wp-content\/uploads\/2025\/11\/cda25_reserves_centre_national_des_arts_plastiques-tt-width-653-height-489-fill-0-crop-0-bgcolor-eee.jpeg\"\/><\/p>\n<p id=\"caption-attachment-207695\" class=\"wp-caption-text\">R\u00e9serve du Centre national des arts plastiques \u00e0 Cap 18. \u00a9 Cnap<\/p>\n<p>La CGT Culture et les syndicats appellent \u00e0 d\u00e9fendre le Centre national des arts plastiques<\/p>\n<p class=\"field_LQ2154C\">Le 24\u00a0novembre, la CGT Culture et le Syndicat g\u00e9n\u00e9ral des affaires culturelles ont publi\u00e9 un communiqu\u00e9 pour d\u00e9fendre le \u200b\u200b\u00ab\u200b\u200b\u200b\u200b\u200b\u200b\u200b\u00a0mod\u00e8le essentiel\u00a0\u00bb de cette institution qui a soutenu et valoris\u00e9 plus de 8 000 projets d\u2019artistes, de cin\u00e9astes, de commissaires d\u2019exposition, de critiques d\u2019art, de galeristes, d\u2019\u00e9diteurs d\u2019art et de producteurs audiovisuels, et constitu\u00e9 un \u00ab \u200b\u200b\u200b\u200b\u200b\u200bv\u00e9ritable patrimoine national et collectif\u00a0\u00bb. Les syndicats rappellent\u00a0que plus de 60\u00a0000 \u0153uvres sont d\u00e9pos\u00e9es aupr\u00e8s de 6\u00a0200 d\u00e9positaires (dont 80\u00a0% situ\u00e9s en dehors de la Ville de <a href=\"https:\/\/www.connaissancedesarts.com\/marche-art\/galeries\/paris-12-expositions-gratuites-a-decouvrir-dans-les-galeries-d-art-en-decembre-11207592\/\" target=\"_blank\" rel=\"noopener\">Paris<\/a>), que le Cnap poss\u00e8de une expertise reconnue dans la gestion d\u2019une collection, qu\u2019il m\u00e8ne des actions de m\u00e9diation dans les structures \u00e9ducatives, les \u00e9tablissements p\u00e9nitentiaires, les quartiers prioritaires et en milieu rural et que, malgr\u00e9 sa taille modeste (78 agents et 13\u00a0millions d\u2019euros de budget annuel), il est aussi un centre de ressources professionnelles en interactions avec l\u2019ensemble des divers acteurs du monde des arts visuels. Pour prot\u00e9ger l\u2019unique op\u00e9rateur de l\u2019\u00c9tat d\u00e9di\u00e9 au secteur, les syndicats appellent \u00e0 la mobilisation.<\/p>\n<p>[Cnap x\u2026 | \u00c9pisode 10 : Fabrice Hyber]<\/p>\n","protected":false},"excerpt":{"rendered":"Un rapport \u00e0 charge de la Cour des Comptes au sujet du Centre national des arts plastiques critique&hellip;\n","protected":false},"author":2,"featured_media":562445,"comment_status":"","ping_status":"","sticky":false,"template":"","format":"standard","meta":{"footnotes":""},"categories":[1358],"tags":[1348,1384,1385,1386,58,59,1011,27],"class_list":{"0":"post-562444","1":"post","2":"type-post","3":"status-publish","4":"format-standard","5":"has-post-thumbnail","7":"category-arts-et-design","8":"tag-arts","9":"tag-arts-and-design","10":"tag-arts-et-design","11":"tag-design","12":"tag-divertissement","13":"tag-entertainment","14":"tag-fr","15":"tag-france"},"share_on_mastodon":{"url":"https:\/\/pubeurope.com\/@fr\/115622129414041503","error":""},"_links":{"self":[{"href":"https:\/\/www.europesays.com\/fr\/wp-json\/wp\/v2\/posts\/562444","targetHints":{"allow":["GET"]}}],"collection":[{"href":"https:\/\/www.europesays.com\/fr\/wp-json\/wp\/v2\/posts"}],"about":[{"href":"https:\/\/www.europesays.com\/fr\/wp-json\/wp\/v2\/types\/post"}],"author":[{"embeddable":true,"href":"https:\/\/www.europesays.com\/fr\/wp-json\/wp\/v2\/users\/2"}],"replies":[{"embeddable":true,"href":"https:\/\/www.europesays.com\/fr\/wp-json\/wp\/v2\/comments?post=562444"}],"version-history":[{"count":0,"href":"https:\/\/www.europesays.com\/fr\/wp-json\/wp\/v2\/posts\/562444\/revisions"}],"wp:featuredmedia":[{"embeddable":true,"href":"https:\/\/www.europesays.com\/fr\/wp-json\/wp\/v2\/media\/562445"}],"wp:attachment":[{"href":"https:\/\/www.europesays.com\/fr\/wp-json\/wp\/v2\/media?parent=562444"}],"wp:term":[{"taxonomy":"category","embeddable":true,"href":"https:\/\/www.europesays.com\/fr\/wp-json\/wp\/v2\/categories?post=562444"},{"taxonomy":"post_tag","embeddable":true,"href":"https:\/\/www.europesays.com\/fr\/wp-json\/wp\/v2\/tags?post=562444"}],"curies":[{"name":"wp","href":"https:\/\/api.w.org\/{rel}","templated":true}]}}