{"id":562446,"date":"2025-11-27T14:28:16","date_gmt":"2025-11-27T14:28:16","guid":{"rendered":"https:\/\/www.europesays.com\/fr\/562446\/"},"modified":"2025-11-27T14:28:16","modified_gmt":"2025-11-27T14:28:16","slug":"claire-arnoux-seffondre-sur-novo19-la-remplacante-de-cyril-hanouna-affiche-0-de-pda","status":"publish","type":"post","link":"https:\/\/www.europesays.com\/fr\/562446\/","title":{"rendered":"Claire Arnoux s\u2019effondre sur NOVO19 : la \u00ab\u00a0rempla\u00e7ante\u00a0\u00bb de Cyril Hanouna affiche 0% de PDA"},"content":{"rendered":"<p>Depuis le 1er septembre 2025, les t\u00e9l\u00e9spectateurs peuvent se brancher sur la cha\u00eene 19 et suivre les programmes de la nouvelle cha\u00eene <a href=\"https:\/\/vsd.fr\/tag\/novo19\/\" target=\"_blank\" rel=\"noopener\">Novo19<\/a>. Une cha\u00eene qui, comme T18, a succ\u00e9d\u00e9 \u00e0 C8 et NRJ12 apr\u00e8s la fermeture de celles-ci. En effet, le 1er mars, la cha\u00eene sur laquelle officiait <a href=\"https:\/\/www.public.fr\/tag\/cyril-hanouna\" target=\"_blank\" rel=\"noopener\">Cyril Hanouna<\/a>, ainsi que le canal 12, cessait d\u2019\u00e9mettre.<\/p>\n<p>Depuis, les deux nouvelles cha\u00eenes peinent \u00e0 trouver leur public. La preuve avec les faibles audiences affich\u00e9es par celles-ci. Nos confr\u00e8res de Purem\u00e9dias viennent d\u2019ailleurs de r\u00e9v\u00e9ler que le talk-show de Novo19, situ\u00e9 sur la m\u00eame case horaire que Cyril Hanouna avec <strong><a href=\"https:\/\/www.public.fr\/tag\/tout-beau-tout-9\" target=\"_blank\" rel=\"noopener\">TBT9<\/a><\/strong> sur W9, <strong>Quotidien<\/strong> sur TMC, ou encore <strong>C \u00e0 Vous<\/strong> sur France 5, <strong>affiche des scores catastrophiques.\u00a0<\/strong><\/p>\n<p>Le m\u00e9dia rappelle que, lors du lancement de la cha\u00eene le 1er septembre dernier \u00e0 18h, avait attir\u00e9 312.000 t\u00e9l\u00e9spectateurs (3,8% du public). Par la suite, 140.000 curieux avaient r\u00e9pondu pr\u00e9sent pour d\u00e9couvrir le talk-show pr\u00e9sent\u00e9 par Claire Arnoux et Claude Askolovitch, <strong>On a du nouveau<\/strong>.<\/p>\n<p>O% de PDA pour Claire Arnoux et son talk-show \u00ab\u00a0On a du nouveau\u00a0\u00bb<\/p>\n<p>Toutefois, au fil des semaines, l\u2019\u00e9mission situ\u00e9e \u00e0 la m\u00eame case que la quotidienne de Cyril Hanouna et des autres concurrents, ne cesse de s\u2019effondrer. Comme le souligne Purem\u00e9dias, M\u00e9diam\u00e9trie a relev\u00e9 un score alarmant ce mardi 25 novembre 2025. <strong>La premi\u00e8re partie du programme n&rsquo;a attir\u00e9 que 5.000 t\u00e9l\u00e9spectateurs,soit 0,0% du public pr\u00e9sent devant la t\u00e9l\u00e9vision.<\/strong><\/p>\n<p>En ce qui concerne <strong>La suite<\/strong>, propos\u00e9e \u00e0 19h, celle-ci n\u2019a r\u00e9uni que 7.000 t\u00e9l\u00e9spectateurs, repr\u00e9sentant \u00e9galement 0% de PDA. Purem\u00e9dias indique que le programme diffus\u00e9 juste avant, <strong>On a de l&rsquo;info<\/strong> avec Martin Cangelosi, n\u2019a pas fait mieux et a attir\u00e9 que 27.000 personnes, ce qui repr\u00e9sente 0,3% du public \u00e2g\u00e9 de quatre ans et plus.<\/p>\n<p>Cyril Hanouna, Yann Barth\u00e8s, et Anne-\u00c9lisabeth Lemoine, comme concurrents <\/p>\n<p>La moyenne affich\u00e9e par le talk-show pr\u00e9sent\u00e9 par Claire Arnoux a de quoi inqui\u00e9ter. \u00c9tant donn\u00e9 que cela repr\u00e9sente <strong>34.000 t\u00e9l\u00e9spectateurs chaque soir, soit 0,3% de part d\u2019audience<\/strong>. Ces scores situent ainsi la cha\u00eene Novo19\u00a0 \u00e0 la 26e place des cha\u00eenes nationales \u00e0 18h30, \u00ab\u00a0derri\u00e8re RTL9 ou Canal+ Foot\u00a0\u00bb, note Purem\u00e9dias.<\/p>\n<p>Nos confr\u00e8res ne manquent toutefois pas de rappeler que la concurrence face au talk-show de Novo19 s\u2019av\u00e8re redoutable. En effet, Claire Arnoux doit faire face \u00e0 Cyril Hanouna et TBT9, <a href=\"https:\/\/www.public.fr\/tag\/yann-barthes\" target=\"_blank\" rel=\"noopener\">Yann Barth\u00e8s<\/a> et <strong>Quotidien<\/strong>, ou encore <a href=\"https:\/\/www.public.fr\/tag\/anne-elisabeth-lemoine\" target=\"_blank\" rel=\"noopener\">Anne-Elisabeth Lemoine<\/a> et <strong>C \u00e0 Vous<\/strong>. Mais aussi surprenant que cela puisse para\u00eetre, malgr\u00e9 ces faibles scores, la cha\u00eene peut tout de m\u00eame se r\u00e9jouir. <\/p>\n<p>En effet, Novo19 a <strong>tout de m\u00eame l\u00e9g\u00e8rement progress\u00e9<\/strong> pour sa deuxi\u00e8me mesure par rapport \u00e0 octobre. Elle a en effet progress\u00e9 en atteignant 0,8% de PDA sur le mois (+0,1 point).<\/p>\n<p>\n          Hits &amp; People en continu\n        <\/p>\n<p>\n          Public Radio\n        <\/p>\n<p>      Mentionn\u00e9s dans cet article<\/p>\n<p>      Sur le m\u00eame sujet<\/p>\n","protected":false},"excerpt":{"rendered":"Depuis le 1er septembre 2025, les t\u00e9l\u00e9spectateurs peuvent se brancher sur la cha\u00eene 19 et suivre les programmes&hellip;\n","protected":false},"author":2,"featured_media":562447,"comment_status":"","ping_status":"","sticky":false,"template":"","format":"standard","meta":{"footnotes":""},"categories":[1356],"tags":[5631,5632,1083,58,59,1011,27,67857,1404,252,22498,22497,1364,1405],"class_list":{"0":"post-562446","1":"post","2":"type-post","3":"status-publish","4":"format-standard","5":"has-post-thumbnail","7":"category-television","8":"tag-anne-elisabeth-lemoine","9":"tag-c-a-vous","10":"tag-cyril-hanouna","11":"tag-divertissement","12":"tag-entertainment","13":"tag-fr","14":"tag-france","15":"tag-novo-19","16":"tag-quotidien","17":"tag-television","18":"tag-tout-9-tbt9","19":"tag-tout-beau","20":"tag-tv","21":"tag-yann-barthes"},"share_on_mastodon":{"url":"https:\/\/pubeurope.com\/@fr\/115622137346269543","error":""},"_links":{"self":[{"href":"https:\/\/www.europesays.com\/fr\/wp-json\/wp\/v2\/posts\/562446","targetHints":{"allow":["GET"]}}],"collection":[{"href":"https:\/\/www.europesays.com\/fr\/wp-json\/wp\/v2\/posts"}],"about":[{"href":"https:\/\/www.europesays.com\/fr\/wp-json\/wp\/v2\/types\/post"}],"author":[{"embeddable":true,"href":"https:\/\/www.europesays.com\/fr\/wp-json\/wp\/v2\/users\/2"}],"replies":[{"embeddable":true,"href":"https:\/\/www.europesays.com\/fr\/wp-json\/wp\/v2\/comments?post=562446"}],"version-history":[{"count":0,"href":"https:\/\/www.europesays.com\/fr\/wp-json\/wp\/v2\/posts\/562446\/revisions"}],"wp:featuredmedia":[{"embeddable":true,"href":"https:\/\/www.europesays.com\/fr\/wp-json\/wp\/v2\/media\/562447"}],"wp:attachment":[{"href":"https:\/\/www.europesays.com\/fr\/wp-json\/wp\/v2\/media?parent=562446"}],"wp:term":[{"taxonomy":"category","embeddable":true,"href":"https:\/\/www.europesays.com\/fr\/wp-json\/wp\/v2\/categories?post=562446"},{"taxonomy":"post_tag","embeddable":true,"href":"https:\/\/www.europesays.com\/fr\/wp-json\/wp\/v2\/tags?post=562446"}],"curies":[{"name":"wp","href":"https:\/\/api.w.org\/{rel}","templated":true}]}}