{"id":562450,"date":"2025-11-27T14:30:26","date_gmt":"2025-11-27T14:30:26","guid":{"rendered":"https:\/\/www.europesays.com\/fr\/562450\/"},"modified":"2025-11-27T14:30:26","modified_gmt":"2025-11-27T14:30:26","slug":"avatar-3-sera-la-fin-de-la-saga-si-ca-nest-pas-un-giga-mega-succes-previent-james-cameron","status":"publish","type":"post","link":"https:\/\/www.europesays.com\/fr\/562450\/","title":{"rendered":"Avatar 3 sera la fin de la saga si \u00e7a n&rsquo;est pas un giga-m\u00e9ga-succ\u00e8s, pr\u00e9vient James Cameron"},"content":{"rendered":"<p><strong>Alors qu\u2019<a href=\"https:\/\/www.ecranlarge.com\/films\/985857-avatar-3\" data-type=\"films\" data-id=\"685986\" target=\"_blank\" rel=\"noopener\">Avatar 3 : De feu et de cendres<\/a> arrive au cin\u00e9ma en d\u00e9cembre, <a href=\"https:\/\/www.ecranlarge.com\/personnalite\/652848-james-cameron-i\" data-type=\"people\" data-id=\"304972\" target=\"_blank\" rel=\"noopener\">James Cameron<\/a> affirme sans broncher qu\u2019il arr\u00eatera tout d\u00e8s que le public en aura marre.<\/strong><\/p>\n<p>Ce serait un bon gag si \u00e7a n\u2019\u00e9tait pas la r\u00e9alit\u00e9. En th\u00e9orie, James Cameron va passer <strong>encore cinq ans minimum sur la saga<\/strong> <strong>Avatar<\/strong>, si bien qu\u2019il aura consacr\u00e9 un quart de si\u00e8cle \u00e0 activement donner vie \u00e0 Pandora, ses Na\u2019vis et ses milliards de dollars au box-office. C\u2019est presque le double du temps qu\u2019il lui aura fallu pour TOUT le reste de sa filmographie, de <strong><a href=\"https:\/\/www.ecranlarge.com\/films\/839049-terminator\" data-type=\"films\" data-id=\"654478\" target=\"_blank\" rel=\"noopener\">Terminator<\/a> <\/strong>\u00e0 <strong><a href=\"https:\/\/www.ecranlarge.com\/films\/839025-titanic\" data-type=\"films\" data-id=\"654454\" target=\"_blank\" rel=\"noopener\">Titanic<\/a> <\/strong>en passant par <strong><a href=\"https:\/\/www.ecranlarge.com\/films\/839051-abyss\" data-type=\"films\" data-id=\"654480\" target=\"_blank\" rel=\"noopener\">Abyss<\/a> <\/strong>et <strong><a href=\"https:\/\/www.ecranlarge.com\/films\/838108-aliens-le-retour\" data-type=\"films\" data-id=\"653537\" target=\"_blank\" rel=\"noopener\">Aliens<\/a><\/strong>.<\/p>\n<p>                    <img decoding=\"async\" alt=\"\" class=\"wp-image-518375\" style=\"object-fit:cover;width:25px;height:25px\" src=\"https:\/\/www.ecranlarge.com\/content\/uploads\/2023\/09\/arrow-right-circle.svg\"\/><\/p>\n<p>Apr\u00e8s <strong>Avatar<\/strong> en 2009, <strong><a href=\"https:\/\/www.ecranlarge.com\/films\/864496-avatar-2\" data-type=\"films\" data-id=\"679711\" target=\"_blank\" rel=\"noopener\">Avatar 2 : La Voie de l\u2019eau<\/a> <\/strong>en 2022 et <strong>Avatar 3 : De feu et de cendres<\/strong> en salles le 17 d\u00e9cembre 2026, il y aura donc <strong><a href=\"https:\/\/www.ecranlarge.com\/films\/985860-avatar-4\" data-type=\"films\" data-id=\"685987\" target=\"_blank\" rel=\"noopener\">Avatar 4<\/a> le 19 d\u00e9cembre 2029, puis <a href=\"https:\/\/www.ecranlarge.com\/films\/998536-avatar-5\" data-type=\"films\" data-id=\"686380\" target=\"_blank\" rel=\"noopener\">Avatar 5<\/a> le 17 d\u00e9cembre 2031<\/strong>. C\u2019est en tout cas le programme, et nul doute que le studio <a href=\"https:\/\/www.ecranlarge.com\/personnalite\/1095397-disney\" data-type=\"people\" data-id=\"804584\" target=\"_blank\" rel=\"noopener\">Disney<\/a>, qui a r\u00e9cup\u00e9r\u00e9 tout \u00e7a en rachetant le studio 20th Century Fox en 2019, compte bien s\u2019y tenir.<\/p>\n<p>Sauf si quelque chose d\u00e9rape d\u2019ici l\u00e0. Et James Cameron est le premier \u00e0 le dire sans trembler : <strong>il arr\u00eatera la saga Avatar si le public commence \u00e0 s\u2019en d\u00e9tourner, et s\u2019en lasser<\/strong>. Et si c\u2019est avec <strong>Avatar 3<\/strong>, qu\u2019il en soit ainsi.<\/p>\n<p>LA FIN ARRIVERA, T\u00d4T OU AVATAR<\/p>\n<p>Invit\u00e9 dans le podcast The Town, James Cameron a rappel\u00e9 l\u2019\u00e9vidence : <strong>les films Avatar co\u00fbtent tr\u00e8s, tr\u00e8s cher.<\/strong> Ce serait dans les 240 millions de dollars hors promo pour le premier, et potentiellement <strong>jusqu\u2019\u00e0 460 millions pour le deuxi\u00e8me<\/strong>. Des chiffres qui donnent le tournis et qui imposent des objectifs ahurissants, comme l\u2019explique le r\u00e9alisateur avec son langage si fleuri, qu\u2019on a essay\u00e9 de traduire au mieux :<\/p>\n<blockquote class=\"wp-block-quote is-layout-flow wp-block-quote-is-layout-flow\">\n<p><strong>\u00ab\u00a0C\u2019est une putain de tonne d\u2019argent, ce qui veut dire qu\u2019il faut qu\u2019on en fasse deux putains de tonnes pour \u00eatre rentable.<\/strong> <\/p>\n<p><strong>Je n\u2019ai aucun doute sur le fait que ce film gagnera de l\u2019argent. La question est : rapportera t-il assez d\u2019argent pour justifier d\u2019en faire un autre ?\u00a0\u00bb<\/strong><\/p>\n<\/blockquote>\n<p><a href=\"https:\/\/www.ecranlarge.com\/content\/uploads\/2025\/11\/afa-tp-89266.jpg\" target=\"_blank\" rel=\"noopener\"><\/p>\n<p><img loading=\"lazy\" decoding=\"async\" alt=\"Avatar : De feu et de cendres\" src=\"https:\/\/www.europesays.com\/fr\/wp-content\/uploads\/2025\/11\/afa-tp-89266-1260x528.jpg\" width=\"1260\" height=\"528\"  \/><\/p>\n<p><\/a>Rira bien Kiri-ra le dernier<\/p>\n<p>N\u00e9anmoins, il en faudra plus pour faire trembler le bonhomme, apparemment. Interrog\u00e9 sur la possibilit\u00e9 d\u2019<strong>arr\u00eater la saga apr\u00e8s Avatar 3 en cas de non giga-succ\u00e8s au box-office<\/strong>, le cin\u00e9aste a assur\u00e9 qu\u2019il s\u2019y pr\u00e9parait sans probl\u00e8me :<\/p>\n<blockquote class=\"wp-block-quote is-layout-flow wp-block-quote-is-layout-flow\">\n<p><strong>\u00ab\u00a0Absolument. Je suis dans les territoires d\u2019Avatar depuis vingt ans. Trente ans en r\u00e9alit\u00e9 parce que je l\u2019ai \u00e9crit en 1995, mais je n\u2019ai pas travaill\u00e9 dessus en continu pendant les dix premi\u00e8res ann\u00e9es. Il y a eu un bref regain d\u2019int\u00e9r\u00eat en 1995, puis tout le monde a dit : \u2018T\u2019as compl\u00e8tement perdu la t\u00eate\u2019, et je l\u2019ai mis de c\u00f4t\u00e9 pendant dix ans. Et c\u2019est devenu s\u00e9rieux en 2005.\u00a0\u00bb<\/strong><\/p>\n<\/blockquote>\n<p>                    <img decoding=\"async\" alt=\"\" class=\"wp-image-518375\" style=\"object-fit:cover;width:25px;height:25px\" src=\"https:\/\/www.ecranlarge.com\/content\/uploads\/2023\/09\/arrow-right-circle.svg\"\/><\/p>\n<p>Et si jamais <strong>Avatar 3<\/strong> devait \u00eatre le dernier, James Cameron ne s\u2019en fait pas trop. Ni pour lui, ni pour le public qui veut conna\u00eetre la fin de l\u2019histoire, ni pour la suite de l\u2019univers : <\/p>\n<blockquote class=\"wp-block-quote is-layout-flow wp-block-quote-is-layout-flow\">\n<p><strong>\u00ab\u00a0Il y a une intrigue non r\u00e9solue, et si \u00e7a se termine ici au cin\u00e9ma, j\u2019\u00e9crirai un livre. Je r\u00e9pondrai aux questions de tout le monde.\u00a0\u00bb<\/strong><\/p>\n<\/blockquote>\n<p><a href=\"https:\/\/www.ecranlarge.com\/content\/uploads\/2025\/07\/pmzjaerswhaax3yiwtkxz5n82kh.jpg\" target=\"_blank\" rel=\"noopener\"><\/p>\n<p><img loading=\"lazy\" decoding=\"async\" alt=\"Avatar : De feu et de cendres\" src=\"https:\/\/www.europesays.com\/fr\/wp-content\/uploads\/2025\/07\/pmzjaerswhaax3yiwtkxz5n82kh-1260x709.jpg\" width=\"1260\" height=\"709\"  \/><\/p>\n<p><\/a>James Cameron quand Avatar 3 fera 2 milliards<\/p>\n<p>Reste \u00e0 voir ce que signifie vraiment \u00ab\u00a0<strong>deux putains de tonnes<\/strong> <strong>d\u2019argent\u00a0\u00bb<\/strong>. 2,7 milliards comme le premier <strong>Avatar <\/strong>au moment de sa sortie, sachant qu\u2019il a grimp\u00e9 jusqu\u2019\u00e0 2,9 milliards gr\u00e2ce aux ressorties<strong> <\/strong>? <strong>2,3 milliards, comme le deuxi\u00e8me<\/strong> <strong>Avatar <\/strong>? Si <strong>Avatar 3<\/strong> passe sous la barre des 2 milliards, James Cameron et Disney vont-ils revoir leurs plans ? Et surtout, combien a co\u00fbt\u00e9 cet \u00e9pisode ?<\/p>\n<p>\u00c0 ce sujet, le r\u00e9alisateur ne cache pas qu\u2019il compte sur l\u2019IA pour baisser les budgets et r\u00e9gler pas mal de probl\u00e8mes \u00e0 Hollywood. C\u2019est pour \u00e7a qu\u2019il a <strong>rejoint le conseil d\u2019administration de Stability AI<\/strong>, une entreprise sp\u00e9cialis\u00e9e dans la cr\u00e9ation par IA, fin 2024.<\/p>\n<p>                    <img decoding=\"async\" alt=\"\" class=\"wp-image-518375\" style=\"object-fit:cover;width:25px;height:25px\" src=\"https:\/\/www.ecranlarge.com\/content\/uploads\/2023\/09\/arrow-right-circle.svg\"\/><\/p>\n<p>Il y aura donc beaucoup \u00e0 dire (et \u00e0 compter) avec<strong> Avatar : De feu et de cendres<\/strong>, ultime giga-\u00e9v\u00e9nement de l\u2019ann\u00e9e 2025 au cin\u00e9ma. <strong>Le film sort le 17 d\u00e9cembre en France, et le 19 aux \u00c9tats-Unis. <\/strong><\/p>\n","protected":false},"excerpt":{"rendered":"Alors qu\u2019Avatar 3 : De feu et de cendres arrive au cin\u00e9ma en d\u00e9cembre, James Cameron affirme sans&hellip;\n","protected":false},"author":2,"featured_media":562451,"comment_status":"","ping_status":"","sticky":false,"template":"","format":"standard","meta":{"footnotes":""},"categories":[1354],"tags":[58,59,1346,1011,27,1360],"class_list":{"0":"post-562450","1":"post","2":"type-post","3":"status-publish","4":"format-standard","5":"has-post-thumbnail","7":"category-films","8":"tag-divertissement","9":"tag-entertainment","10":"tag-films","11":"tag-fr","12":"tag-france","13":"tag-movies"},"share_on_mastodon":{"url":"https:\/\/pubeurope.com\/@fr\/115622145672589355","error":""},"_links":{"self":[{"href":"https:\/\/www.europesays.com\/fr\/wp-json\/wp\/v2\/posts\/562450","targetHints":{"allow":["GET"]}}],"collection":[{"href":"https:\/\/www.europesays.com\/fr\/wp-json\/wp\/v2\/posts"}],"about":[{"href":"https:\/\/www.europesays.com\/fr\/wp-json\/wp\/v2\/types\/post"}],"author":[{"embeddable":true,"href":"https:\/\/www.europesays.com\/fr\/wp-json\/wp\/v2\/users\/2"}],"replies":[{"embeddable":true,"href":"https:\/\/www.europesays.com\/fr\/wp-json\/wp\/v2\/comments?post=562450"}],"version-history":[{"count":0,"href":"https:\/\/www.europesays.com\/fr\/wp-json\/wp\/v2\/posts\/562450\/revisions"}],"wp:featuredmedia":[{"embeddable":true,"href":"https:\/\/www.europesays.com\/fr\/wp-json\/wp\/v2\/media\/562451"}],"wp:attachment":[{"href":"https:\/\/www.europesays.com\/fr\/wp-json\/wp\/v2\/media?parent=562450"}],"wp:term":[{"taxonomy":"category","embeddable":true,"href":"https:\/\/www.europesays.com\/fr\/wp-json\/wp\/v2\/categories?post=562450"},{"taxonomy":"post_tag","embeddable":true,"href":"https:\/\/www.europesays.com\/fr\/wp-json\/wp\/v2\/tags?post=562450"}],"curies":[{"name":"wp","href":"https:\/\/api.w.org\/{rel}","templated":true}]}}