{"id":562460,"date":"2025-11-27T14:35:20","date_gmt":"2025-11-27T14:35:20","guid":{"rendered":"https:\/\/www.europesays.com\/fr\/562460\/"},"modified":"2025-11-27T14:35:20","modified_gmt":"2025-11-27T14:35:20","slug":"linsoumise-mathilde-panot-defend-une-conscription-citoyenne-payee-au-smic","status":"publish","type":"post","link":"https:\/\/www.europesays.com\/fr\/562460\/","title":{"rendered":"l&rsquo;insoumise Mathilde Panot d\u00e9fend \u00ab\u00a0une conscription citoyenne\u00a0\u00bb pay\u00e9e au smic"},"content":{"rendered":"\n<p class=\"c-chapo \">\n  Plut\u00f4t qu&rsquo;un service national volontaire comme doit le pr\u00e9senter Emmanuel Macron, a leader des d\u00e9put\u00e9s insoumis propose une circonscription citoyenne r\u00e9mun\u00e9r\u00e9e.\n<\/p>\n<p>      lire plus tard<\/p>\n<p id=\"dialog__title\" class=\"dialog__title\">Pour sauvegarder cet article, connectez-vous ou cr\u00e9ez un compte franceinfo<\/p>\n<p class=\"dialog__description\">Sans paiement. Sans abonnement.<\/p>\n<p>        Fermer la fen\u00eatre d\u2019activation des notifications France Info<\/p>\n<p>      cr\u00e9er votre compte<\/p>\n<p>      se connecter<\/p>\n<p>        Fermer la fen\u00eatre de pr\u00e9sentation<\/p>\n<p>    <img loading=\"lazy\" decoding=\"async\" class=\"signature__image lazyload\" width=\"100\" height=\"100\" data- alt=\"\" src=\"https:\/\/www.europesays.com\/fr\/wp-content\/uploads\/2025\/05\/64a7df4c5fe71_placeholder-36b69ec8.png\"\/><\/p>\n<p>    Publi\u00e9 le 27\/11\/2025 10:55<\/p>\n<p>      Mis \u00e0 jour le 27\/11\/2025 10:58<\/p>\n<p>        Temps de lecture : 2min<\/p>\n<p>    <img decoding=\"async\"  alt=\"La d\u00e9put\u00e9e insoumise Mathilde Panot le 27 novembre 2025 sur franceinfo. (CAPTURE D'ECRAN\/RADIO FRANCE)\" width=\"432\" height=\"243\" src=\"https:\/\/www.europesays.com\/fr\/wp-content\/uploads\/2025\/11\/whatsapp-image-2025-11-27-at-09-24-28-69281fda79a4f946577432.jpg\" fetchpriority=\"high\"\/><\/p>\n<p>      La d\u00e9put\u00e9e insoumise Mathilde Panot le 27 novembre 2025 sur franceinfo. (CAPTURE D&rsquo;ECRAN\/RADIO FRANCE)<\/p>\n<p>La France insoumise propose une \u00ab\u00a0conscription citoyenne, avec un volet militaire sur volontariat, pay\u00e9e au smic\u00a0\u00bb afin de \u00ab\u00a0faire face aux grands enjeux de notre si\u00e8cle\u00a0\u00bb, a d\u00e9fendu la patronne des d\u00e9put\u00e9s insoumis Mathilde Panot, invit\u00e9e jeudi 27 novembre sur franceinfo, alors qu&rsquo;Emmanuel Macron se rend en Is\u00e8re aujourd&rsquo;hui pour annoncer <a href=\"https:\/\/www.franceinfo.fr\/politique\/emmanuel-macron\/l-ordre-international-est-en-train-de-s-etioler-ces-raisons-qui-poussent-emmanuel-macron-a-defendre-un-service-militaire-volontaire_7639076.html\" target=\"_self\" rel=\"noopener noreferrer nofollow\" data-tooltip-url=\"https:\/\/www.franceinfo.fr\/politique\/emmanuel-macron\/l-ordre-international-est-en-train-de-s-etioler-ces-raisons-qui-poussent-emmanuel-macron-a-defendre-un-service-militaire-volontaire_7639076.html\">une refonte du service national universel<\/a> (SNU).<\/p>\n<p>Avec cette \u00ab\u00a0conscription citoyenne\u00a0\u00bb pay\u00e9e au smic, les insoumis se distinguent donc de la proposition du chef de l&rsquo;\u00c9tat, qui se veut \u00ab\u00a0exclusivement militaire\u00a0\u00bb, selon la d\u00e9put\u00e9e du Val-de-Marne. \u00ab\u00a0Ce qu&rsquo;est en train de faire Emmanuel Macron, c&rsquo;est de concentrer le pays sur des menaces qui sont incertaines, et le d\u00e9tourner de menaces certaines, notamment celle du d\u00e9r\u00e8glement climatique\u00a0\u00bb, juge Mathilde Panot.<\/p>\n<p>Elle qualifie \u00ab\u00a0d&rsquo;incertaine\u00a0\u00bb la menace d&rsquo;une guerre avec la Russie. En effet, l&rsquo;\u00e9lue \u00ab\u00a0esp\u00e8re qu&rsquo;il n&rsquo;y aura pas de guerre avec la Russie\u00a0\u00bb car \u00ab\u00a0si nous entrons en guerre contre une puissance nucl\u00e9aire, alors nous serons dans une situation gravissime\u00a0\u00bb. Interrog\u00e9e sur les actions men\u00e9es sur le sol fran\u00e7ais et attribu\u00e9es \u00e0 la Russie, comme des cyberattaques ou tentatives d&rsquo;ing\u00e9rence, elle affirme qu'\u00a0\u00bbil faut \u00e9videmment r\u00e9pondre aux menaces et aux actes qui sont faits sur le sol fran\u00e7ais, mais il y a d&rsquo;autres moyens de r\u00e9pondre que de faire la guerre imm\u00e9diatement\u00a0\u00bb.<\/p>\n<p>La patronne des d\u00e9put\u00e9s insoumis s&rsquo;est insurg\u00e9e <a href=\"https:\/\/www.franceinfo.fr\/economie\/emploi\/metiers\/armee-et-securite\/si-notre-pays-flanche-parce-qu-il-n-est-pas-pret-a-accepter-de-perdre-ses-enfants-les-propos-chocs-du-chef-d-etat-major-des-armees_7628816.html\" target=\"_self\" rel=\"noopener noreferrer nofollow\" data-tooltip-url=\"https:\/\/www.franceinfo.fr\/economie\/emploi\/metiers\/armee-et-securite\/si-notre-pays-flanche-parce-qu-il-n-est-pas-pret-a-accepter-de-perdre-ses-enfants-les-propos-chocs-du-chef-d-etat-major-des-armees_7628816.html\">des propos du chef d&rsquo;\u00e9tat-major des arm\u00e9es<\/a>, Fabien Mandon, qui a d\u00e9clar\u00e9, le 18 novembre, qu&rsquo;il faut d\u00e9sormais \u00ab\u00a0accepter de perdre ses enfants\u00a0\u00bb, pour \u00ab\u00a0prot\u00e9ger ce que l&rsquo;on est\u00a0\u00bb. Pour Mathilde Panot, \u00ab\u00a0un chef d&rsquo;\u00e9tat-major des arm\u00e9es n&rsquo;a pas \u00e0 parler de cette mani\u00e8re\u00a0\u00bb. \u00ab\u00a0Nous sommes tr\u00e8s inquiets de voir qu&rsquo;il y a une mani\u00e8re de gouverner par la peur qui, je crois, ne fonctionnera pas\u00a0\u00bb, tacle-t-elle.<\/p>\n<p>Mathilde Panot rappelle la ligne de son parti, qui d\u00e9fend \u00ab\u00a0une France non align\u00e9e au service de la paix\u00a0\u00bb, qui n&rsquo;est pas \u00ab\u00a0une neutralit\u00e9\u00a0\u00bb, mais un \u00ab\u00a0non-alignement sur les int\u00e9r\u00eats des \u00c9tats-Unis et notamment de ceux de Trump, ni sur les int\u00e9r\u00eats de la Russie, ni sur les int\u00e9r\u00eats de la Chine\u00a0\u00bb. Elle souhaite que la France \u00ab\u00a0redevienne une puissance \u00e9cout\u00e9e\u00a0\u00bb d\u00e9non\u00e7ant le \u00ab\u00a0deux poids, deux mesures choquant\u00a0\u00bb entre l&rsquo;Ukraine et la <a href=\"https:\/\/www.franceinfo.fr\/monde\/proche-orient\/israel-palestine\/mathilde-panot-defavorable-a-un-etat-palestinien-demilitarise_7497235.html\" target=\"_blank\" rel=\"noopener\" data-tooltip-url=\"https:\/\/www.franceinfo.fr\/monde\/proche-orient\/israel-palestine\/mathilde-panot-defavorable-a-un-etat-palestinien-demilitarise_7497235.html\">Palestine<\/a>, avec \u00ab\u00a019 trains de sanctions\u00a0\u00bb contre Vladimir Poutine et \u00ab\u00a0z\u00e9ro contre Benyamin N\u00e9tanyahou\u00a0\u00bb.<\/p>\n","protected":false},"excerpt":{"rendered":"Plut\u00f4t qu&rsquo;un service national volontaire comme doit le pr\u00e9senter Emmanuel Macron, a leader des d\u00e9put\u00e9s insoumis propose une&hellip;\n","protected":false},"author":2,"featured_media":562461,"comment_status":"","ping_status":"","sticky":false,"template":"","format":"standard","meta":{"footnotes":""},"categories":[6],"tags":[35,33,34,1011,27],"class_list":{"0":"post-562460","1":"post","2":"type-post","3":"status-publish","4":"format-standard","5":"has-post-thumbnail","7":"category-economie","8":"tag-business","9":"tag-economie","10":"tag-economy","11":"tag-fr","12":"tag-france"},"share_on_mastodon":{"url":"https:\/\/pubeurope.com\/@fr\/115622165411556689","error":""},"_links":{"self":[{"href":"https:\/\/www.europesays.com\/fr\/wp-json\/wp\/v2\/posts\/562460","targetHints":{"allow":["GET"]}}],"collection":[{"href":"https:\/\/www.europesays.com\/fr\/wp-json\/wp\/v2\/posts"}],"about":[{"href":"https:\/\/www.europesays.com\/fr\/wp-json\/wp\/v2\/types\/post"}],"author":[{"embeddable":true,"href":"https:\/\/www.europesays.com\/fr\/wp-json\/wp\/v2\/users\/2"}],"replies":[{"embeddable":true,"href":"https:\/\/www.europesays.com\/fr\/wp-json\/wp\/v2\/comments?post=562460"}],"version-history":[{"count":0,"href":"https:\/\/www.europesays.com\/fr\/wp-json\/wp\/v2\/posts\/562460\/revisions"}],"wp:featuredmedia":[{"embeddable":true,"href":"https:\/\/www.europesays.com\/fr\/wp-json\/wp\/v2\/media\/562461"}],"wp:attachment":[{"href":"https:\/\/www.europesays.com\/fr\/wp-json\/wp\/v2\/media?parent=562460"}],"wp:term":[{"taxonomy":"category","embeddable":true,"href":"https:\/\/www.europesays.com\/fr\/wp-json\/wp\/v2\/categories?post=562460"},{"taxonomy":"post_tag","embeddable":true,"href":"https:\/\/www.europesays.com\/fr\/wp-json\/wp\/v2\/tags?post=562460"}],"curies":[{"name":"wp","href":"https:\/\/api.w.org\/{rel}","templated":true}]}}