{"id":562462,"date":"2025-11-27T14:36:13","date_gmt":"2025-11-27T14:36:13","guid":{"rendered":"https:\/\/www.europesays.com\/fr\/562462\/"},"modified":"2025-11-27T14:36:13","modified_gmt":"2025-11-27T14:36:13","slug":"deux-fillettes-hospitalisees-apres-une-seance-chez-le-meme-dentiste-lune-decede","status":"publish","type":"post","link":"https:\/\/www.europesays.com\/fr\/562462\/","title":{"rendered":"Deux fillettes hospitalis\u00e9es apr\u00e8s une s\u00e9ance chez le m\u00eame dentiste, l\u2019une d\u00e9c\u00e8de"},"content":{"rendered":"<p>Deux petites filles \u00e2g\u00e9es de quatre et six ans ont \u00e9t\u00e9 conduites aux urgences d\u2019un h\u00f4pital d\u2019Alcira (<a href=\"https:\/\/www.20minutes.fr\/dossier\/espagne\" class=\"c-link c-link--is-underlined\" target=\"_blank\" rel=\"noopener\">Espagne<\/a>) le 20\u00a0novembre dernier. La premi\u00e8re se trouvait dans un \u00e9tat l\u00e9thargique et fi\u00e9vreux et souffrait de naus\u00e9es. La plus \u00e2g\u00e9e se trouvait en arr\u00eat cardiorespiratoire lorsqu\u2019elle est arriv\u00e9e dans l\u2019\u00e9tablissement, o\u00f9 les m\u00e9decins ont finalement prononc\u00e9 officiellement son d\u00e9c\u00e8s, raconte le m\u00e9dia local <a href=\"https:\/\/www.20minutos.es\/comunidad-valenciana\/valencia\/muere-una-nina-seis-anos-otra-cuatro-esta-ingresada-tras-realizar-un-tratamiento-dental-misma-clinica-alzira_6900949_0.html\" rel=\"nofollow noopener\" target=\"_blank\" class=\"c-link c-link--is-underlined\">20 Minutos<\/a>.<\/p>\n<p>Le m\u00eame jour, le m\u00eame cabinet dentaire<\/p>\n<p>La premi\u00e8re patiente se trouve dans un \u00e9tat grave et elle a \u00e9t\u00e9 transf\u00e9r\u00e9e dans le service de soins intensifs. Les deux fillettes avaient toutes les deux \u00e9t\u00e9 trait\u00e9es au cours de la journ\u00e9e dans une clinique <a href=\"https:\/\/www.20minutes.fr\/dossier\/dentiste\" class=\"c-link c-link--is-underlined\" target=\"_blank\" rel=\"noopener\">dentaire<\/a> de la ville. En attendant la fin des investigations en cours, l\u2019activit\u00e9 y a \u00e9t\u00e9 arr\u00eat\u00e9e. La propri\u00e9taire du centre a affirm\u00e9 que l\u2019enfant d\u00e9c\u00e9d\u00e9e ne pr\u00e9sentait aucun probl\u00e8me de sant\u00e9 lorsqu\u2019elle a quitt\u00e9 les lieux.<\/p>\n<\/p>\n<p>Elle a \u00e9galement pr\u00e9cis\u00e9 que les enqu\u00eateurs s\u2019int\u00e9ressaient notamment \u00e0 \u00ab\u00a0un lot d\u2019anesth\u00e9siant d\u00e9fectueux\u00a0\u00bb. <a href=\"https:\/\/elcaso.elnacional.cat\/ca\/noticies\/clinica-dental-valencia-morir-nena-sis-anys-no-tenia-autoritzacio-sedacions_1516849102.html\" rel=\"nofollow noopener\" target=\"_blank\" class=\"c-link c-link--is-underlined\">El Caso<\/a> rapporte toutefois que la clinique n\u2019\u00e9tait pas habilit\u00e9e \u00e0 administrer ce type de produit en injection intraveineuse. La responsable du cabinet a expliqu\u00e9 que la victime d\u00e9c\u00e9d\u00e9e avait subi une extraction de dent de lait et des obturations de caries, des soins pour lesquels un s\u00e9datif avait \u00e9t\u00e9 utilis\u00e9 pour \u00ab\u00a0d\u00e9tendre\u00a0\u00bb l\u2019enfant.<\/p>\n","protected":false},"excerpt":{"rendered":"Deux petites filles \u00e2g\u00e9es de quatre et six ans ont \u00e9t\u00e9 conduites aux urgences d\u2019un h\u00f4pital d\u2019Alcira (Espagne)&hellip;\n","protected":false},"author":2,"featured_media":562463,"comment_status":"","ping_status":"","sticky":false,"template":"","format":"standard","meta":{"footnotes":""},"categories":[5],"tags":[47,11,60191,123,118,1011,27,14,74,12,28],"class_list":{"0":"post-562462","1":"post","2":"type-post","3":"status-publish","4":"format-standard","5":"has-post-thumbnail","7":"category-international","8":"tag-actualite","9":"tag-actualites","10":"tag-dentiste","11":"tag-espagne","12":"tag-faits-divers","13":"tag-fr","14":"tag-france","15":"tag-international","16":"tag-monde","17":"tag-news","18":"tag-world"},"share_on_mastodon":{"url":"https:\/\/pubeurope.com\/@fr\/115622168746122335","error":""},"_links":{"self":[{"href":"https:\/\/www.europesays.com\/fr\/wp-json\/wp\/v2\/posts\/562462","targetHints":{"allow":["GET"]}}],"collection":[{"href":"https:\/\/www.europesays.com\/fr\/wp-json\/wp\/v2\/posts"}],"about":[{"href":"https:\/\/www.europesays.com\/fr\/wp-json\/wp\/v2\/types\/post"}],"author":[{"embeddable":true,"href":"https:\/\/www.europesays.com\/fr\/wp-json\/wp\/v2\/users\/2"}],"replies":[{"embeddable":true,"href":"https:\/\/www.europesays.com\/fr\/wp-json\/wp\/v2\/comments?post=562462"}],"version-history":[{"count":0,"href":"https:\/\/www.europesays.com\/fr\/wp-json\/wp\/v2\/posts\/562462\/revisions"}],"wp:featuredmedia":[{"embeddable":true,"href":"https:\/\/www.europesays.com\/fr\/wp-json\/wp\/v2\/media\/562463"}],"wp:attachment":[{"href":"https:\/\/www.europesays.com\/fr\/wp-json\/wp\/v2\/media?parent=562462"}],"wp:term":[{"taxonomy":"category","embeddable":true,"href":"https:\/\/www.europesays.com\/fr\/wp-json\/wp\/v2\/categories?post=562462"},{"taxonomy":"post_tag","embeddable":true,"href":"https:\/\/www.europesays.com\/fr\/wp-json\/wp\/v2\/tags?post=562462"}],"curies":[{"name":"wp","href":"https:\/\/api.w.org\/{rel}","templated":true}]}}