{"id":562471,"date":"2025-11-27T14:41:38","date_gmt":"2025-11-27T14:41:38","guid":{"rendered":"https:\/\/www.europesays.com\/fr\/562471\/"},"modified":"2025-11-27T14:41:38","modified_gmt":"2025-11-27T14:41:38","slug":"lorraine-la-jeune-musicienne-nanceienne-aline-dubuit-bientot-cheffe-dorchestre","status":"publish","type":"post","link":"https:\/\/www.europesays.com\/fr\/562471\/","title":{"rendered":"Lorraine. La jeune musicienne nanc\u00e9ienne Aline Dubuit bient\u00f4t cheffe d&rsquo;orchestre !"},"content":{"rendered":"<p>\u00ab\u200aIl y a des \u00e9l\u00e8ves qui veulent \u00eatre chef d\u2019orchestre pour briller. Pour elle, rien de tout \u00e7a. C\u2019\u00e9tait pour mieux servir l\u2019orchestre.\u200a\u00bb Martial Theureaud se souvient tr\u00e8s bien de ce jour o\u00f9 Aline Dubuit lui demande conseil.<\/p>\n<p>Le chef d\u2019orchestre de l\u2019ensemble musical du Grand Est \u00ab\u200aAquilon\u200a\u00bb, dans lequel la fl\u00fbtiste nanc\u00e9ienne joue, accepte de lui donner des cours particuliers de direction d\u2019orchestre. Il est s\u00e9duit par l\u2019\u00e9tat d\u2019esprit de la musicienne. S\u00e9duit par son humilit\u00e9.<\/p>\n<p>  \u00ab\u00a0Faire progresser ses \u00e9l\u00e8ves de l\u2019orchestre\u00a0\u00bb<\/p>\n<p>\u00ab\u200aElle voulait faire progresser ses \u00e9l\u00e8ves de l\u2019orchestre qu\u2019elle avait cr\u00e9\u00e9 en 2015 au sein de l\u2019\u00c9cole de musique de Toul\u200a\u00bb, explique Martial Theureaud qui, pendant deux ans \u00e0 raison de deux heures par semaine, va guider la professeure de fl\u00fbte traversi\u00e8re.<\/p>\n<p>\u00ab\u200aJ\u2019\u00e9tais alors une enseignante qui battait la mesure mais \u00e0 qui il manquait les bases\u200a\u00bb, souligne Aline Dubuit, 38 ans, aujourd\u2019hui directrice adjointe du <a href=\"https:\/\/www.estrepublicain.fr\/culture-loisirs\/2025\/01\/23\/deja-directeur-du-conservatoire-il-prend-aussi-la-direction-du-reseau-intercommunal-des-mediatheques\" target=\"_blank\" rel=\"noopener\">conservatoire de musique de la communaut\u00e9 de communes du bassin de Pont-\u00e0-Mousson<\/a>.<\/p>\n<p class=\"txt\">Il m\u2019a surtout transmis le virus de la direction d\u2019orchestre\u00a0<\/p>\n<p class=\"nom\">Aline Dubuit<\/p>\n<p>\u00ab\u200aAu-del\u00e0 des cl\u00e9s qu\u2019il m\u2019a fournies, il m\u2019a surtout transmis le virus de la direction d\u2019orchestre\u200a!\u200a\u00bb, affirme la Nanc\u00e9ienne qui appr\u00e9ciait la fa\u00e7on de diriger et l\u2019approche bienveillante de son ma\u00eetre. Et c\u2019est cette p\u00e9dagogie-l\u00e0, bas\u00e9e sur l\u2019humain et le partage qu\u2019Aline Dubuit distille depuis quelques ann\u00e9es aupr\u00e8s de ses musiciens et au gr\u00e9 de ses diff\u00e9rentes aventures professionnelles.<\/p>\n<p>  \u00ab\u200aJ\u2019ai tr\u00e8s vite su que je voulais enseigner\u200a\u00bb<\/p>\n<p>\u00ab\u200aC\u2019est une passionn\u00e9e de p\u00e9dagogie\u200a\u00bb, remarque Martial Theureaud. D\u2019ailleurs, elle le dit \u200a: \u00ab\u200aJe ne voulais pas \u00eatre soliste, ni monter sur les plus grandes sc\u00e8nes du monde. J\u2019ai tr\u00e8s vite su que je voulais enseigner. Je voulais \u00eatre professeure comme ma super prof de fl\u00fbte\u200a\u00bb, confie Aline Dubuit qui a \u00e9t\u00e9 \u00e9lev\u00e9e au son de l\u2019orgue jou\u00e9 par son p\u00e8re et de la fl\u00fbte \u00e0 bec jou\u00e9e par sa m\u00e8re.<\/p>\n<p>C\u2019est \u00e0 l\u2019\u00e9cole de musique de Vand\u0153uvre-l\u00e8s-Nancy, avec \u00ab\u200asa super prof\u200a\u00bb, Catherine Debever-Perrier, qu\u2019elle d\u00e9couvre la fl\u00fbte traversi\u00e8re, un instrument dont elle tombe sous le charme apr\u00e8s un spectacle \u00ab\u200aLes fl\u00fbtes en chantier\u200a\u00bb de Claude-Henry Joubert, \u0153uvre en r\u00e9f\u00e9rence \u00e0 la fl\u00fbte enchant\u00e9e de Mozart.<\/p>\n<p>Dou\u00e9e, passionn\u00e9e, Aline veut faire de la musique son m\u00e9tier. \u00ab\u200aElle \u00e9tait plus qu\u2019une simple ex\u00e9cutante, elle avait ses id\u00e9es et \u00e9tait force de proposition\u200a\u00bb, se souvient sa professeure de fl\u00fbte. \u00ab\u00a0Elle en voulait beaucoup et encore aujourd&rsquo;hui ! \u00bb, affirme <a href=\"https:\/\/www.estrepublicain.fr\/culture-loisirs\/2022\/07\/25\/pedagogue-et-concertiste-catherine-enchante-la-flute\" target=\"_blank\" rel=\"noopener\">Catherine Debever-Perrier<\/a>.<\/p>\n<p>  Des projets au tour d&rsquo; \u00ab\u00a0Orchestre \u00e0 l&rsquo;\u00e9cole\u00a0\u00bb<\/p>\n<p>Baccalaur\u00e9at scientifique en poche, Aline file se perfectionner en r\u00e9gion parisienne aupr\u00e8s de Patrice Bocquillon au Conservatoire d\u2019Avray et\u00a0de Pascale Feuvrier au Conservatoire de Rueil-Malmaison. Elle en ressort avec son dipl\u00f4me d\u2019\u00e9tude musicale de fl\u00fbte traversi\u00e8re. Mais ce qui l\u2019anime, c\u2019est encore et toujours la p\u00e9dagogie.<\/p>\n<p>En parall\u00e8le des cours de fl\u00fbte qu\u2019elle donne depuis quelques ann\u00e9es dans diverses \u00e9coles de musique, elle poursuit sa formation au Cefedem de Lorraine o\u00f9 elle obtient son dipl\u00f4me d\u2019Etat de professeur en 2012. C\u2019est aussi \u00e0 ce moment-l\u00e0 qu\u2019elle b\u00e2tit des projets autour d\u2019orchestres\u200a: avec des musiciens amateurs mais aussi <a href=\"https:\/\/www.estrepublicain.fr\/culture-loisirs\/2022\/05\/12\/l-orchestre-a-l-ecole-se-paie-la-grande-scene-du-jardin-du-michel\" target=\"_blank\" rel=\"noopener\">dans le cadre du programme national connu \u00ab\u200aOrchestre \u00e0 l\u2019\u00e9cole\u200a\u00bb<\/a> (\u00e0 Toul, \u00e0 Woippy, \u00e0 Saint-Dizier et aujourd\u2019hui au sein de la comcom du bassin de Pont-\u00e0-Mousson).<\/p>\n<p class=\"txt\">Ce projet montre de mani\u00e8re criante tout ce que la musique peut apporter<\/p>\n<p class=\"nom\">Aline Dubuit<\/p>\n<p>\u00ab\u200aLe collectif reste un aboutissement\u200a\u00bb, indique Aline Dubuit qui, depuis 2024, est cheffe d\u2019orchestre au \u00ab\u200aCh\u0153ur de fl\u00fbtes de Lorraine\u200a\u00bb (ensemble dans lequel elle joue depuis 2015). \u00ab\u200aIl n\u2019y a rien de tel que de partager la musique \u00e0 plusieurs. C\u2019est ce qui donne du sens \u00e0 la pratique musicale. Ce qui donne envie de travailler ses gammes, sa technique\u200a\u00bb, d\u00e9taille-t-elle. Elle le remarque tr\u00e8s bien avec les \u00e9l\u00e8ves impliqu\u00e9s dans les projets d\u2019Orchestre \u00e0 l\u2019\u00e9cole.<\/p>\n<p>Des \u00e9l\u00e8ves, parfois \u00e9loign\u00e9s de toute ouverture sur le monde artistique et\/ou issus de milieux d\u00e9favoris\u00e9s, y d\u00e9couvrent, apprennent et m\u00fbrissent la musique en groupe. \u00ab\u00a0C&rsquo;est une aventure humaine o\u00f9 parfois des jeunes se r\u00e9v\u00e8lent l\u00e0 o\u00f9 il n&rsquo;avaient pas encore eu l&rsquo;opportunit\u00e9 de se r\u00e9v\u00e9ler. \u200aC\u2019est un fil qui les raccroche \u00e0 une r\u00e9alit\u00e9. C\u2019est aussi l\u2019id\u00e9e de faire soci\u00e9t\u00e9 ensemble o\u00f9 la responsabilit\u00e9 de chacun est importante pour le devenir du collectif.\u200a\u00bb Et d&rsquo;ajouter : \u00ab\u00a0Ce projet montre de mani\u00e8re criante tout ce que la musique peut apporter et \u00e0 quel point cela peut parfois changer une vie. \u00bb<\/p>\n<p>  \u00ab\u200aDonner le meilleur de sa personne et se d\u00e9passer\u200a\u00bb<\/p>\n<p>Et que ce soit face \u00e0 ces apprentis musiciens \u00e0 l\u2019\u00e9cole ou avec des orchestres amateurs ou semi-professionnels, le but recherch\u00e9 par Aline est le m\u00eame\u200a: \u00ab\u200apermettre \u00e0 chacun de donner le meilleur de sa personne et se d\u00e9passer\u200a\u00bb.<\/p>\n<p>En tant que cheffe d\u2019orchestre, \u00ab\u200aon est presque plus dans la psychologie que dans un travail musical effectif\u200a\u00bb. En tant qu\u2019\u00eatre humain c\u2019est \u00ab\u200aexp\u00e9rience sensorielle extraordinaire\u200a\u00bb.<\/p>\n<p>Aline Dubuit ach\u00e8vera en juin sa formation au Conservatoire de Nancy en direction d\u2019orchestre\u00a0dans la classe de Jean-Philippe Navarre. Entre-temps, elle dirigera pour le Conservatoire du bassin de Pont-\u00e0-Mousson une cr\u00e9ation de <a href=\"https:\/\/www.estrepublicain.fr\/culture-loisirs\/2024\/11\/22\/ensemble-stanislas-40-ans-d-harmonie-et-une-nouvelle-direction-artistique\" target=\"_blank\" rel=\"noopener\">Franck Natan (compositeur et violoniste \u00e0 l&rsquo;orchestre de l&rsquo;Op\u00e9ra de Nancy ainsi qu<strong>&lsquo;<\/strong>\u00e0 l\u2019Ensemble Stanislas)<\/a> pour orchestre symphonique et ch\u0153ur,\u00a0ainsi que\u00a0le choeur et l&rsquo;orchestre du <a href=\"https:\/\/www.estrepublicain.fr\/culture-loisirs\/2024\/11\/19\/le-gradus-ad-musicam-ouvre-sa-saison-avec-ambition-malgre-des-finances-sous-tension\" target=\"_blank\" rel=\"noopener\">Gradus Ad Musicam<\/a> en tant que cheffe invit\u00e9e. <\/p>\n<p>\u00ab\u200aElle est faite pour \u00e7a. Elle est comp\u00e9tente et tr\u00e8s appr\u00e9ci\u00e9e des musiciens. Je me r\u00e9jouis pour ceux qu\u2019elle va diriger\u200a\u00bb, conclut Martial Theureaud.<\/p>\n","protected":false},"excerpt":{"rendered":"\u00ab\u200aIl y a des \u00e9l\u00e8ves qui veulent \u00eatre chef d\u2019orchestre pour briller. Pour elle, rien de tout \u00e7a.&hellip;\n","protected":false},"author":2,"featured_media":562472,"comment_status":"","ping_status":"","sticky":false,"template":"","format":"standard","meta":{"footnotes":""},"categories":[9635],"tags":[1111,11,1687,1704,1706,1057,1777,674,107,1011,27,775,873,1702,12,10422,3456,25],"class_list":{"0":"post-562471","1":"post","2":"type-post","3":"status-publish","4":"format-standard","5":"has-post-thumbnail","7":"category-nancy","8":"tag-actu","9":"tag-actualites","10":"tag-culture-loisirs","11":"tag-edition-nancy-et-agglomeration","12":"tag-edition-pont-a-mousson","13":"tag-education","14":"tag-eu","15":"tag-europe","16":"tag-fil-info","17":"tag-fr","18":"tag-france","19":"tag-grand-est","20":"tag-musique","21":"tag-nancy","22":"tag-news","23":"tag-pont-a-mousson","24":"tag-region-lorraine","25":"tag-republique-francaise"},"share_on_mastodon":{"url":"https:\/\/pubeurope.com\/@fr\/115622188495987375","error":""},"_links":{"self":[{"href":"https:\/\/www.europesays.com\/fr\/wp-json\/wp\/v2\/posts\/562471","targetHints":{"allow":["GET"]}}],"collection":[{"href":"https:\/\/www.europesays.com\/fr\/wp-json\/wp\/v2\/posts"}],"about":[{"href":"https:\/\/www.europesays.com\/fr\/wp-json\/wp\/v2\/types\/post"}],"author":[{"embeddable":true,"href":"https:\/\/www.europesays.com\/fr\/wp-json\/wp\/v2\/users\/2"}],"replies":[{"embeddable":true,"href":"https:\/\/www.europesays.com\/fr\/wp-json\/wp\/v2\/comments?post=562471"}],"version-history":[{"count":0,"href":"https:\/\/www.europesays.com\/fr\/wp-json\/wp\/v2\/posts\/562471\/revisions"}],"wp:featuredmedia":[{"embeddable":true,"href":"https:\/\/www.europesays.com\/fr\/wp-json\/wp\/v2\/media\/562472"}],"wp:attachment":[{"href":"https:\/\/www.europesays.com\/fr\/wp-json\/wp\/v2\/media?parent=562471"}],"wp:term":[{"taxonomy":"category","embeddable":true,"href":"https:\/\/www.europesays.com\/fr\/wp-json\/wp\/v2\/categories?post=562471"},{"taxonomy":"post_tag","embeddable":true,"href":"https:\/\/www.europesays.com\/fr\/wp-json\/wp\/v2\/tags?post=562471"}],"curies":[{"name":"wp","href":"https:\/\/api.w.org\/{rel}","templated":true}]}}