{"id":562475,"date":"2025-11-27T14:43:19","date_gmt":"2025-11-27T14:43:19","guid":{"rendered":"https:\/\/www.europesays.com\/fr\/562475\/"},"modified":"2025-11-27T14:43:19","modified_gmt":"2025-11-27T14:43:19","slug":"noel-2025-a-toulon-marches-et-animations","status":"publish","type":"post","link":"https:\/\/www.europesays.com\/fr\/562475\/","title":{"rendered":"No\u00ebl 2025 \u00e0 Toulon : march\u00e9s et animations"},"content":{"rendered":"<p>\t\t\t\t\t\t\t\tAnimations et march\u00e9 de No\u00ebl place de la Libert\u00e9<\/p>\n<p data-start=\"681\" data-end=\"1072\">La place de la Libert\u00e9 accueille le march\u00e9 de No\u00ebl du 21 novembre au 28 d\u00e9cembre 2025. Le site r\u00e9unit 53 chalets, dont 19 d\u00e9di\u00e9s aux artisans. Les visiteurs y trouvent cr\u00e9ations locales, objets d\u00e9coratifs, produits de saison, gourmandises, textiles et petite restauration. Les all\u00e9es restent larges et permettent une circulation simple, m\u00eame lors des heures les plus fr\u00e9quent\u00e9es.<\/p>\n<p data-start=\"1074\" data-end=\"1344\">La cr\u00e8che anim\u00e9e, install\u00e9e au c\u0153ur du site, reprend un village proven\u00e7al avec pr\u00e8s de 1 000 santons. Son d\u00e9cor d\u00e9taill\u00e9 attire chaque ann\u00e9e un large public. La structure reste accessible durant toute la p\u00e9riode et constitue un point de rep\u00e8re pour les familles.<\/p>\n<p data-start=\"1346\" data-end=\"1714\">Les animations rythment la place et les rues proches. Des parades circulent r\u00e9guli\u00e8rement dans le centre-ville. Elles comprennent personnages costum\u00e9s, musiques et petites sc\u00e8nes mobiles. La fontaine de la F\u00e9d\u00e9ration accueille \u00e9galement un dispositif lumineux pr\u00e9vu pour la p\u00e9riode de No\u00ebl. Ce d\u00e9cor renforce l\u2019atmosph\u00e8re du march\u00e9 et accompagne les d\u00e9ambulations.<\/p>\n<p data-start=\"1716\" data-end=\"1933\">Plusieurs zones de repos sont am\u00e9nag\u00e9es autour des chalets pour permettre des pauses sans g\u00eaner la circulation. La place de la Libert\u00e9 reste facilement accessible depuis les transports en commun, ce qui permet de g\u00e9rer l\u2019affluence.<\/p>\n<p><img loading=\"lazy\" decoding=\"async\" class=\"wp-image-57422 size-full\" src=\"https:\/\/www.europesays.com\/fr\/wp-content\/uploads\/2025\/11\/Noel-2025-Toulon-sapin-de-Noel.jpg\" alt=\"No\u00ebl 2025 \u00e0 Toulon\" width=\"652\" height=\"796\"  \/>le magnifique sapin de No\u00ebl<br \/>\nUne grande vari\u00e9t\u00e9 de stands pour cette \u00e9dition 2025<\/p>\n<p data-start=\"3072\" data-end=\"3486\">Le march\u00e9 de No\u00ebl de la place de la Libert\u00e9 propose une offre large et diversifi\u00e9e. Plusieurs chalets se consacrent \u00e0 l\u2019artisanat local : c\u00e9ramique, bijoux, d\u00e9coration, bougies et cr\u00e9ations en bois. D\u2019autres se concentrent sur les produits de saison, les sp\u00e9cialit\u00e9s r\u00e9gionales, les douceurs sucr\u00e9es et les boissons hivernales.<br data-start=\"3365\" data-end=\"3368\"\/>Une partie du march\u00e9 pr\u00e9sente aussi des articles textiles, des accessoires et des id\u00e9es cadeaux pour toute la famille.<\/p>\n<p data-start=\"3488\" data-end=\"3956\">Cette vari\u00e9t\u00e9 permet de couvrir un large public. Chaque exposant poss\u00e8de sa propre identit\u00e9, son savoir-faire et ses produits phares. Afin de mieux comprendre cette diversit\u00e9, une pr\u00e9sentation r\u00e9guli\u00e8re des stands sera diffus\u00e9e sur la page Facebook d\u00e9di\u00e9e aux animations. Chaque publication mettra en avant un chalet, son offre et son travail.<\/p>\n<p>Village des enfants et patinoire place d\u2019Armes<\/p>\n<p data-start=\"1995\" data-end=\"2333\">\u00c0 quelques minutes \u00e0 pied, la place d\u2019Armes accueille le Village de No\u00ebl des enfants du 28 novembre 2025 au 4 janvier 2026. Le site regroupe des man\u00e8ges, des ateliers ponctuels, ainsi que plusieurs espaces destin\u00e9s aux familles. La configuration permet des d\u00e9placements fluides entre chaque zone, m\u00eame lors des journ\u00e9es soutenues.<\/p>\n<p data-start=\"2335\" data-end=\"2480\">La patinoire, situ\u00e9e au centre du village, constitue l\u2019une des animations les plus attendues. Elle fonctionne selon les horaires suivants :<\/p>\n<ul data-start=\"2481\" data-end=\"2754\">\n<li data-start=\"2481\" data-end=\"2516\">\n<p data-start=\"2483\" data-end=\"2516\">Lundi \u00e0 jeudi : 10h30\u201321h30<\/p>\n<\/li>\n<li data-start=\"2517\" data-end=\"2557\">\n<p data-start=\"2519\" data-end=\"2557\">Vendredi et samedi : 10h30\u201322h30<\/p>\n<\/li>\n<li data-start=\"2558\" data-end=\"2588\">\n<p data-start=\"2560\" data-end=\"2588\">Dimanche : 10h30\u201321h30<\/p>\n<\/li>\n<li data-start=\"2589\" data-end=\"2622\">\n<p data-start=\"2591\" data-end=\"2622\">24 d\u00e9cembre : 10h30\u201318h30<\/p>\n<\/li>\n<li data-start=\"2623\" data-end=\"2656\">\n<p data-start=\"2625\" data-end=\"2656\">25 d\u00e9cembre : 15h30\u201320h30<\/p>\n<\/li>\n<li data-start=\"2657\" data-end=\"2690\">\n<p data-start=\"2659\" data-end=\"2690\">31 d\u00e9cembre : 10h30\u201318h30<\/p>\n<\/li>\n<li data-start=\"2691\" data-end=\"2724\">\n<p data-start=\"2693\" data-end=\"2724\">1er janvier : 15h30\u201320h30<\/p>\n<\/li>\n<li data-start=\"2725\" data-end=\"2754\">\n<p data-start=\"2727\" data-end=\"2754\">4 janvier : 10h30\u201318h30<\/p>\n<\/li>\n<\/ul>\n<p data-start=\"2756\" data-end=\"2997\">L\u2019acc\u00e8s co\u00fbte 2,50 \u20ac la demi-heure, avec patins et casque fournis. Le casque est obligatoire pour les enfants de moins de huit ans. Des zones d\u2019attente sont am\u00e9nag\u00e9es autour de la piste pour faciliter les d\u00e9placements et la surveillance.<\/p>\n<p><img loading=\"lazy\" decoding=\"async\" class=\"wp-image-57429 size-full\" src=\"https:\/\/www.europesays.com\/fr\/wp-content\/uploads\/2025\/11\/marche-de-noel-2025-stand.jpg\" alt=\"march\u00e9 de No\u00ebl 2025 \" width=\"800\" height=\"600\"  \/>stand du march\u00e9 de No\u00ebl place de la libert\u00e9<br \/>\nAcc\u00e8s, circulation et organisation en centre-ville<\/p>\n<p data-start=\"4022\" data-end=\"4493\">Les deux sites se situent au c\u0153ur de Toulon. Les lignes de bus desservent directement les places de la Libert\u00e9 et d\u2019Armes. La gare SNCF ainsi que les parkings du centre facilitent \u00e9galement l\u2019acc\u00e8s.<br data-start=\"4220\" data-end=\"4223\"\/>Pendant la p\u00e9riode de No\u00ebl, la fr\u00e9quentation augmente fortement autour des rues adjacentes. La marche ou les transports en commun restent souvent la solution la plus simple. La ville adapte r\u00e9guli\u00e8rement son dispositif pour encadrer les flux et maintenir la circulation.<\/p>\n<p data-start=\"4495\" data-end=\"4689\">Les deux sites restent ouverts tous les jours durant les p\u00e9riodes indiqu\u00e9es. Les visiteurs peuvent ainsi organiser leur venue selon les animations, l\u2019horaire souhait\u00e9 ou les \u00e9v\u00e9nements associ\u00e9s.<\/p>\n<p data-start=\"4495\" data-end=\"4689\">Les animations de No\u00ebl 2025 r\u00e9unissent march\u00e9, patinoire, cr\u00e8che, parades et stands vari\u00e9s sur deux sites centraux. Le programme \u00e9tendu permet une d\u00e9couverte progressive tout au long de la saison hivernale.<\/p>\n<p><img loading=\"lazy\" decoding=\"async\" class=\"size-full wp-image-57430\" src=\"https:\/\/www.europesays.com\/fr\/wp-content\/uploads\/2025\/11\/Noel-2025-Toulon-affiche-des-festivites-1-1.jpg\" alt=\"No\u00ebl 2025 Toulon\" width=\"500\" height=\"733\"\/>affiche des festivit\u00e9s<br \/>\n<strong><a href=\"https:\/\/toulon.fr\/sites\/default\/files\/2025-11\/TMM-NOEL-2025-BasseDef.pdf\" target=\"_blank\" rel=\"noopener\">Programme d\u00e9taill\u00e9 des festivit\u00e9s de No\u00ebl 2025 \u00e0 Toulon<\/a><\/strong><br \/>\nA lire et \u00e0 voir aussi sur notre site :<\/p>\n<p><a href=\"https:\/\/www.info83.fr\/la-magie-de-noel-2025-dans-le-var-festivites-marches\/\" target=\"_blank\" rel=\"noopener\">La magie de No\u00ebl 2025 dans le Var : festivit\u00e9s &amp; march\u00e9s<\/a><\/p>\n<p><strong><img decoding=\"async\" class=\"emoji\" role=\"img\" draggable=\"false\" src=\"https:\/\/s.w.org\/images\/core\/emoji\/13.1.0\/svg\/1f538.svg\" alt=\"\ud83d\udd38\" data-pin-no-hover=\"true\"\/>Info83, le Var proche de vous<br \/><\/strong><\/p>\n<p><img decoding=\"async\" class=\"emoji\" role=\"img\" draggable=\"false\" src=\"https:\/\/s.w.org\/images\/core\/emoji\/13.1.0\/svg\/27a1.svg\" alt=\"\u27a1\ufe0f\" data-pin-no-hover=\"true\"\/>\u00a0<a href=\"https:\/\/bit.ly\/2OZZMMK\" target=\"_blank\" rel=\"noopener noreferrer\">Facebook Info83<\/a><\/p>\n<p><img decoding=\"async\" class=\"emoji\" role=\"img\" draggable=\"false\" src=\"https:\/\/s.w.org\/images\/core\/emoji\/13.1.0\/svg\/27a1.svg\" alt=\"\u27a1\ufe0f\" data-pin-no-hover=\"true\"\/>\u00a0<a href=\"https:\/\/bit.ly\/2ONkTC9\" target=\"_blank\" rel=\"noopener noreferrer\">Youtube Info83<\/a><\/p>\n","protected":false},"excerpt":{"rendered":"Animations et march\u00e9 de No\u00ebl place de la Libert\u00e9 La place de la Libert\u00e9 accueille le march\u00e9 de&hellip;\n","protected":false},"author":2,"featured_media":562476,"comment_status":"","ping_status":"","sticky":false,"template":"","format":"standard","meta":{"footnotes":""},"categories":[9619],"tags":[67858,1111,11,67859,67860,67861,67862,62064,67863,67864,1777,674,67865,67866,67867,1011,27,67868,67869,67870,67871,67872,12,67873,67874,67875,67876,882,25,67877,67878,67879,67880,2310,67881,67882],"class_list":{"0":"post-562475","1":"post","2":"type-post","3":"status-publish","4":"format-standard","5":"has-post-thumbnail","7":"category-toulon","8":"tag-activites-enfants-var","9":"tag-actu","10":"tag-actualites","11":"tag-agenda-fetes-toulon","12":"tag-agenda-noel-var","13":"tag-ambiance-de-noel","14":"tag-animations-de-noel-toulon","15":"tag-centre-ville-toulon","16":"tag-chalets-de-noel-toulon","17":"tag-creche-animee-toulon","18":"tag-eu","19":"tag-europe","20":"tag-evenements-var-2025","21":"tag-festivites-hivernales-toulon","22":"tag-fetes-de-fin-dannee-var","23":"tag-fr","24":"tag-france","25":"tag-idees-sorties-noel","26":"tag-infos-pratiques-noel-toulon","27":"tag-lumieres-de-noel-toulon","28":"tag-magie-de-noel-toulonnaise","29":"tag-marche-de-noel-toulon","30":"tag-news","31":"tag-noel-toulon","32":"tag-parades-de-noel-toulon","33":"tag-patinoire-toulon","34":"tag-programme-noel-2025","35":"tag-provence-alpes-cote-dazur","36":"tag-republique-francaise","37":"tag-sorties-decembre-toulon","38":"tag-sorties-famille-toulon","39":"tag-sorties-gratuites-toulon","40":"tag-sorties-week-end-toulon","41":"tag-toulon","42":"tag-traditions-de-noel-var","43":"tag-village-des-enfants-toulon"},"share_on_mastodon":{"url":"","error":"Validation failed: Text character limit of 500 exceeded"},"_links":{"self":[{"href":"https:\/\/www.europesays.com\/fr\/wp-json\/wp\/v2\/posts\/562475","targetHints":{"allow":["GET"]}}],"collection":[{"href":"https:\/\/www.europesays.com\/fr\/wp-json\/wp\/v2\/posts"}],"about":[{"href":"https:\/\/www.europesays.com\/fr\/wp-json\/wp\/v2\/types\/post"}],"author":[{"embeddable":true,"href":"https:\/\/www.europesays.com\/fr\/wp-json\/wp\/v2\/users\/2"}],"replies":[{"embeddable":true,"href":"https:\/\/www.europesays.com\/fr\/wp-json\/wp\/v2\/comments?post=562475"}],"version-history":[{"count":0,"href":"https:\/\/www.europesays.com\/fr\/wp-json\/wp\/v2\/posts\/562475\/revisions"}],"wp:featuredmedia":[{"embeddable":true,"href":"https:\/\/www.europesays.com\/fr\/wp-json\/wp\/v2\/media\/562476"}],"wp:attachment":[{"href":"https:\/\/www.europesays.com\/fr\/wp-json\/wp\/v2\/media?parent=562475"}],"wp:term":[{"taxonomy":"category","embeddable":true,"href":"https:\/\/www.europesays.com\/fr\/wp-json\/wp\/v2\/categories?post=562475"},{"taxonomy":"post_tag","embeddable":true,"href":"https:\/\/www.europesays.com\/fr\/wp-json\/wp\/v2\/tags?post=562475"}],"curies":[{"name":"wp","href":"https:\/\/api.w.org\/{rel}","templated":true}]}}