{"id":562483,"date":"2025-11-27T14:52:11","date_gmt":"2025-11-27T14:52:11","guid":{"rendered":"https:\/\/www.europesays.com\/fr\/562483\/"},"modified":"2025-11-27T14:52:11","modified_gmt":"2025-11-27T14:52:11","slug":"dimportants-retards-sur-la-ligne-sncf-paris-rouen-le-havre-apres-un-accident-de-personne","status":"publish","type":"post","link":"https:\/\/www.europesays.com\/fr\/562483\/","title":{"rendered":"D&rsquo;importants retards sur la ligne SNCF Paris-Rouen-Le Havre apr\u00e8s un \u00ab accident de personne \u00bb"},"content":{"rendered":"<p>                    Par<br \/>\n        <strong><br \/>\n            <a href=\"https:\/\/actu.fr\/auteur\/vanessa-leroy\" title=\"Consulter tous les articles de Vanessa Leroy\" target=\"_blank\" rel=\"noopener\">Vanessa Leroy<\/a><br \/>\n                    <\/strong><\/p>\n<p>        Publi\u00e9 le<\/p>\n<p>            27 nov. 2025 \u00e0 14h28        <\/p>\n<p>La <strong>circulation des trains est interrompue <\/strong>sur la ligne Paris-<a href=\"https:\/\/actu.fr\/76actu\/\" target=\"_blank\" rel=\"noopener\">Rouen-Le\u00a0Havre<\/a>, entre Paris Saint-Lazare et Mantes-la-Jolie dans les deux sens, ce jeudi 27\u00a0novembre 2025, depuis 12h40, en raison d\u2019un \u00ab\u2009accident de personne\u2009\u00bb, indique la SNCF <a href=\"https:\/\/x.com\/train_nomad\/status\/1994013348065636452\">sur son compte X<\/a>.<\/p>\n<p>Des retards pouvant aller jusqu\u2019\u00e0 deux heures<\/p>\n<p class=\" wall-content\">L\u2019accident en question s\u2019est produit en gare de Bonni\u00e8res-sur-Seine, dans les Yvelines. \u00ab\u2009<strong>Les forces de l\u2019ordre sont sur place<\/strong> et l\u2019enqu\u00eate est en cours\u2009\u00bb, pr\u00e9cise la SNCF. Les secours et les pompes fun\u00e8bres ont \u00e9galement \u00e9t\u00e9 d\u00e9p\u00each\u00e9s sur les lieux. \u00ab\u2009Leur intervention est termin\u00e9e\u2009\u00bb, indique, vers 14h15, la SNCF jointe par 76actu.<\/p>\n<p class=\" wall-content\">\n<p class=\" wall-content\">Cons\u00e9quence\u2009: <strong>d\u2019importants retards sont en cours<\/strong> sur le r\u00e9seau ferroviaire entre la capitale\u00a0et la Normandie.<\/p>\n<p class=\" wall-content\">Le train 3111 qui devait arriver \u00e0 Rouen en provenance de Paris \u00e0 12h57 a \u00e9t\u00e9 supprim\u00e9 : \u00ab Les \u00e9quipes de SNCF Voyageurs sont sur place pour assurer la prise en charge des voyageurs du train 3111. Les trains 3113 et 3116 emprunteront un itin\u00e9raire alternatif entre Paris et Rouen, passant par Serqueux-Gisors, allongeant le temps de parcours d\u2019environ une heure. \u00bb<\/p>\n<p class=\" wall-content\">Il faut dans tous les cas compter <strong>entre 40\u00a0minutes et deux heures d\u2019attente<\/strong>. La circulation pourrait revenir \u00e0 la normale vers 15h30.<\/p>\n<p>Suivez l\u2019actualit\u00e9 de <a href=\"https:\/\/www.whatsapp.com\/channel\/0029VaKfnf99hXF2ddApFB1D\" target=\"_blank\" rel=\"noopener\">Rouen<\/a> et du\u00a0<a href=\"https:\/\/www.whatsapp.com\/channel\/0029VaFqJYE8aKvLBwVrEe0o\" target=\"_blank\" rel=\"noopener\">Havre<\/a> sur nos cha\u00eenes WhatsApp et <a href=\"https:\/\/www.tiktok.com\/@76actu.fr?lang=fr\" target=\"_blank\" rel=\"noopener\">sur notre compte TikTok<\/a><\/p>\n<p class=\" wall-content\">Personnalisez votre actualit\u00e9 en ajoutant vos villes et m\u00e9dias en favori avec <a href=\"https:\/\/moncompte.actu.fr\" title=\"D\u00e9couvez Mon Actu\" rel=\"nofollow noopener\" data-trk=\"{&quot;cta&quot;:{&quot;action&quot;:&quot;https:\\\/\\\/moncompte.actu.fr&quot;,&quot;category&quot;:&quot;mon compte&quot;,&quot;from&quot;:&quot;article footer&quot;,&quot;name&quot;:&quot;Mon actu&quot;,&quot;type&quot;:&quot;cta&quot;}}\" target=\"_blank\">Mon Actu<\/a>.<\/p>\n<p>                    <script async src=\"\/\/www.tiktok.com\/embed.js\"><\/script><\/p>\n","protected":false},"excerpt":{"rendered":"Par Vanessa Leroy Publi\u00e9 le 27 nov. 2025 \u00e0 14h28 La circulation des trains est interrompue sur la&hellip;\n","protected":false},"author":2,"featured_media":562484,"comment_status":"","ping_status":"","sticky":false,"template":"","format":"standard","meta":{"footnotes":""},"categories":[9587],"tags":[119,1111,11,1777,674,118,1011,27,12,5161,25,9590,2215],"class_list":{"0":"post-562483","1":"post","2":"type-post","3":"status-publish","4":"format-standard","5":"has-post-thumbnail","7":"category-rouen","8":"tag-accident","9":"tag-actu","10":"tag-actualites","11":"tag-eu","12":"tag-europe","13":"tag-faits-divers","14":"tag-fr","15":"tag-france","16":"tag-news","17":"tag-normandie","18":"tag-republique-francaise","19":"tag-rouen","20":"tag-sncf"},"share_on_mastodon":{"url":"https:\/\/pubeurope.com\/@fr\/115622231764582964","error":""},"_links":{"self":[{"href":"https:\/\/www.europesays.com\/fr\/wp-json\/wp\/v2\/posts\/562483","targetHints":{"allow":["GET"]}}],"collection":[{"href":"https:\/\/www.europesays.com\/fr\/wp-json\/wp\/v2\/posts"}],"about":[{"href":"https:\/\/www.europesays.com\/fr\/wp-json\/wp\/v2\/types\/post"}],"author":[{"embeddable":true,"href":"https:\/\/www.europesays.com\/fr\/wp-json\/wp\/v2\/users\/2"}],"replies":[{"embeddable":true,"href":"https:\/\/www.europesays.com\/fr\/wp-json\/wp\/v2\/comments?post=562483"}],"version-history":[{"count":0,"href":"https:\/\/www.europesays.com\/fr\/wp-json\/wp\/v2\/posts\/562483\/revisions"}],"wp:featuredmedia":[{"embeddable":true,"href":"https:\/\/www.europesays.com\/fr\/wp-json\/wp\/v2\/media\/562484"}],"wp:attachment":[{"href":"https:\/\/www.europesays.com\/fr\/wp-json\/wp\/v2\/media?parent=562483"}],"wp:term":[{"taxonomy":"category","embeddable":true,"href":"https:\/\/www.europesays.com\/fr\/wp-json\/wp\/v2\/categories?post=562483"},{"taxonomy":"post_tag","embeddable":true,"href":"https:\/\/www.europesays.com\/fr\/wp-json\/wp\/v2\/tags?post=562483"}],"curies":[{"name":"wp","href":"https:\/\/api.w.org\/{rel}","templated":true}]}}