{"id":562485,"date":"2025-11-27T14:53:19","date_gmt":"2025-11-27T14:53:19","guid":{"rendered":"https:\/\/www.europesays.com\/fr\/562485\/"},"modified":"2025-11-27T14:53:19","modified_gmt":"2025-11-27T14:53:19","slug":"disparition-inquietante-dune-mineure-pres-de-rouen-la-police-lance-un-appel-a-temoins","status":"publish","type":"post","link":"https:\/\/www.europesays.com\/fr\/562485\/","title":{"rendered":"Disparition inqui\u00e9tante d\u2019une mineure pr\u00e8s de Rouen, la police lance un appel \u00e0 t\u00e9moins"},"content":{"rendered":"<p>La police nationale a lanc\u00e9 un appel \u00e0 t\u00e9moins ce jeudi 27 novembre 2025 concernant la disparition d\u2019une jeune fille de 14 ans disparue pr\u00e8s de Rouen (Seine-Maritime). Elle est introuvable depuis 20 jours.<\/p>\n<p>\n      La Quotidienne Soci\u00e9t\u00e9\n    <\/p>\n<p>\n      De la vie quotidienne aux grands enjeux, recevez tous les jours les sujets qui font la soci\u00e9t\u00e9 locale, comme la justice, l\u2019\u00e9ducation, la sant\u00e9 et la famille.\n    <\/p>\n<p>    France T\u00e9l\u00e9visions utilise votre adresse e-mail afin de vous envoyer la newsletter \u00ab\u00a0La Quotidienne Soci\u00e9t\u00e9\u00a0\u00bb. Vous pouvez vous d\u00e9sinscrire \u00e0 tout moment via le lien en bas de cette newsletter. <a target=\"_blank\" href=\"https:\/\/www.francetelevisions.fr\/groupe\/confidentialite\/politique-de-confidentialite\/politique-de-confidentialite-de-france-televisions-6503\" rel=\"noopener\">Notre politique de confidentialit\u00e9<\/a><\/p>\n<p>\u00ab\u00a0Louanne a disparu depuis le 7 novembre dernier\u00a0\u00bb. La coll\u00e9gienne n\u2019est pas revenue apr\u00e8s ses cours dans le foyer o\u00f9 elle est plac\u00e9e \u00e0 Canteleu pr\u00e8s de Rouen.<\/p>\n<p>L\u2019adolescente mesure 1,60m, de corpulence mince et a des cheveux longs et ch\u00e2tains. Le jour de sa disparition, elle portait un surv\u00eatement noir de la marque Under Armour.<\/p>\n<p>Selon la police, elle aurait \u00e9t\u00e9 aper\u00e7ue dans le quartier Saint-Sever cette semaine. \u00ab\u00a0Les parents auraient re\u00e7u des messages r\u00e9guli\u00e8rement ces derniers jours\u00a0\u00bb mais la police souhaite relayer cette disparition jug\u00e9e inqui\u00e9tante.<\/p>\n<p>Louanne \u00e9tait plac\u00e9e dans le foyer IDEFHI \u00e0 Canteleu, le m\u00eame \u00e9tablissement qu&rsquo;occupait <a href=\"https:\/\/france3-regions.franceinfo.fr\/normandie\/seine-maritime\/rouen\/disparition-d-alexandr-16-ans-a-rouen-il-a-ete-enleve-par-sa-famille-et-emmene-de-force-en-ukraine-3252991.html\" target=\"_blank\" rel=\"noopener noreferrer nofollow\" data-tooltip-url=\"https:\/\/france3-regions.franceinfo.fr\/normandie\/seine-maritime\/rouen\/disparition-d-alexandr-16-ans-a-rouen-il-a-ete-enleve-par-sa-famille-et-emmene-de-force-en-ukraine-3252991.html\">Alexandr, retrouv\u00e9 r\u00e9cemment apr\u00e8s avoir \u00e9t\u00e9 enlev\u00e9 par ses parents.<\/a> Le 2 juin 2025, alors qu&rsquo;il se rendait \u00e0 la salle de sport, situ\u00e9e rue d&rsquo;Elbeuf \u00e0 Rouen, le jeune ukrainien de 16 ans avait \u00e9t\u00e9 emmen\u00e9 de force par sa m\u00e8re et son beau-p\u00e8re en Ukraine.<\/p>\n","protected":false},"excerpt":{"rendered":"La police nationale a lanc\u00e9 un appel \u00e0 t\u00e9moins ce jeudi 27 novembre 2025 concernant la disparition d\u2019une&hellip;\n","protected":false},"author":2,"featured_media":562486,"comment_status":"","ping_status":"","sticky":false,"template":"","format":"standard","meta":{"footnotes":""},"categories":[9587],"tags":[1111,11,1777,674,1011,27,12,5161,25,9590],"class_list":{"0":"post-562485","1":"post","2":"type-post","3":"status-publish","4":"format-standard","5":"has-post-thumbnail","7":"category-rouen","8":"tag-actu","9":"tag-actualites","10":"tag-eu","11":"tag-europe","12":"tag-fr","13":"tag-france","14":"tag-news","15":"tag-normandie","16":"tag-republique-francaise","17":"tag-rouen"},"share_on_mastodon":{"url":"https:\/\/pubeurope.com\/@fr\/115622235613965398","error":""},"_links":{"self":[{"href":"https:\/\/www.europesays.com\/fr\/wp-json\/wp\/v2\/posts\/562485","targetHints":{"allow":["GET"]}}],"collection":[{"href":"https:\/\/www.europesays.com\/fr\/wp-json\/wp\/v2\/posts"}],"about":[{"href":"https:\/\/www.europesays.com\/fr\/wp-json\/wp\/v2\/types\/post"}],"author":[{"embeddable":true,"href":"https:\/\/www.europesays.com\/fr\/wp-json\/wp\/v2\/users\/2"}],"replies":[{"embeddable":true,"href":"https:\/\/www.europesays.com\/fr\/wp-json\/wp\/v2\/comments?post=562485"}],"version-history":[{"count":0,"href":"https:\/\/www.europesays.com\/fr\/wp-json\/wp\/v2\/posts\/562485\/revisions"}],"wp:featuredmedia":[{"embeddable":true,"href":"https:\/\/www.europesays.com\/fr\/wp-json\/wp\/v2\/media\/562486"}],"wp:attachment":[{"href":"https:\/\/www.europesays.com\/fr\/wp-json\/wp\/v2\/media?parent=562485"}],"wp:term":[{"taxonomy":"category","embeddable":true,"href":"https:\/\/www.europesays.com\/fr\/wp-json\/wp\/v2\/categories?post=562485"},{"taxonomy":"post_tag","embeddable":true,"href":"https:\/\/www.europesays.com\/fr\/wp-json\/wp\/v2\/tags?post=562485"}],"curies":[{"name":"wp","href":"https:\/\/api.w.org\/{rel}","templated":true}]}}