{"id":562487,"date":"2025-11-27T14:54:13","date_gmt":"2025-11-27T14:54:13","guid":{"rendered":"https:\/\/www.europesays.com\/fr\/562487\/"},"modified":"2025-11-27T14:54:13","modified_gmt":"2025-11-27T14:54:13","slug":"jaime-etre-maire-car-je-gere-des-projets-concrets","status":"publish","type":"post","link":"https:\/\/www.europesays.com\/fr\/562487\/","title":{"rendered":"\u00ab\u00a0J\u2019aime \u00eatre maire car je g\u00e8re des projets concrets\u00a0\u00bb"},"content":{"rendered":"<p>La crise de vocation, tr\u00e8s peu pour elle. Au contraire, Coralie Bourdelain, la maire de Revel depuis 2020, a vu son engagement se renforcer. \u00ab\u00a0J\u2019aime \u00eatre maire car je g\u00e8re des projets concrets, j\u2019agis pour les autres. C\u2019est vrai que ce n\u2019est pas tous les jours facile, mais je me sens en capacit\u00e9 de continuer et j\u2019ai envie de poursuivre ce que l\u2019on a engag\u00e9 avec l\u2019\u00e9quipe en place\u00a0\u00bb, affirme l\u2019\u00e9dile. Maire depuis 2020, elle a derri\u00e8re elle deux mandats en tant que premi\u00e8re adjointe, quand le socialiste Bernard Michon \u00e9tait aux affaires&#8230;.<\/p>\n","protected":false},"excerpt":{"rendered":"La crise de vocation, tr\u00e8s peu pour elle. Au contraire, Coralie Bourdelain, la maire de Revel depuis 2020,&hellip;\n","protected":false},"author":2,"featured_media":562488,"comment_status":"","ping_status":"","sticky":false,"template":"","format":"standard","meta":{"footnotes":""},"categories":[9566],"tags":[1111,11,2430,1984,113,4188,1777,674,1011,27,2731,12204,108,12,316,25,26949],"class_list":{"0":"post-562487","1":"post","2":"type-post","3":"status-publish","4":"format-standard","5":"has-post-thumbnail","7":"category-grenoble","8":"tag-actu","9":"tag-actualites","10":"tag-auvergne-rhone-alpes","11":"tag-conseil-municipal","12":"tag-edition-gresivaudan-oisans","13":"tag-elections-municipales","14":"tag-eu","15":"tag-europe","16":"tag-fr","17":"tag-france","18":"tag-grenoble","19":"tag-gresivaudan","20":"tag-isere","21":"tag-news","22":"tag-politique","23":"tag-republique-francaise","24":"tag-revel"},"share_on_mastodon":{"url":"https:\/\/pubeurope.com\/@fr\/115622239797492612","error":""},"_links":{"self":[{"href":"https:\/\/www.europesays.com\/fr\/wp-json\/wp\/v2\/posts\/562487","targetHints":{"allow":["GET"]}}],"collection":[{"href":"https:\/\/www.europesays.com\/fr\/wp-json\/wp\/v2\/posts"}],"about":[{"href":"https:\/\/www.europesays.com\/fr\/wp-json\/wp\/v2\/types\/post"}],"author":[{"embeddable":true,"href":"https:\/\/www.europesays.com\/fr\/wp-json\/wp\/v2\/users\/2"}],"replies":[{"embeddable":true,"href":"https:\/\/www.europesays.com\/fr\/wp-json\/wp\/v2\/comments?post=562487"}],"version-history":[{"count":0,"href":"https:\/\/www.europesays.com\/fr\/wp-json\/wp\/v2\/posts\/562487\/revisions"}],"wp:featuredmedia":[{"embeddable":true,"href":"https:\/\/www.europesays.com\/fr\/wp-json\/wp\/v2\/media\/562488"}],"wp:attachment":[{"href":"https:\/\/www.europesays.com\/fr\/wp-json\/wp\/v2\/media?parent=562487"}],"wp:term":[{"taxonomy":"category","embeddable":true,"href":"https:\/\/www.europesays.com\/fr\/wp-json\/wp\/v2\/categories?post=562487"},{"taxonomy":"post_tag","embeddable":true,"href":"https:\/\/www.europesays.com\/fr\/wp-json\/wp\/v2\/tags?post=562487"}],"curies":[{"name":"wp","href":"https:\/\/api.w.org\/{rel}","templated":true}]}}