{"id":562489,"date":"2025-11-27T14:55:41","date_gmt":"2025-11-27T14:55:41","guid":{"rendered":"https:\/\/www.europesays.com\/fr\/562489\/"},"modified":"2025-11-27T14:55:41","modified_gmt":"2025-11-27T14:55:41","slug":"en-images-service-militaire-emmanuel-macron-en-visite-a-la-27e-brigade-dinfanterie-de-montagne-de-varces","status":"publish","type":"post","link":"https:\/\/www.europesays.com\/fr\/562489\/","title":{"rendered":"EN IMAGES &#8211; Service militaire\u00a0: Emmanuel Macron en visite \u00e0 la 27e Brigade d&rsquo;infanterie de montagne de Varces"},"content":{"rendered":"<p>Emmanuel Macron est en visite \u00e0 la 27e Brigade d&rsquo;infanterie de montagne jeudi \u00e0 Varces, en Is\u00e8re. Dans un contexte de tensions internationales avec la Russie, il a annonc\u00e9 le retour d&rsquo;un service militaire \u00e0 partir de l&rsquo;\u00e9t\u00e9 prochain, il sera volontaire et  \u00ab\u00a0uniquement sur le territoire national\u00a0\u00bb.<\/p>\n<p>Emmanuel Macron, le chef de l&rsquo;\u00c9tat, est arriv\u00e9 peu avant 11 heures \u00e0 Varces (Is\u00e8re), au sud de Grenoble, \u00e0 la 27e Brigade d&rsquo;infanterie de montagne. Il a pass\u00e9 les troupes en revue avant de prononcer un discours \u00e0 midi, dans lequel il a annonc\u00e9\u00a0un <a class=\"IciLink ici-link IciArticleLink g-ici-body-regular-1 underline brand svelte-1chfe2s\" href=\"https:\/\/www.francebleu.fr\/infos\/politique\/armees-emmanuel-macron-annonce-un-nouveau-service-national-purement-militaire-et-volontaire-des-l-ete-prochain-2905422\" target=\"_blank\" rel=\"noopener\">service militaire volontaire \u00e0 partir de l&rsquo;\u00e9t\u00e9 prochain.<\/a><\/p>\n<p>Cette visite aupr\u00e8s des chasseurs alpins de la\u00a027e Brigade d&rsquo;infanterie de montagne (BIM) a d&rsquo;abord commenc\u00e9 par des \u00e9changes \u00ab\u00a0avec\u00a0des jeunes issus de diff\u00e9rents dispositifs d&rsquo;engagement ainsi qu&rsquo;avec ceux participant \u00e0 la journ\u00e9e d\u00e9fense et citoyennet\u00e9\u00a0\u00bb.\u00a0Puis, apr\u00e8s une c\u00e9r\u00e9monie militaire, le chef de l&rsquo;\u00c9tat a prononc\u00e9 son discours. Comme pressenti, le pr\u00e9sident de la R\u00e9publique a r\u00e9affirm\u00e9\u00a0\u00ab\u00a0l&rsquo;importance de la pr\u00e9paration de la Nation et de ses forces morales, face aux menaces croissantes\u00a0\u00bb.<\/p>\n<p> <img decoding=\"async\" src=\"https:\/\/www.europesays.com\/fr\/wp-content\/uploads\/2025\/11\/1764255336_219_1280\" alt=\"illustration agrandir l'image\" style=\"--_image-preview:url('data:image\/jpeg;base64,\/9j\/2wBDACgcHiMeGSgjISMtKygwPGRBPDc3PHtYXUlkkYCZlo+AjIqgtObDoKrarYqMyP\/L2u71\/\/\/\/m8H\/\/\/\/6\/+b9\/\/j\/2wBDASstLTw1PHZBQXb4pYyl+Pj4+Pj4+Pj4+Pj4+Pj4+Pj4+Pj4+Pj4+Pj4+Pj4+Pj4+Pj4+Pj4+Pj4+Pj4+Pj4+Pj\/wAARCAAbACoDASIAAhEBAxEB\/8QAGAABAQEBAQAAAAAAAAAAAAAAAgMBAAT\/xAAXEAEBAQEAAAAAAAAAAAAAAAAAAREC\/8QAFgEBAQEAAAAAAAAAAAAAAAAAAQAC\/8QAFBEBAAAAAAAAAAAAAAAAAAAAAP\/aAAwDAQACEQMRAD8AnjcLG4y0ng1WwOoQFZrqKT2Y3CcCFgdRWh0U8\/UDFuk0H\/\/Z');\" loading=\"lazy\" fetchpriority=\"low\" class=\"svelte-1cksh76 rounded\" onload=\"this.__e=event\" onerror=\"this.__e=event\"\/> Emmanuel Macron \u00e0 la 27e Brigade d&rsquo;Infanterie de Montagne de Varces, en Is\u00e8re, ce jeudi. \u00a9 AFP &#8211; Beno\u00eet Lagneux  \u00ab\u00a0Notre jeunesse a soif d&rsquo;engagement\u00a0\u00bb<\/p>\n<p>Il y aura donc un retour du <strong>service militaire\u00a0volontaire \u00e0 partir de l&rsquo;\u00e9t\u00e9 prochain<\/strong>, un service national\u00a0\u00ab\u00a0purement militaire\u00a0\u00bb de dix mois, qui se d\u00e9roulera \u00ab\u00a0exclusivement sur le territoire national\u00a0\u00bb, a assur\u00e9 Emmanuel Macron qui compte sur\u00a0\u00ab\u00a03.000 jeunes majeurs en 2026\u00a0\u00bb, avec l&rsquo;ambition d&rsquo;en recruter\u00a0\u00ab\u00a010.000 en 2030\u00a0\u00a0\u00bb et\u00a0\u00ab\u00a050.000 par an en 2035\u00a0\u00bb. Pour Emmanuel Macron, \u00ab\u00a0notre jeunesse a soif d&rsquo;engagement\u00a0\u00bb et est \u00ab\u00a0pr\u00eate \u00e0 se lever pour la patrie\u00a0\u00bb. Enfin, les volontaires seront r\u00e9mun\u00e9r\u00e9s 800 euros par mois minimum, h\u00e9berg\u00e9s, nourris et \u00e9quip\u00e9s a-t-il aussi pr\u00e9cis\u00e9.<\/p>\n<p>\u00c0 lire aussi   <img decoding=\"async\" src=\"https:\/\/www.europesays.com\/fr\/wp-content\/uploads\/2025\/11\/1764255337_612_400x400\" alt=\"\" style=\"--_image-preview:url('data:image\/jpeg;base64,\/9j\/2wBDACgcHiMeGSgjISMtKygwPGRBPDc3PHtYXUlkkYCZlo+AjIqgtObDoKrarYqMyP\/L2u71\/\/\/\/m8H\/\/\/\/6\/+b9\/\/j\/2wBDASstLTw1PHZBQXb4pYyl+Pj4+Pj4+Pj4+Pj4+Pj4+Pj4+Pj4+Pj4+Pj4+Pj4+Pj4+Pj4+Pj4+Pj4+Pj4+Pj4+Pj\/wAARCAAXACoDASIAAhEBAxEB\/8QAGAAAAwEBAAAAAAAAAAAAAAAAAAEDAgT\/xAAYEAEBAQEBAAAAAAAAAAAAAAAAAgESEf\/EABUBAQEAAAAAAAAAAAAAAAAAAAAB\/8QAFBEBAAAAAAAAAAAAAAAAAAAAAP\/aAAwDAQACEQMRAD8AnNKzTmymstFdWUW2h2NsFNpnpLbZ6FSyjygBD7HQADovQEV\/\/9k=');\" loading=\"lazy\" fetchpriority=\"low\" aria-hidden=\"true\" class=\"svelte-1cksh76 rounded\" onload=\"this.__e=event\" onerror=\"this.__e=event\"\/> <img decoding=\"async\" src=\"https:\/\/www.europesays.com\/fr\/wp-content\/uploads\/2025\/11\/1764255338_859_1280\" alt=\"illustration agrandir l'image\" style=\"--_image-preview:url('data:image\/jpeg;base64,\/9j\/2wBDACgcHiMeGSgjISMtKygwPGRBPDc3PHtYXUlkkYCZlo+AjIqgtObDoKrarYqMyP\/L2u71\/\/\/\/m8H\/\/\/\/6\/+b9\/\/j\/2wBDASstLTw1PHZBQXb4pYyl+Pj4+Pj4+Pj4+Pj4+Pj4+Pj4+Pj4+Pj4+Pj4+Pj4+Pj4+Pj4+Pj4+Pj4+Pj4+Pj4+Pj\/wAARCAAcACoDASIAAhEBAxEB\/8QAFwAAAwEAAAAAAAAAAAAAAAAAAQIDBP\/EABgQAQEBAQEAAAAAAAAAAAAAAAABAhES\/8QAFQEBAQAAAAAAAAAAAAAAAAAAAAH\/xAAUEQEAAAAAAAAAAAAAAAAAAAAA\/9oADAMBAAIRAxEAPwDJnK2YSHzQPIFg9C1FT1E\/KuiClmjTSPR7RF\/Ye0e0egpdF6XoIr\/\/2Q==');\" loading=\"lazy\" fetchpriority=\"low\" class=\"svelte-1cksh76 rounded\" onload=\"this.__e=event\" onerror=\"this.__e=event\"\/> Le pr\u00e9sident Emmanuel Macron a estim\u00e9 jeudi que \u00ab\u00a0la seule fa\u00e7on\u00a0\u00bb d&rsquo;\u00e9viter \u00ab\u00a0le danger\u00a0\u00bb \u00e9tait de \u00ab\u00a0s&rsquo;y pr\u00e9parer\u00a0\u00bb plut\u00f4t que d&rsquo;alimenter \u00ab\u00a0la peur\u00a0\u00bb, en annon\u00e7ant la cr\u00e9ation d&rsquo;un service national\u00a0\u00bb volontaire et \u00ab\u00a0purement militaire\u00a0\u00bb, dans le contexte de la menace russe. \u00a9 AFP &#8211; Pool  \u00ab\u00a0La n\u00e9cessit\u00e9 de donner \u00e0 la jeunesse un nouveau cadre pour servir au sein de nos arm\u00e9es\u00a0\u00bb<\/p>\n<p>Cette annonce du pr\u00e9sident de la R\u00e9publique n&rsquo;est pas une surprise. Plusieurs indices avaient \u00e9t\u00e9 sem\u00e9s par l&rsquo;\u00c9lys\u00e9e. D\u00e9j\u00e0 le 13 juillet dernier, Emmanuel Macron avait <a class=\"IciLink ici-link IciArticleLink g-ici-body-regular-1 underline brand svelte-1chfe2s\" href=\"https:\/\/www.francebleu.fr\/infos\/politique\/defense-emmanuel-macron-annonce-un-effort-budgetaire-porte-a-64-milliards-d-euros-de-depenses-en-2027-1475620\" target=\"_blank\" rel=\"noopener\">rappel\u00e9 dans un discours<\/a>\u00a0\u00ab\u00a0la n\u00e9cessit\u00e9 de donner \u00e0 la jeunesse un nouveau cadre pour servir au sein de nos arm\u00e9es et r\u00e9pondre \u00e0 son envie d&rsquo;engagement\u00a0\u00bb. Puis, le 20 novembre, le nouveau\u00a0chef d&rsquo;\u00e9tat-major des Arm\u00e9es fran\u00e7aises, le g\u00e9n\u00e9ral Fabien Mandon, avait\u00a0<a class=\"IciLink ici-link IciArticleLink g-ici-body-regular-1 underline brand svelte-1chfe2s\" href=\"https:\/\/www.francebleu.fr\/infos\/societe\/il-faut-accepter-de-perdre-ses-enfants-les-declarations-du-chef-d-etat-major-des-armees-provoque-de-vives-reactions-6474309\" target=\"_blank\" rel=\"noopener\">exhort\u00e9 les \u00e9lus \u00e0 se pr\u00e9parer \u00e0 un possible conflit avec la Russie<\/a>\u00a0d&rsquo;ici 2030, lors du Congr\u00e8s des maires de France.<\/p>\n<p> <img decoding=\"async\" src=\"https:\/\/www.europesays.com\/fr\/wp-content\/uploads\/2025\/11\/1764255339_397_1280\" alt=\"illustration agrandir l'image\" style=\"--_image-preview:url('data:image\/jpeg;base64,\/9j\/2wBDACgcHiMeGSgjISMtKygwPGRBPDc3PHtYXUlkkYCZlo+AjIqgtObDoKrarYqMyP\/L2u71\/\/\/\/m8H\/\/\/\/6\/+b9\/\/j\/2wBDASstLTw1PHZBQXb4pYyl+Pj4+Pj4+Pj4+Pj4+Pj4+Pj4+Pj4+Pj4+Pj4+Pj4+Pj4+Pj4+Pj4+Pj4+Pj4+Pj4+Pj\/wAARCAAXACoDASIAAhEBAxEB\/8QAFwABAQEBAAAAAAAAAAAAAAAAAAMBAv\/EABgQAQEBAQEAAAAAAAAAAAAAAAASAREC\/8QAFQEBAQAAAAAAAAAAAAAAAAAAAAH\/xAAUEQEAAAAAAAAAAAAAAAAAAAAA\/9oADAMBAAIRAxEAPwCHXeaj1uehV89FI0WIrTKSooEulABRQKFN6AP\/2Q==');\" loading=\"lazy\" fetchpriority=\"low\" class=\"svelte-1cksh76 rounded\" onload=\"this.__e=event\" onerror=\"this.__e=event\"\/> Le chef de l&rsquo;Etat, apr\u00e8s le discours, lors d&rsquo;une rencontre avec des jeunes, officiels, \u00e9lus locaux et parlemnetaires \u00a9 Radio France &#8211; Laurent Gallien  VID\u00c9O &#8211; Le discours du chef de l&rsquo;\u00c9tat \u00e0 Varces<a href=\"https:\/\/www.youtube.com\/watch?v=7qpTeHXEhvE\" target=\"_blank\" rel=\"noopener noreferrer\" class=\"Youtube svelte-isxgy6\" style=\"background-image: url(https:\/\/i.ytimg.com\/vi\/7qpTeHXEhvE\/sddefault.jpg);\"><\/p>\n<p>Discours du Pr\u00e9sident Emmanuel Macron sur le Service national.<\/p>\n<p> <\/a>  \u00c0 lire aussi   <img decoding=\"async\" src=\"https:\/\/www.europesays.com\/fr\/wp-content\/uploads\/2025\/11\/1764255340_436_400x400\" alt=\"\" style=\"--_image-preview:url('data:image\/jpeg;base64,\/9j\/2wBDACgcHiMeGSgjISMtKygwPGRBPDc3PHtYXUlkkYCZlo+AjIqgtObDoKrarYqMyP\/L2u71\/\/\/\/m8H\/\/\/\/6\/+b9\/\/j\/2wBDASstLTw1PHZBQXb4pYyl+Pj4+Pj4+Pj4+Pj4+Pj4+Pj4+Pj4+Pj4+Pj4+Pj4+Pj4+Pj4+Pj4+Pj4+Pj4+Pj4+Pj\/wAARCAAXACoDASIAAhEBAxEB\/8QAGAAAAwEBAAAAAAAAAAAAAAAAAAECAwT\/xAAXEAEBAQEAAAAAAAAAAAAAAAAAAREC\/8QAFwEBAQEBAAAAAAAAAAAAAAAAAQIDAP\/EABYRAQEBAAAAAAAAAAAAAAAAAAABEf\/aAAwDAQACEQMRAD8A5cPBFSNrRhYWNMKwa7GYVYk6MHNacgIrWLkKwARNRUgKS\/\/Z');\" loading=\"lazy\" fetchpriority=\"low\" aria-hidden=\"true\" class=\"svelte-1cksh76 rounded\" onload=\"this.__e=event\" onerror=\"this.__e=event\"\/>\u00c0 lire aussi   <img decoding=\"async\" src=\"https:\/\/www.europesays.com\/fr\/wp-content\/uploads\/2025\/11\/1764255341_48_400x400\" alt=\"\" style=\"--_image-preview:url('data:image\/jpeg;base64,\/9j\/2wBDACgcHiMeGSgjISMtKygwPGRBPDc3PHtYXUlkkYCZlo+AjIqgtObDoKrarYqMyP\/L2u71\/\/\/\/m8H\/\/\/\/6\/+b9\/\/j\/2wBDASstLTw1PHZBQXb4pYyl+Pj4+Pj4+Pj4+Pj4+Pj4+Pj4+Pj4+Pj4+Pj4+Pj4+Pj4+Pj4+Pj4+Pj4+Pj4+Pj4+Pj\/wAARCAAXACoDASIAAhEBAxEB\/8QAGAAAAwEBAAAAAAAAAAAAAAAAAAIDAQT\/xAAZEAEBAQEBAQAAAAAAAAAAAAAAAQIREiH\/xAAXAQEBAQEAAAAAAAAAAAAAAAAAAQID\/8QAFREBAQAAAAAAAAAAAAAAAAAAAAH\/2gAMAwEAAhEDEQA\/AKQ3WX4S6BTo6j6NNM0WlaTNN1hS7nHPugOqJ+j50AlFs0\/QHOj\/2Q==');\" loading=\"lazy\" fetchpriority=\"low\" aria-hidden=\"true\" class=\"svelte-1cksh76 rounded\" onload=\"this.__e=event\" onerror=\"this.__e=event\"\/><\/p>\n","protected":false},"excerpt":{"rendered":"Emmanuel Macron est en visite \u00e0 la 27e Brigade d&rsquo;infanterie de montagne jeudi \u00e0 Varces, en Is\u00e8re. Dans&hellip;\n","protected":false},"author":2,"featured_media":562490,"comment_status":"","ping_status":"","sticky":false,"template":"","format":"standard","meta":{"footnotes":""},"categories":[9566],"tags":[1111,11,2430,1777,674,1011,27,2731,12,25],"class_list":{"0":"post-562489","1":"post","2":"type-post","3":"status-publish","4":"format-standard","5":"has-post-thumbnail","7":"category-grenoble","8":"tag-actu","9":"tag-actualites","10":"tag-auvergne-rhone-alpes","11":"tag-eu","12":"tag-europe","13":"tag-fr","14":"tag-france","15":"tag-grenoble","16":"tag-news","17":"tag-republique-francaise"},"share_on_mastodon":{"url":"https:\/\/pubeurope.com\/@fr\/115622244836979258","error":""},"_links":{"self":[{"href":"https:\/\/www.europesays.com\/fr\/wp-json\/wp\/v2\/posts\/562489","targetHints":{"allow":["GET"]}}],"collection":[{"href":"https:\/\/www.europesays.com\/fr\/wp-json\/wp\/v2\/posts"}],"about":[{"href":"https:\/\/www.europesays.com\/fr\/wp-json\/wp\/v2\/types\/post"}],"author":[{"embeddable":true,"href":"https:\/\/www.europesays.com\/fr\/wp-json\/wp\/v2\/users\/2"}],"replies":[{"embeddable":true,"href":"https:\/\/www.europesays.com\/fr\/wp-json\/wp\/v2\/comments?post=562489"}],"version-history":[{"count":0,"href":"https:\/\/www.europesays.com\/fr\/wp-json\/wp\/v2\/posts\/562489\/revisions"}],"wp:featuredmedia":[{"embeddable":true,"href":"https:\/\/www.europesays.com\/fr\/wp-json\/wp\/v2\/media\/562490"}],"wp:attachment":[{"href":"https:\/\/www.europesays.com\/fr\/wp-json\/wp\/v2\/media?parent=562489"}],"wp:term":[{"taxonomy":"category","embeddable":true,"href":"https:\/\/www.europesays.com\/fr\/wp-json\/wp\/v2\/categories?post=562489"},{"taxonomy":"post_tag","embeddable":true,"href":"https:\/\/www.europesays.com\/fr\/wp-json\/wp\/v2\/tags?post=562489"}],"curies":[{"name":"wp","href":"https:\/\/api.w.org\/{rel}","templated":true}]}}