{"id":562491,"date":"2025-11-27T14:56:25","date_gmt":"2025-11-27T14:56:25","guid":{"rendered":"https:\/\/www.europesays.com\/fr\/562491\/"},"modified":"2025-11-27T14:56:25","modified_gmt":"2025-11-27T14:56:25","slug":"un-couple-etrangle-et-frappe-un-jeune-de-19-ans-dans-ce-parc","status":"publish","type":"post","link":"https:\/\/www.europesays.com\/fr\/562491\/","title":{"rendered":"un couple \u00e9trangle et frappe un jeune de 19 ans dans ce parc"},"content":{"rendered":"<p>                    Par<br \/>\n        <strong><br \/>\n            <a href=\"https:\/\/actu.fr\/auteur\/brian-legoff\" title=\"Consulter tous les articles de Brian Le Goff\" target=\"_blank\" rel=\"noopener\">Brian Le Goff<\/a><br \/>\n                    <\/strong><\/p>\n<p>        Publi\u00e9 le<\/p>\n<p>            27 nov. 2025 \u00e0 11h57        <\/p>\n<p><strong>Ce Rennais \u00e2g\u00e9 de 19\u00a0ans<\/strong> ne souffre que de blessures l\u00e9g\u00e8res, mais il reste choqu\u00e9 par la violente agression qu\u2019il a v\u00e9cue. Dimanche 23\u00a0novembre 2025, apr\u00e8s 20h, il sort d\u2019un bus au niveau de la Plaine de Baud quand il est <strong>agress\u00e9 \u00ab\u2009par-derri\u00e8re\u2009\u00bb par un couple<\/strong>, dont l\u2019homme et la femme sont respectivement \u00e2g\u00e9s de 25 et 21\u00a0ans, indique la police \u00e0 <a href=\"https:\/\/actu.fr\/rennes\/\" target=\"_blank\" rel=\"noopener\">actu Rennes<\/a>, confirmant <a href=\"https:\/\/www.ouest-france.fr\/societe\/faits-divers\/un-jeune-de-19-ans-violemment-agresse-par-un-couple-dans-le-quartier-plaine-de-baud-a-rennes-2685cdbc-c918-11f0-a0e6-83b9718ad3c0\" target=\"_blank\" rel=\"noopener\">Ouest-France<\/a>.<\/p>\n<p>Le couple prend la fuite<\/p>\n<p class=\" wall-content\">Le premier \u00e9trangle la victime tandis que sa<strong> compagne lui ass\u00e8ne des coups de pied et de poing<\/strong>. Le jeune homme va perdre connaissance en raison de cette violente agression. Des passants interviennent et la <a href=\"https:\/\/actu.fr\/tag\/police\" target=\"_blank\" rel=\"noopener\">police<\/a> est pr\u00e9venue. Le couple prend la fuite.<\/p>\n<p class=\" wall-content\">Tr\u00e8s rapidement, les forces de l\u2019ordre proc\u00e8dent \u00e0 l\u2019interpellation de l\u2019auteur de l\u2019\u00e9tranglement. Quant \u00e0 sa compagne, elle est <strong>convoqu\u00e9e<\/strong> au commissariat. Elle s\u2019y pr\u00e9sente le lundi matin, est <strong>plac\u00e9e en garde \u00e0 vue,<\/strong> comme son compagnon, retrace une source polici\u00e8re \u00e0 notre r\u00e9daction.<\/p>\n<p>Le couple condamn\u00e9<\/p>\n<p class=\" wall-content\">D\u00e9f\u00e9r\u00e9s au parquet, ils ont \u00e9t\u00e9 jug\u00e9s en comparution imm\u00e9diate, mercredi 26\u00a0novembre.<\/p>\n<p class=\" wall-content\">Toujours selon <a href=\"https:\/\/www.ouest-france.fr\/bretagne\/rennes-35000\/jaurais-pu-mourir-un-couple-condamne-pour-la-violente-agression-dun-jeune-homme-de-19-ans-a-rennes-6af2cf5e-caee-11f0-a0e6-83b9718ad3c0\" target=\"_blank\" rel=\"noopener\">Ouest-France, le couple a \u00e9t\u00e9 condamn\u00e9<\/a>.<\/p>\n<p class=\" wall-content\">Personnalisez votre actualit\u00e9 en ajoutant vos villes et m\u00e9dias en favori avec <a href=\"https:\/\/moncompte.actu.fr\" title=\"D\u00e9couvez Mon Actu\" rel=\"nofollow noopener\" data-trk=\"{&quot;cta&quot;:{&quot;action&quot;:&quot;https:\\\/\\\/moncompte.actu.fr&quot;,&quot;category&quot;:&quot;mon compte&quot;,&quot;from&quot;:&quot;article footer&quot;,&quot;name&quot;:&quot;Mon actu&quot;,&quot;type&quot;:&quot;cta&quot;}}\" target=\"_blank\">Mon Actu<\/a>.<\/p>\n","protected":false},"excerpt":{"rendered":"Par Brian Le Goff Publi\u00e9 le 27 nov. 2025 \u00e0 11h57 Ce Rennais \u00e2g\u00e9 de 19\u00a0ans ne souffre&hellip;\n","protected":false},"author":2,"featured_media":562492,"comment_status":"","ping_status":"","sticky":false,"template":"","format":"standard","meta":{"footnotes":""},"categories":[2821],"tags":[1111,11,829,1777,674,118,1011,27,303,12,1072,584,25,7501],"class_list":{"0":"post-562491","1":"post","2":"type-post","3":"status-publish","4":"format-standard","5":"has-post-thumbnail","7":"category-rennes","8":"tag-actu","9":"tag-actualites","10":"tag-bretagne","11":"tag-eu","12":"tag-europe","13":"tag-faits-divers","14":"tag-fr","15":"tag-france","16":"tag-justice","17":"tag-news","18":"tag-police","19":"tag-rennes","20":"tag-republique-francaise","21":"tag-violences-urbaines"},"share_on_mastodon":{"url":"https:\/\/pubeurope.com\/@fr\/115622247499584517","error":""},"_links":{"self":[{"href":"https:\/\/www.europesays.com\/fr\/wp-json\/wp\/v2\/posts\/562491","targetHints":{"allow":["GET"]}}],"collection":[{"href":"https:\/\/www.europesays.com\/fr\/wp-json\/wp\/v2\/posts"}],"about":[{"href":"https:\/\/www.europesays.com\/fr\/wp-json\/wp\/v2\/types\/post"}],"author":[{"embeddable":true,"href":"https:\/\/www.europesays.com\/fr\/wp-json\/wp\/v2\/users\/2"}],"replies":[{"embeddable":true,"href":"https:\/\/www.europesays.com\/fr\/wp-json\/wp\/v2\/comments?post=562491"}],"version-history":[{"count":0,"href":"https:\/\/www.europesays.com\/fr\/wp-json\/wp\/v2\/posts\/562491\/revisions"}],"wp:featuredmedia":[{"embeddable":true,"href":"https:\/\/www.europesays.com\/fr\/wp-json\/wp\/v2\/media\/562492"}],"wp:attachment":[{"href":"https:\/\/www.europesays.com\/fr\/wp-json\/wp\/v2\/media?parent=562491"}],"wp:term":[{"taxonomy":"category","embeddable":true,"href":"https:\/\/www.europesays.com\/fr\/wp-json\/wp\/v2\/categories?post=562491"},{"taxonomy":"post_tag","embeddable":true,"href":"https:\/\/www.europesays.com\/fr\/wp-json\/wp\/v2\/tags?post=562491"}],"curies":[{"name":"wp","href":"https:\/\/api.w.org\/{rel}","templated":true}]}}