{"id":562493,"date":"2025-11-27T14:57:28","date_gmt":"2025-11-27T14:57:28","guid":{"rendered":"https:\/\/www.europesays.com\/fr\/562493\/"},"modified":"2025-11-27T14:57:28","modified_gmt":"2025-11-27T14:57:28","slug":"fin-de-cavale-pour-le-detenu-evade-a-rennes-lors-dune-sortie-au-planetarium","status":"publish","type":"post","link":"https:\/\/www.europesays.com\/fr\/562493\/","title":{"rendered":"Fin de cavale pour le d\u00e9tenu \u00e9vad\u00e9 \u00e0 Rennes lors d&rsquo;une sortie au plan\u00e9tarium"},"content":{"rendered":"<p>Le d\u00e9tenu de 37 ans en cavale depuis son \u00e9vasion le 14 novembre dernier en profitant d\u2019une sortie au plan\u00e9tarium de Rennes, a \u00e9t\u00e9 interpell\u00e9 ce 27 novembre \u00e0 Nantes.<\/p>\n<p>La traque est finie. L\u2019homme de 37 ans qui s\u2019\u00e9tait <a href=\"https:\/\/rmc.bfmtv.com\/actualites\/police-justice\/faits-divers\/rennes-un-detenu-s-evade-lors-d-une-sortie-au-planetarium_AV-202511180716.html\" title=\"Rennes: un d\u00e9tenu s\u2019\u00e9vade lors d\u2019une sortie au plan\u00e9tarium\" class=\"internal_link\" target=\"_blank\" rel=\"noopener\">\u00e9vad\u00e9 le 14 novembre dernier en profitant d\u2019une sortie culturelle<\/a> a \u00e9t\u00e9 interpell\u00e9 ce jeudi 27 novembre dans une aire d&rsquo;accueil de gens du voyage \u00e0 Nantes (Loire-Atlantique) selon les informations du service police-justice de RMC. Incarc\u00e9r\u00e9 au centre p\u00e9nitentiaire de Rennes-V\u00e9zin, il avait \u00e9chapp\u00e9 \u00e0 la vigilance des personnes charg\u00e9es de les encadrer lors de cette sortie au plan\u00e9tarium de Rennes.<\/p>\n<p>Condamn\u00e9 depuis d\u00e9cembre 2024 pour \u00ab\u00a0divers faits de vols\u00a0\u00bb, il devait \u00eatre incarc\u00e9r\u00e9 \u00ab\u00a0jusqu&rsquo;en mars 2027\u00a0\u00bb, selon le parquet. Selon le ministre de la Justice G\u00e9rald Darmanin, il s&rsquo;\u00e9tait d\u00e9j\u00e0 \u00e9vad\u00e9 une premi\u00e8re fois du m\u00eame centre p\u00e9nitentiaire.<\/p>\n<p>Des ant\u00e9c\u00e9dents qui avaient conduit le Garde des Sceaux \u00e0 consid\u00e9rer que c\u2019\u00e9tait une erreur majeure dans l\u2019organisation de cette sortie, qui n&rsquo;\u00e9tait encadr\u00e9e par aucun surveillant p\u00e9nitentiaire.<\/p>\n<p>Le directeur de la prison d\u00e9mis de ses fonctions<\/p>\n<p>G\u00e9rald Darmanin avait annonc\u00e9 avoir d\u00e9mis de ses fonctions le directeur de la prison de Rennes-V\u00e9zin en pr\u00e9cisant: \u00ab\u00a0Je dois \u00e0 la soci\u00e9t\u00e9 des comptes, les victimes et la soci\u00e9t\u00e9 ne comprennent pas quand des personnes s\u2019\u00e9vadent de sortie\u00a0\u00bb.<\/p>\n<p>Le directeur d&rsquo;\u00e9tablissement p\u00e9nitentiaire a commis \u00ab\u00a0une faute\u00a0\u00bb, selon le ministre de la Justice, m\u00eame s&rsquo;il \u00ab\u00a0ne m\u00e9rite pas de sortir de la fonction publique\u00a0\u00bb, avait-il expliqu\u00e9 \u00e0 la presse le 21 novembre.<\/p>\n<p>Service police-justice RMC<\/p>\n","protected":false},"excerpt":{"rendered":"Le d\u00e9tenu de 37 ans en cavale depuis son \u00e9vasion le 14 novembre dernier en profitant d\u2019une sortie&hellip;\n","protected":false},"author":2,"featured_media":186739,"comment_status":"","ping_status":"","sticky":false,"template":"","format":"standard","meta":{"footnotes":""},"categories":[2821],"tags":[1111,11,829,1777,674,1011,27,12,584,25],"class_list":{"0":"post-562493","1":"post","2":"type-post","3":"status-publish","4":"format-standard","5":"has-post-thumbnail","7":"category-rennes","8":"tag-actu","9":"tag-actualites","10":"tag-bretagne","11":"tag-eu","12":"tag-europe","13":"tag-fr","14":"tag-france","15":"tag-news","16":"tag-rennes","17":"tag-republique-francaise"},"share_on_mastodon":{"url":"https:\/\/pubeurope.com\/@fr\/115622251552357492","error":""},"_links":{"self":[{"href":"https:\/\/www.europesays.com\/fr\/wp-json\/wp\/v2\/posts\/562493","targetHints":{"allow":["GET"]}}],"collection":[{"href":"https:\/\/www.europesays.com\/fr\/wp-json\/wp\/v2\/posts"}],"about":[{"href":"https:\/\/www.europesays.com\/fr\/wp-json\/wp\/v2\/types\/post"}],"author":[{"embeddable":true,"href":"https:\/\/www.europesays.com\/fr\/wp-json\/wp\/v2\/users\/2"}],"replies":[{"embeddable":true,"href":"https:\/\/www.europesays.com\/fr\/wp-json\/wp\/v2\/comments?post=562493"}],"version-history":[{"count":0,"href":"https:\/\/www.europesays.com\/fr\/wp-json\/wp\/v2\/posts\/562493\/revisions"}],"wp:featuredmedia":[{"embeddable":true,"href":"https:\/\/www.europesays.com\/fr\/wp-json\/wp\/v2\/media\/186739"}],"wp:attachment":[{"href":"https:\/\/www.europesays.com\/fr\/wp-json\/wp\/v2\/media?parent=562493"}],"wp:term":[{"taxonomy":"category","embeddable":true,"href":"https:\/\/www.europesays.com\/fr\/wp-json\/wp\/v2\/categories?post=562493"},{"taxonomy":"post_tag","embeddable":true,"href":"https:\/\/www.europesays.com\/fr\/wp-json\/wp\/v2\/tags?post=562493"}],"curies":[{"name":"wp","href":"https:\/\/api.w.org\/{rel}","templated":true}]}}