{"id":562494,"date":"2025-11-27T14:58:13","date_gmt":"2025-11-27T14:58:13","guid":{"rendered":"https:\/\/www.europesays.com\/fr\/562494\/"},"modified":"2025-11-27T14:58:13","modified_gmt":"2025-11-27T14:58:13","slug":"voici-ce-qui-va-remplacer-la-boucherie-frick-lutz-au-coeur-du-carre-dor","status":"publish","type":"post","link":"https:\/\/www.europesays.com\/fr\/562494\/","title":{"rendered":"voici ce qui va remplacer la boucherie Frick Lutz au c\u0153ur du Carr\u00e9 d\u2019Or"},"content":{"rendered":"<p>                    Par<br \/>\n        <strong><br \/>\n            <a href=\"https:\/\/actu.fr\/auteur\/ivan-capecchi\" title=\"Consulter tous les articles de Ivan CAPECCHI\" target=\"_blank\" rel=\"noopener\">Ivan CAPECCHI<\/a><br \/>\n                    <\/strong><\/p>\n<p>        Publi\u00e9 le<\/p>\n<p>            27 nov. 2025 \u00e0 15h08        <\/p>\n<p>Les plus observateurs l\u2019auront peut-\u00eatre remarqu\u00e9 : depuis plusieurs semaines, cela s\u2019active derri\u00e8re les vitrines de l\u2019ancienne <strong>boucherie Frick Lutz<\/strong>, <a href=\"https:\/\/actu.fr\/grand-est\/strasbourg_67482\/strasbourg-une-institution-du-carre-d-or-ferme-definitivement-ses-portes-ce-samedi_60113682.html\" target=\"_blank\" rel=\"noopener\">institution du Carr\u00e9 d\u2019Or ferm\u00e9e en 2023<\/a>. Actu Strasbourg est en mesure de r\u00e9v\u00e9ler en exclusivit\u00e9 ce qui s\u2019appr\u00eate \u00e0 ouvrir \u00e0 cette adresse.<\/p>\n<p>Un concept store \u00e9ph\u00e9m\u00e8re consacr\u00e9 aux boissons<\/p>\n<p class=\" wall-content\">Un <strong>concept store \u00e9ph\u00e9m\u00e8re consacr\u00e9 aux boissons<\/strong>, et notamment aux produits <strong>Gallia<\/strong>, va en effet s\u2019installer au <strong>16 rue des Orf\u00e8vres \u00e0 Strasbourg<\/strong>.<\/p>\n<p class=\" wall-content\">L\u2019ouverture est pr\u00e9vue <strong>d\u00e8s ce samedi, jusqu\u2019au 5 janvier 2026<\/strong>.<\/p>\n<p>Les produits Gallia mis \u00e0 l\u2019honneur<\/p>\n<p class=\" wall-content\">Comme indiqu\u00e9 plus haut, la boutique mettra en avant les produits Gallia : une brasserie parisienne fond\u00e9e par un Alsacien en 1890, disparue en 1970, puis relanc\u00e9e en 2010 par deux entrepreneurs avant d\u2019\u00eatre rachet\u00e9e par <strong>Heineken<\/strong>.<\/p>\n<p class=\" wall-content\">Sur place, une large gamme <a href=\"https:\/\/actu.fr\/ile-de-france\/sucy-en-brie_94071\/trois-ans-apres-son-ouverture-la-biere-gallia-dit-adieu-a-son-usine-de-production-dans-le-val-de-marne_61933823.html\" target=\"_blank\" rel=\"noopener\">Gallia<\/a> sera propos\u00e9e, dont deux produits phares : les <strong>bi\u00e8res cr\u00e9atives<\/strong> (\u00e9pic\u00e9es, aromatis\u00e9es\u2026) et les \u00ab <strong>Vi\u00e8res<\/strong> \u00bb, hybrides entre bi\u00e8re et vin \u00e9labor\u00e9s notamment \u00e0 partir de c\u00e9pages alsaciens.<\/p>\n<p>Vin, cr\u00e9mant, champagne\u2026<\/p>\n<p class=\" wall-content\">\u00c0 c\u00f4t\u00e9 de cette s\u00e9lection, la boutique proposera \u00e9galement les <strong>vins<\/strong> et <strong>cr\u00e9mants<\/strong> de la famille <strong>Cattin<\/strong>, ainsi qu\u2019une offre de <strong>spiritueux<\/strong>, notamment autour de la marque <strong>La Grange<\/strong>, qui commercialise entre autres un pastis \u00e9labor\u00e9 en <a href=\"https:\/\/actu.fr\/tag\/alsace\" target=\"_blank\" rel=\"noopener\">Alsace<\/a> ou encore une <strong>chartreuse<\/strong> confectionn\u00e9e \u00e0 partir d\u2019herbes locales.<\/p>\n<p>Votre r\u00e9gion, votre actu !<\/p>\n<p>Recevez chaque jour les infos qui comptent pour vous.<\/p>\n<p>\t<a href=\"https:\/\/actu.fr\/newsletter\" class=\"ac-btn ac-btn--corner ac-btn--medium ac-btn--blue800\" target=\"_blank\" rel=\"noopener\">S&rsquo;incrire<\/a><\/p>\n<p class=\" wall-content\">On y trouvera aussi du <strong>champagne Mo\u00ebt &amp; Chandon<\/strong> et du <strong>rhum Eminente<\/strong>.<\/p>\n<p>    <img   decoding=\"async\" loading=\"lazy\" src=\"https:\/\/www.europesays.com\/fr\/wp-content\/uploads\/2025\/11\/boutique-gallia-960x640.jpg\" alt=\"Aper\u00e7u de l'int\u00e9rieur de la boutique.\" width=\"960\" height=\"640\"\/><br \/>\n    Aper\u00e7u de la boutique, design\u00e9e par Hanna Mayran pour l\u2019ensemble et Vanessa Riel, pour la vitrine. (\u00a9Ivan Capecchi \/ Actu Strasbourg)Th\u00e9 et caf\u00e9<\/p>\n<p class=\" wall-content\">Enfin, des <strong>boissons chaudes (th\u00e9s des Jardins de Ga\u00efa et caf\u00e9s Julius Meinl)<\/strong> seront disponibles, ainsi que quelques gourmandises \u2013 comme des confitures \u2013 pour composer un panier gourmand \u00e0 offrir ou \u00e0 emporter pour les f\u00eates.<\/p>\n<p class=\" wall-content\">\u00c0 l\u2019issue de cette boutique \u00e9ph\u00e9m\u00e8re, un projet permanent pourrait voir le jour au m\u00eame emplacement, mais ses contours restent encore \u00e0 pr\u00e9ciser.<\/p>\n<p class=\" wall-content\">Personnalisez votre actualit\u00e9 en ajoutant vos villes et m\u00e9dias en favori avec <a href=\"https:\/\/moncompte.actu.fr\" title=\"D\u00e9couvez Mon Actu\" rel=\"nofollow noopener\" data-trk=\"{&quot;cta&quot;:{&quot;action&quot;:&quot;https:\\\/\\\/moncompte.actu.fr&quot;,&quot;category&quot;:&quot;mon compte&quot;,&quot;from&quot;:&quot;article footer&quot;,&quot;name&quot;:&quot;Mon actu&quot;,&quot;type&quot;:&quot;cta&quot;}}\" target=\"_blank\">Mon Actu<\/a>.<\/p>\n","protected":false},"excerpt":{"rendered":"Par Ivan CAPECCHI Publi\u00e9 le 27 nov. 2025 \u00e0 15h08 Les plus observateurs l\u2019auront peut-\u00eatre remarqu\u00e9 : depuis&hellip;\n","protected":false},"author":2,"featured_media":562495,"comment_status":"","ping_status":"","sticky":false,"template":"","format":"standard","meta":{"footnotes":""},"categories":[2820],"tags":[1111,11,7722,215,1777,674,1011,27,775,12,25,104,640],"class_list":{"0":"post-562494","1":"post","2":"type-post","3":"status-publish","4":"format-standard","5":"has-post-thumbnail","7":"category-strasbourg","8":"tag-actu","9":"tag-actualites","10":"tag-biere","11":"tag-commerce","12":"tag-eu","13":"tag-europe","14":"tag-fr","15":"tag-france","16":"tag-grand-est","17":"tag-news","18":"tag-republique-francaise","19":"tag-societe","20":"tag-strasbourg"},"share_on_mastodon":{"url":"https:\/\/pubeurope.com\/@fr\/115622256484752021","error":""},"_links":{"self":[{"href":"https:\/\/www.europesays.com\/fr\/wp-json\/wp\/v2\/posts\/562494","targetHints":{"allow":["GET"]}}],"collection":[{"href":"https:\/\/www.europesays.com\/fr\/wp-json\/wp\/v2\/posts"}],"about":[{"href":"https:\/\/www.europesays.com\/fr\/wp-json\/wp\/v2\/types\/post"}],"author":[{"embeddable":true,"href":"https:\/\/www.europesays.com\/fr\/wp-json\/wp\/v2\/users\/2"}],"replies":[{"embeddable":true,"href":"https:\/\/www.europesays.com\/fr\/wp-json\/wp\/v2\/comments?post=562494"}],"version-history":[{"count":0,"href":"https:\/\/www.europesays.com\/fr\/wp-json\/wp\/v2\/posts\/562494\/revisions"}],"wp:featuredmedia":[{"embeddable":true,"href":"https:\/\/www.europesays.com\/fr\/wp-json\/wp\/v2\/media\/562495"}],"wp:attachment":[{"href":"https:\/\/www.europesays.com\/fr\/wp-json\/wp\/v2\/media?parent=562494"}],"wp:term":[{"taxonomy":"category","embeddable":true,"href":"https:\/\/www.europesays.com\/fr\/wp-json\/wp\/v2\/categories?post=562494"},{"taxonomy":"post_tag","embeddable":true,"href":"https:\/\/www.europesays.com\/fr\/wp-json\/wp\/v2\/tags?post=562494"}],"curies":[{"name":"wp","href":"https:\/\/api.w.org\/{rel}","templated":true}]}}