{"id":562498,"date":"2025-11-27T15:00:16","date_gmt":"2025-11-27T15:00:16","guid":{"rendered":"https:\/\/www.europesays.com\/fr\/562498\/"},"modified":"2025-11-27T15:00:16","modified_gmt":"2025-11-27T15:00:16","slug":"apres-cagnes-deux-villes-du-sud-de-la-france-interdisent-le-salon-du-chiot","status":"publish","type":"post","link":"https:\/\/www.europesays.com\/fr\/562498\/","title":{"rendered":"Apr\u00e8s Cagnes, deux villes du sud de la France interdisent le salon du chiot"},"content":{"rendered":"<p class=\"fs-5 \">La ville d\u2019Aubagne va suivre l\u2019exemple de Cagnes-sur-Mer. La cit\u00e9 des Bouches-du-Rh\u00f4ne, elle aussi frapp\u00e9e par des morts de chiots, \u00e0 la suite du Salon des animaux de compagnie organis\u00e9 en octobre 2024, arr\u00eate les frais.<\/p>\n<p>            <img src=\"https:\/\/www.europesays.com\/fr\/wp-content\/uploads\/2025\/11\/954c0c9_upload-from-url-1-hvnepasuf3au-data-art-16554864.jpg\"   loading=\"lazy\" decoding=\"async\" alt=\"Deux chiots Golden Retriever achet\u00e9s lors d\u2019une vente organis\u00e9e dans les Alpes-Maritimes ont contract\u00e9 la parvovirose\u00a0: l\u2019un est d\u00e9c\u00e9d\u00e9, l\u2019autre a pu \u00eatre sauv\u00e9 de justesse.\" class=\"img-fluid position-absolute w-100 object-fit-cover rounded-2\" width=\"600\" height=\"400\"\/><\/p>\n<p class=\"fs-5 \">Sous l\u2019\u00e9gide de la soci\u00e9t\u00e9 ni\u00e7oise Salons du sud, et lors de trois \u00e9v\u00e9nements, au moins six chiots sont d\u00e9j\u00e0 morts et plusieurs autres ont \u00e9t\u00e9 affect\u00e9s par la parvovirose.<\/p>\n<p class=\"fs-5 \">Une forme de gastro-ent\u00e9rite h\u00e9morragique tr\u00e8s dangereuse, voire mortelle pour les chiots.<\/p>\n<p class=\"fs-5 \">Ce fut le cas en novembre 2024, lors d\u2019un premier salon \u00e0 Aubagne, en juin 2025 \u00e0 Cagnes-sur-Mer, puis de nouveau donc, en octobre, \u00e0 Aubagne.<\/p>\n<p>                                                                                \u00ab Beaucoup choqu\u00e9e \u00bb<\/p>\n<p class=\"fs-5 \">\u00ab Ces accidents m\u2019ont beaucoup choqu\u00e9e. M\u00eame si les organisatrices ont tout fait pour \u00e9viter que cette situation ne se reproduise, je vais proposer au conseil d\u2019administration qui aura lieu d\u00e9but 2026 de ne pas reconduire le salon l\u2019ann\u00e9e prochaine \u00bb, annonce la directrice du lieu d\u2019exposition, \u00e0 nos confr\u00e8res de La Provence.<\/p>\n<p class=\"fs-5 \">Apr\u00e8s les d\u00e9c\u00e8s constat\u00e9s en 2024, Martine Martinez a demand\u00e9 aux organisatrices de revoir leur copie : \u00ab Nous \u00e9tions tr\u00e8s affect\u00e9s (&#8230;). Je les avais alert\u00e9es quant \u00e0 notre attachement au bon traitement des animaux. Nous avions demand\u00e9 des mesures compl\u00e9mentaires, notamment d\u2019ordre v\u00e9t\u00e9rinaire. Les documents attestant de ce s\u00e9rieux nous ont \u00e9t\u00e9 transmis, tout a \u00e9t\u00e9 fait et respect\u00e9, mais \u00e7a n\u2019a pas emp\u00each\u00e9 ces incidents de se reproduire. \u00bb<\/p>\n<p class=\"fs-5 \">Et de pr\u00e9ciser \u00e0 nos confr\u00e8res : \u00ab Cela doit \u00eatre le signe qu\u2019il faut repenser le mod\u00e8le de ces salons o\u00f9 les animaux sont tr\u00e8s jeunes, et les envisager sous une autre forme. \u00bb<\/p>\n<p>                                                                                Les organisatrices d\u00e9clinent toute responsabilit\u00e9<\/p>\n<p class=\"fs-5 \">Contact\u00e9e par Nice-Matin, la Ville de Marseille annonce prendre des mesures elle aussi. Les 10 et 11 janvier, le parc Chanot accueillera le Salon des animaux de compagnie et de leur bien-\u00eatre. Ce sera la derni\u00e8re \u00e9dition.<\/p>\n<p class=\"fs-5 \">\u00ab GL Events, en tant que gestionnaire exploitant du parc Chanot, est responsable de la programmation du lieu. Pour chaque \u00e9v\u00e9nement, les contrats sont conclus au moins un an \u00e0 l\u2019avance. Il est donc juridiquement impossible de d\u00e9programmer le salon Animal Mania [ancien nom du salon] en 2026. N\u00e9anmoins, la Ville de Marseille demande \u00e0 GL Events de s\u2019assurer du bien-\u00eatre des animaux pr\u00e9sents. Engag\u00e9e contre la maltraitance et pour le bien-\u00eatre animal, avec notamment l\u2019adoption d\u2019une charte commune du bien-\u00eatre animal en 2024, la Ville de Marseille demande (&#8230;) que cette \u00e9dition 2026 du salon Animal Mania soit la derni\u00e8re \u00bb, fait savoir la mairie.<\/p>\n<p class=\"fs-5 \">Trop c\u2019est trop. Les unes apr\u00e8s les autres, les villes claquent donc la porte au nom de la sant\u00e9 animale et de l\u2019\u00e9thique.<\/p>\n<p class=\"fs-5 \">Les organisatrices ont toujours d\u00e9clin\u00e9 toute responsabilit\u00e9, affirmant que la parvovirose touche tout le monde, salons et \u00e9levages, et que toutes les mesures de pr\u00e9caution ont \u00e9t\u00e9 respect\u00e9es.<\/p>\n<p class=\"fs-5 \">Elles consid\u00e8rent \u00eatre victimes d\u2019acharnement de particuliers et d\u2019\u00e9leveurs.<\/p>\n<p class=\"fs-5 \">Une d\u00e9fense qui, au gr\u00e9 de l\u2019accumulation de chiots morts, ne convainc plus les mairies.<\/p>\n","protected":false},"excerpt":{"rendered":"La ville d\u2019Aubagne va suivre l\u2019exemple de Cagnes-sur-Mer. La cit\u00e9 des Bouches-du-Rh\u00f4ne, elle aussi frapp\u00e9e par des morts&hellip;\n","protected":false},"author":2,"featured_media":562499,"comment_status":"","ping_status":"","sticky":false,"template":"","format":"standard","meta":{"footnotes":""},"categories":[2819],"tags":[1111,11,1777,674,1011,27,12,2401,882,25],"class_list":{"0":"post-562498","1":"post","2":"type-post","3":"status-publish","4":"format-standard","5":"has-post-thumbnail","7":"category-nice","8":"tag-actu","9":"tag-actualites","10":"tag-eu","11":"tag-europe","12":"tag-fr","13":"tag-france","14":"tag-news","15":"tag-nice","16":"tag-provence-alpes-cote-dazur","17":"tag-republique-francaise"},"share_on_mastodon":{"url":"https:\/\/pubeurope.com\/@fr\/115622264025441445","error":""},"_links":{"self":[{"href":"https:\/\/www.europesays.com\/fr\/wp-json\/wp\/v2\/posts\/562498","targetHints":{"allow":["GET"]}}],"collection":[{"href":"https:\/\/www.europesays.com\/fr\/wp-json\/wp\/v2\/posts"}],"about":[{"href":"https:\/\/www.europesays.com\/fr\/wp-json\/wp\/v2\/types\/post"}],"author":[{"embeddable":true,"href":"https:\/\/www.europesays.com\/fr\/wp-json\/wp\/v2\/users\/2"}],"replies":[{"embeddable":true,"href":"https:\/\/www.europesays.com\/fr\/wp-json\/wp\/v2\/comments?post=562498"}],"version-history":[{"count":0,"href":"https:\/\/www.europesays.com\/fr\/wp-json\/wp\/v2\/posts\/562498\/revisions"}],"wp:featuredmedia":[{"embeddable":true,"href":"https:\/\/www.europesays.com\/fr\/wp-json\/wp\/v2\/media\/562499"}],"wp:attachment":[{"href":"https:\/\/www.europesays.com\/fr\/wp-json\/wp\/v2\/media?parent=562498"}],"wp:term":[{"taxonomy":"category","embeddable":true,"href":"https:\/\/www.europesays.com\/fr\/wp-json\/wp\/v2\/categories?post=562498"},{"taxonomy":"post_tag","embeddable":true,"href":"https:\/\/www.europesays.com\/fr\/wp-json\/wp\/v2\/tags?post=562498"}],"curies":[{"name":"wp","href":"https:\/\/api.w.org\/{rel}","templated":true}]}}