{"id":562500,"date":"2025-11-27T15:01:24","date_gmt":"2025-11-27T15:01:24","guid":{"rendered":"https:\/\/www.europesays.com\/fr\/562500\/"},"modified":"2025-11-27T15:01:24","modified_gmt":"2025-11-27T15:01:24","slug":"neige-cette-station-de-ski-proche-de-nice-ouvre-en-avant-premiere-voici-le-tarif","status":"publish","type":"post","link":"https:\/\/www.europesays.com\/fr\/562500\/","title":{"rendered":"Neige. Cette station de ski proche de Nice ouvre en avant-premi\u00e8re, voici le tarif"},"content":{"rendered":"<p>                    Par<br \/>\n        <strong><br \/>\n            <a href=\"https:\/\/actu.fr\/auteur\/arthur-frand\" title=\"Consulter tous les articles de Arthur Frand\" target=\"_blank\" rel=\"noopener\">Arthur Frand<\/a><br \/>\n                    <\/strong><\/p>\n<p>        Publi\u00e9 le<\/p>\n<p>            27 nov. 2025 \u00e0 15h05        <\/p>\n<p>C\u2019est d\u00e9j\u00e0 <strong>l\u2019heure pour les skieurs<\/strong>. La station de ski d\u2019Isola 2000, pr\u00e8s de <a href=\"https:\/\/actu.fr\/nice\/\" target=\"_blank\" rel=\"noopener\">Nice<\/a>, dans les <a href=\"https:\/\/actu.fr\/provence-alpes-cote-d-azur\/alpes-maritimes_06\" target=\"_blank\" rel=\"noopener\">Alpes-Maritimes<\/a> <strong>ouvre ses portes au public<\/strong>, pour deux jours, ce samedi\u00a029 et dimanche 30\u00a0novembre 2025. Avant l\u2019ouverture officielle le samedi 6\u00a0d\u00e9cembre.<\/p>\n<p>    <a href=\"https:\/\/www.google.com\/maps\/embed?pb=!1m18!1m12!1m3!1d11443.986115509171!2d7.154279777379249!3d44.18653828730657!2m3!1f0!2f0!3f0!3m2!1i1024!2i768!4f13.1!3m3!1m2!1s0x12cd009231f701b5%3A0x66b6e5e5bbf251c2!2sIsola%202000!5e0!3m2!1sfr!2sfr!4v1764250509518!5m2!1sfr!2sfr\" title=\"Ouvrie le lien\" target=\"_blank\" rel=\"noopener\">Cliquez ici pour visualiser le contenu<\/a><\/p>\n<p class=\" wall-content\">Cette pr\u00e9ouverture n\u2019\u00e9tait pas pr\u00e9vue, mais elle a \u00e9t\u00e9 rendue possible gr\u00e2ce un enneigement suffisant, un peu en avance. Tarif propos\u00e9, pistes ouvertes\u2026 Voici <strong>ce qu\u2019il faut savoir<\/strong> sur cette pr\u00e9ouverture d\u2019Isola 2000.<\/p>\n<p>De belles conditions<\/p>\n<p class=\" wall-content\">Certains Maralpins ont d\u00e9j\u00e0 les chaussures de ski au pied et sont pr\u00eats \u00e0 d\u00e9coller pour le week-end. La station d\u2019Isola 2000 est la premi\u00e8re du d\u00e9partement \u00e0 accueillir du public cette ann\u00e9e. D\u00e8s la fin novembre. Une raret\u00e9.<\/p>\n<p class=\" wall-content\">Vendredi 21 novembre, les flocons sont tomb\u00e9s en quantit\u00e9 gr\u00e2ce \u00e0 un gros coup de froid. Actuellement, les conditions sont donc id\u00e9ales pour skier en ce dernier week-end de novembre. <strong>35 centim\u00e8tres sont pr\u00e9sents<\/strong> en bas de pistes, 50 en haut. La qualit\u00e9 de neige est souple. Du soleil est pr\u00e9vu tout le week-end.<\/p>\n<p>Un tarif unique tout le week-end<\/p>\n<p class=\" wall-content\">Pour cette occasion, la station d\u2019Isola 2000 met en <strong>place un tarif unique<\/strong> pour les adultes et enfants. Celui-ci est fix\u00e9 \u00e0 <strong>20\u00a0euros<\/strong>. \u00ab\u2009Le tarif de ce week-end est un tarif exceptionnel\u2009\u00bb, souligne \u00e0 actu Nice Virginie Tumorticchi, responsable du bureau d\u2019information d\u2019Isola 2000. L\u2019an dernier, il n\u2019y avait pas eu de pr\u00e9ouverture.<\/p>\n<p class=\" wall-content\">\u00c0 partir du 6\u00a0d\u00e9cembre, le tarif normal, pour une journ\u00e9e adulte (26 \u00e0 61\u00a0ans), sera cette saison de 44\u00a0euros, avance la station d\u2019Isola 2000. L\u2019ensemble des tarifs ne sont pas encore connus, cela d\u00e9pendant du nombre de pistes ouvertes.<\/p>\n<p>Votre r\u00e9gion, votre actu !<\/p>\n<p>Recevez chaque jour les infos qui comptent pour vous.<\/p>\n<p>\t<a href=\"https:\/\/actu.fr\/newsletter\" class=\"ac-btn ac-btn--corner ac-btn--medium ac-btn--blue800\" target=\"_blank\" rel=\"noopener\">S&rsquo;incrire<\/a><br \/>\nLombarde et Pelevos ouverts, 13 pistes ce week-end<\/p>\n<p class=\" wall-content\">Pour ce week-end de pr\u00e9ouverture, deux secteurs de la station <strong>sont ouverts aux skieurs<\/strong> selon le bulletin des pistes\u2009: Lombarde et Pelevos.<\/p>\n<p>    <img   decoding=\"async\" loading=\"lazy\" src=\"https:\/\/www.europesays.com\/fr\/wp-content\/uploads\/2025\/11\/pistes-isola-2000-960x640.png\" alt=\"Pistes \" width=\"960\" height=\"640\"\/><br \/>\n    Voici les pistes ouvertes \u00e0 Isola 2000 ce samedi\u00a029 et dimanche 30\u00a0novembre. (\u00a9Bulletin des pistes Isola 2000)<\/p>\n<p class=\" wall-content\">Le secteur de Saint-Sauveur restera ferm\u00e9 ce week-end.<\/p>\n<p class=\" wall-content\">En tout, sept pistes vertes seront ouvertes, cinq pistes bleues et une piste rouge (piste de comp\u00e9tition). Plusieurs remont\u00e9es m\u00e9caniques sont aussi ouvertes au public (voir bulletin des pistes ci-dessus).<\/p>\n<p class=\" wall-content\">Personnalisez votre actualit\u00e9 en ajoutant vos villes et m\u00e9dias en favori avec <a href=\"https:\/\/moncompte.actu.fr\" title=\"D\u00e9couvez Mon Actu\" rel=\"nofollow noopener\" data-trk=\"{&quot;cta&quot;:{&quot;action&quot;:&quot;https:\\\/\\\/moncompte.actu.fr&quot;,&quot;category&quot;:&quot;mon compte&quot;,&quot;from&quot;:&quot;article footer&quot;,&quot;name&quot;:&quot;Mon actu&quot;,&quot;type&quot;:&quot;cta&quot;}}\" target=\"_blank\">Mon Actu<\/a>.<\/p>\n","protected":false},"excerpt":{"rendered":"Par Arthur Frand Publi\u00e9 le 27 nov. 2025 \u00e0 15h05 C\u2019est d\u00e9j\u00e0 l\u2019heure pour les skieurs. La station&hellip;\n","protected":false},"author":2,"featured_media":562501,"comment_status":"","ping_status":"","sticky":false,"template":"","format":"standard","meta":{"footnotes":""},"categories":[2819],"tags":[1111,11,1777,674,1011,27,10584,12,2401,882,25,4129,104],"class_list":{"0":"post-562500","1":"post","2":"type-post","3":"status-publish","4":"format-standard","5":"has-post-thumbnail","7":"category-nice","8":"tag-actu","9":"tag-actualites","10":"tag-eu","11":"tag-europe","12":"tag-fr","13":"tag-france","14":"tag-neige","15":"tag-news","16":"tag-nice","17":"tag-provence-alpes-cote-dazur","18":"tag-republique-francaise","19":"tag-ski","20":"tag-societe"},"share_on_mastodon":{"url":"https:\/\/pubeurope.com\/@fr\/115622268029007500","error":""},"_links":{"self":[{"href":"https:\/\/www.europesays.com\/fr\/wp-json\/wp\/v2\/posts\/562500","targetHints":{"allow":["GET"]}}],"collection":[{"href":"https:\/\/www.europesays.com\/fr\/wp-json\/wp\/v2\/posts"}],"about":[{"href":"https:\/\/www.europesays.com\/fr\/wp-json\/wp\/v2\/types\/post"}],"author":[{"embeddable":true,"href":"https:\/\/www.europesays.com\/fr\/wp-json\/wp\/v2\/users\/2"}],"replies":[{"embeddable":true,"href":"https:\/\/www.europesays.com\/fr\/wp-json\/wp\/v2\/comments?post=562500"}],"version-history":[{"count":0,"href":"https:\/\/www.europesays.com\/fr\/wp-json\/wp\/v2\/posts\/562500\/revisions"}],"wp:featuredmedia":[{"embeddable":true,"href":"https:\/\/www.europesays.com\/fr\/wp-json\/wp\/v2\/media\/562501"}],"wp:attachment":[{"href":"https:\/\/www.europesays.com\/fr\/wp-json\/wp\/v2\/media?parent=562500"}],"wp:term":[{"taxonomy":"category","embeddable":true,"href":"https:\/\/www.europesays.com\/fr\/wp-json\/wp\/v2\/categories?post=562500"},{"taxonomy":"post_tag","embeddable":true,"href":"https:\/\/www.europesays.com\/fr\/wp-json\/wp\/v2\/tags?post=562500"}],"curies":[{"name":"wp","href":"https:\/\/api.w.org\/{rel}","templated":true}]}}