{"id":562502,"date":"2025-11-27T15:02:17","date_gmt":"2025-11-27T15:02:17","guid":{"rendered":"https:\/\/www.europesays.com\/fr\/562502\/"},"modified":"2025-11-27T15:02:17","modified_gmt":"2025-11-27T15:02:17","slug":"patrick-fiori-revient-a-nantes-pour-un-concert-exceptionnel","status":"publish","type":"post","link":"https:\/\/www.europesays.com\/fr\/562502\/","title":{"rendered":"Patrick Fiori revient \u00e0 Nantes pour un concert exceptionnel"},"content":{"rendered":"<p>Nantes s\u2019appr\u00eate \u00e0 vibrer au rythme de la voix unique de Patrick Fiori. Apr\u00e8s le succ\u00e8s de sa derni\u00e8re tourn\u00e9e, l\u2019artiste revient sur sc\u00e8ne avec un spectacle in\u00e9dit, le 10 mars 2027 au Z\u00e9nith de Nantes. L\u2019artiste est pass\u00e9 par cette salle le 20 mai dernier, pour sa tourn\u00e9e \u00ab Le Champ est Libre \u00bb.<\/p>\n<\/p>\n<p>\u00c0 la rencontre de son public<\/p>\n<p>Ce nouveau rendez-vous promet une soir\u00e9e chaleureuse et g\u00e9n\u00e9reuse, o\u00f9 \u00e9motion, proximit\u00e9 et partage seront au c\u0153ur de l\u2019exp\u00e9rience, lancent les programmateurs. Entour\u00e9 de son \u00e9quipe fid\u00e8le, Patrick Fiori souhaite r\u00e9inventer la rencontre avec son public. Au programme : Des interpr\u00e9tations vibrantes, des instants de complicit\u00e9 et la sensation d\u2019\u00eatre, le temps d\u2019un concert, un invit\u00e9 particulier.<\/p>\n<p>Les fans pourront retrouver les titres embl\u00e9matiques de son r\u00e9pertoire, mais aussi d\u00e9couvrir des surprises qui feront de ce concert un moment unique.<\/p>\n<p><a href=\"https:\/\/nantes.maville.com\/actu\/actudet_-jean-louis-jossic-il-faut-inventer-ne-pas-ressasser-le-passe-_52716-7079719_actu.Htm\" target=\"_blank\" rel=\"noopener\"> <strong>LIRE AUSSI.<\/strong> Le chanteur de Tri Yann incite \u00e0 \u00ab inventer \u00bb et \u00e0 \u00ab ne pas ressasser le pass\u00e9 \u00bb pour renouveler la culture<\/a><\/p>\n<p>Infos pratiques<\/p>\n<p>Lieu : Z\u00e9nith de Nantes. Date : 10 mars 2027. Billetterie :<a href=\"https:\/\/www.ticketmaster.fr\/fr\/artiste\/patrick-fiori\/idartiste\/129\" target=\"_blank\" rel=\"noopener\"> pr\u00e9vente d\u00e8s le 28 novembre sur Ticketmaster,<\/a> mise en vente g\u00e9n\u00e9rale le 1er d\u00e9cembre.<\/p>\n<p>Chanteur, com\u00e9dien\u2026<\/p>\n<p>Le chanteur a assur\u00e9 qu\u2019il participerait \u00e0 l\u2019Eurovision de 2027 sous les couleurs de l\u2019Arm\u00e9nie. En 1993, il avait d\u00e9j\u00e0 repr\u00e9sent\u00e9 la France.<\/p>\n<p>Patrick Fiori, n\u00e9 le 23 septembre 1969 \u00e0 Marseille, est un chanteur corse qui fait partie des plus belles voix fran\u00e7aises. Sa carri\u00e8re a d\u00e9coll\u00e9 avec la com\u00e9die musicale Notre-Dame de Paris (1998) o\u00f9 il a interpr\u00e9t\u00e9 le r\u00f4le de Phoebus. Il a \u00e9galement connu le succ\u00e8s lors de sa carri\u00e8re solo avec des tubes tels que Que tu reviennes ou Toutes les peines.<\/p>\n<p>En plus de sa carri\u00e8re de chanteur, Patrick Fiori a \u00e9galement explor\u00e9 le monde de l\u2019acting. Il a jou\u00e9 dans des pi\u00e8ces de th\u00e9\u00e2tre et des t\u00e9l\u00e9films, et il a \u00e9galement \u00e9t\u00e9 jury dans l\u2019\u00e9mission The Voice Kids aux c\u00f4t\u00e9s de Slimane, Nolwenn Leroy et Kendji Girac. Il anime \u00e9galement une \u00e9mission sur France 3 qui met en avant les artistes de la Corse et ceux du continent.<\/p>\n<p>\u00a0<\/p>\n","protected":false},"excerpt":{"rendered":"Nantes s\u2019appr\u00eate \u00e0 vibrer au rythme de la voix unique de Patrick Fiori. Apr\u00e8s le succ\u00e8s de sa&hellip;\n","protected":false},"author":2,"featured_media":562503,"comment_status":"","ping_status":"","sticky":false,"template":"","format":"standard","meta":{"footnotes":""},"categories":[2818],"tags":[1111,11,1697,1777,674,25975,52508,1011,27,766,12,12012,2636,25,14173],"class_list":{"0":"post-562502","1":"post","2":"type-post","3":"status-publish","4":"format-standard","5":"has-post-thumbnail","7":"category-nantes","8":"tag-actu","9":"tag-actualites","10":"tag-concert","11":"tag-eu","12":"tag-europe","13":"tag-exceptionnel","14":"tag-fiori","15":"tag-fr","16":"tag-france","17":"tag-nantes","18":"tag-news","19":"tag-patrick","20":"tag-pays-de-la-loire","21":"tag-republique-francaise","22":"tag-revient"},"share_on_mastodon":{"url":"https:\/\/pubeurope.com\/@fr\/115622271123282152","error":""},"_links":{"self":[{"href":"https:\/\/www.europesays.com\/fr\/wp-json\/wp\/v2\/posts\/562502","targetHints":{"allow":["GET"]}}],"collection":[{"href":"https:\/\/www.europesays.com\/fr\/wp-json\/wp\/v2\/posts"}],"about":[{"href":"https:\/\/www.europesays.com\/fr\/wp-json\/wp\/v2\/types\/post"}],"author":[{"embeddable":true,"href":"https:\/\/www.europesays.com\/fr\/wp-json\/wp\/v2\/users\/2"}],"replies":[{"embeddable":true,"href":"https:\/\/www.europesays.com\/fr\/wp-json\/wp\/v2\/comments?post=562502"}],"version-history":[{"count":0,"href":"https:\/\/www.europesays.com\/fr\/wp-json\/wp\/v2\/posts\/562502\/revisions"}],"wp:featuredmedia":[{"embeddable":true,"href":"https:\/\/www.europesays.com\/fr\/wp-json\/wp\/v2\/media\/562503"}],"wp:attachment":[{"href":"https:\/\/www.europesays.com\/fr\/wp-json\/wp\/v2\/media?parent=562502"}],"wp:term":[{"taxonomy":"category","embeddable":true,"href":"https:\/\/www.europesays.com\/fr\/wp-json\/wp\/v2\/categories?post=562502"},{"taxonomy":"post_tag","embeddable":true,"href":"https:\/\/www.europesays.com\/fr\/wp-json\/wp\/v2\/tags?post=562502"}],"curies":[{"name":"wp","href":"https:\/\/api.w.org\/{rel}","templated":true}]}}