{"id":562504,"date":"2025-11-27T15:03:27","date_gmt":"2025-11-27T15:03:27","guid":{"rendered":"https:\/\/www.europesays.com\/fr\/562504\/"},"modified":"2025-11-27T15:03:27","modified_gmt":"2025-11-27T15:03:27","slug":"levade-du-planetarium-interpelle-a-nantes-par-la-bri","status":"publish","type":"post","link":"https:\/\/www.europesays.com\/fr\/562504\/","title":{"rendered":"L\u2019\u00e9vad\u00e9 du plan\u00e9tarium interpell\u00e9 \u00e0 Nantes par la BRI"},"content":{"rendered":"<p class=\"paragraph text_align_left lp-f-body-02\">Fin de cavale pour l\u2019\u00e9vad\u00e9 du plan\u00e9tarium. Selon des sources polici\u00e8res et judiciaires, \u00c9mile Siegler, <a href=\"https:\/\/www.leparisien.fr\/faits-divers\/rennes-un-detenu-toujours-recherche-apres-une-evasion-lors-dune-sortie-au-planetarium-17-11-2025-YX6J4YHMFJCHHDVEIEFBGVLI6M.php\" target=\"_self\" rel=\"noopener\">l\u2019\u00e9vad\u00e9 du plan\u00e9tarium<\/a> de Rennes a \u00e9t\u00e9 interpell\u00e9 ce jeudi midi dans un camp de gens du voyage de Nantes par les policiers de la Brigade de recherches et d\u2019intervention (BRI). \u00c9mile Siegler, alias Gino, \u00e2g\u00e9 de 37 ans s\u2019\u00e9tait \u00e9vad\u00e9 de prison lors d\u2019une sortie organis\u00e9e le vendredi 14 novembre au plan\u00e9tarium de Rennes. Incarc\u00e9r\u00e9 \u00e0 la prison de Vezin-le-Coquet, \u00c9mile Siegler s\u2019\u00e9tait d\u00e9j\u00e0 fait la malle \u00e0 trois reprises au cours de ses diverses incarc\u00e9rations.<\/p>\n<p>Suspect\u00e9 dans l\u2019affaire des incendies en Bretagne<\/p>\n<p class=\"paragraph text_align_left lp-f-body-02\">En 2009, il avait pass\u00e9 un mois en libert\u00e9 apr\u00e8s une permission de sortie. Il avait recommenc\u00e9 en 2015. En 2024, il ne s\u2019\u00e9tait pas pr\u00e9sent\u00e9 \u00e0 son proc\u00e8s. M\u00eal\u00e9 \u00e0 diff\u00e9rentes affaires de vols et de cambriolages, Gino a d\u00e9j\u00e0 pass\u00e9 plus de quinze ans en prison. Au moment de son \u00e9vasion, il purgeait une peine pour de nombreux vols. L\u2019homme est par ailleurs mis en examen \u00e0 Rennes dans un retentissant dossier d\u2019incendies criminels. En prison, il se serait ainsi rapproch\u00e9 de Quentin H., un entrepreneur suspect\u00e9 d\u2019avoir incendi\u00e9 plusieurs magasins avec qui il \u00e9tait en conflit.<\/p>\n<p class=\"paragraph text_align_left lp-f-body-02\">Selon nos informations, \u00c9mile Siegler avait \u00e9t\u00e9 rep\u00e9r\u00e9 il y a plusieurs heures par les policiers d\u2019\u00e9lite de la BRI dans le camp de la Clari\u00e8re, un campement de gens du voyage s\u00e9dentaris\u00e9s de Nantes. De gros moyens policiers, et notamment des CRS, avaient \u00e9t\u00e9 mobilis\u00e9s pour \u00e9viter le moindre incident. \u00c0 la vue des policiers, \u00c9mile Siegler a tent\u00e9 de prendre la fuite en courant, avant d\u2019\u00eatre rattrap\u00e9 par la BRI. Un autre membre de sa famille, qui serait lui vis\u00e9 par une fiche de recherche, a aussi \u00e9t\u00e9 interpell\u00e9 lors de l\u2019op\u00e9ration. Contact\u00e9 le procureur de Rennes, Fr\u00e9d\u00e9ric Teillet, confirme l\u2019interpellation de l\u2019\u00e9vad\u00e9.<\/p>\n<p class=\"paragraph text_align_left lp-f-body-02\">Plus d\u2019informations \u00e0 venir\u2026<\/p>\n","protected":false},"excerpt":{"rendered":"Fin de cavale pour l\u2019\u00e9vad\u00e9 du plan\u00e9tarium. Selon des sources polici\u00e8res et judiciaires, \u00c9mile Siegler, l\u2019\u00e9vad\u00e9 du plan\u00e9tarium&hellip;\n","protected":false},"author":2,"featured_media":562505,"comment_status":"","ping_status":"","sticky":false,"template":"","format":"standard","meta":{"footnotes":""},"categories":[2818],"tags":[1111,11,1777,674,118,1011,27,766,12,2636,25],"class_list":{"0":"post-562504","1":"post","2":"type-post","3":"status-publish","4":"format-standard","5":"has-post-thumbnail","7":"category-nantes","8":"tag-actu","9":"tag-actualites","10":"tag-eu","11":"tag-europe","12":"tag-faits-divers","13":"tag-fr","14":"tag-france","15":"tag-nantes","16":"tag-news","17":"tag-pays-de-la-loire","18":"tag-republique-francaise"},"share_on_mastodon":{"url":"https:\/\/pubeurope.com\/@fr\/115622275096710542","error":""},"_links":{"self":[{"href":"https:\/\/www.europesays.com\/fr\/wp-json\/wp\/v2\/posts\/562504","targetHints":{"allow":["GET"]}}],"collection":[{"href":"https:\/\/www.europesays.com\/fr\/wp-json\/wp\/v2\/posts"}],"about":[{"href":"https:\/\/www.europesays.com\/fr\/wp-json\/wp\/v2\/types\/post"}],"author":[{"embeddable":true,"href":"https:\/\/www.europesays.com\/fr\/wp-json\/wp\/v2\/users\/2"}],"replies":[{"embeddable":true,"href":"https:\/\/www.europesays.com\/fr\/wp-json\/wp\/v2\/comments?post=562504"}],"version-history":[{"count":0,"href":"https:\/\/www.europesays.com\/fr\/wp-json\/wp\/v2\/posts\/562504\/revisions"}],"wp:featuredmedia":[{"embeddable":true,"href":"https:\/\/www.europesays.com\/fr\/wp-json\/wp\/v2\/media\/562505"}],"wp:attachment":[{"href":"https:\/\/www.europesays.com\/fr\/wp-json\/wp\/v2\/media?parent=562504"}],"wp:term":[{"taxonomy":"category","embeddable":true,"href":"https:\/\/www.europesays.com\/fr\/wp-json\/wp\/v2\/categories?post=562504"},{"taxonomy":"post_tag","embeddable":true,"href":"https:\/\/www.europesays.com\/fr\/wp-json\/wp\/v2\/tags?post=562504"}],"curies":[{"name":"wp","href":"https:\/\/api.w.org\/{rel}","templated":true}]}}