{"id":562506,"date":"2025-11-27T15:04:15","date_gmt":"2025-11-27T15:04:15","guid":{"rendered":"https:\/\/www.europesays.com\/fr\/562506\/"},"modified":"2025-11-27T15:04:15","modified_gmt":"2025-11-27T15:04:15","slug":"un-nouveau-cafe-brunch-ouvre-en-plein-centre-de-bordeaux","status":"publish","type":"post","link":"https:\/\/www.europesays.com\/fr\/562506\/","title":{"rendered":"Un nouveau caf\u00e9 brunch ouvre en plein centre de Bordeaux"},"content":{"rendered":"<p>Une nouvelle adresse vient d\u2019\u00e9clore en plein c\u0153ur de Bordeaux, et elle risque bien de s\u2019imposer comme l\u2019un des rep\u00e8res les plus agr\u00e9ables du centre-ville. <\/p>\n<p style=\"font-size:16px\"><a href=\"https:\/\/www.instagram.com\/astragale_coffee\/\" target=\"_blank\" rel=\"noreferrer noopener\">Astragale<\/a>, fra\u00eechement install\u00e9 rue du Mirail, \u00e0 deux pas de la Grosse Cloche, propose un brunch pens\u00e9 comme une vraie pause du quotidien. Accessible, r\u00e9confortant, \u00e9quilibr\u00e9 et sans prises de t\u00eate : voil\u00e0 l\u2019esprit du lieu<\/p>\n<p style=\"font-size:16px\">La carte d\u2019Astragale reprend les incontournables du brunch, revisit\u00e9s pour qu\u2019ils soient \u00e0 la fois plaisirs et \u00e9nergie. Ici, on mange bien, mais on ne ressort pas lourd.<\/p>\n<p><img fetchpriority=\"high\" decoding=\"async\" width=\"1024\" height=\"830\" src=\"https:\/\/www.europesays.com\/fr\/wp-content\/uploads\/2025\/11\/IMG_4338-e1764254499600-1024x830.jpg\" alt=\"\" class=\"wp-image-86989\" style=\"width:693px;height:auto\"  \/>Astragale, un espace lumineux et chaleureux en plein centre de Bordeaux, id\u00e9al pour bruncher, travailler ou juste prendre un caf\u00e9.\u00a9opolo_communication<\/p>\n<p style=\"font-size:16px\">Parmi les classiques revisit\u00e9s, tu peux retrouver :<\/p>\n<ul class=\"wp-block-list\">\n<li style=\"font-size:16px\">des\u00a0<strong>pancakes bien moelleux<\/strong>, parfaits pour un petit-d\u00e9jeuner r\u00e9confortant<\/li>\n<li style=\"font-size:16px\">un\u00a0<strong>avocado toast g\u00e9n\u00e9reux<\/strong>, pr\u00e9par\u00e9 avec des produits frais<\/li>\n<li style=\"font-size:16px\">un\u00a0<strong>granola maison<\/strong>\u00a0accompagn\u00e9 de fromage blanc<\/li>\n<li style=\"font-size:16px\">des\u00a0<strong>wraps<\/strong>\u00a0faciles \u00e0 manger sur le pouce<\/li>\n<\/ul>\n<p style=\"font-size:16px\">Les boissons suivent la m\u00eame philosophie : caf\u00e9s, latt\u00e9s, cappuccinos, tisanes, mais aussi un \u00e9tonnant <strong>mango-matcha<\/strong>. <\/p>\n<p style=\"font-size:16px\">Les portions sont pens\u00e9es pour donner de l\u2019\u00e9nergie sans cr\u00e9er le fameux<strong> \u00ab\u00a0coup de barre de 15h\u00a0\u00bb<\/strong>. C\u2019est l\u2019id\u00e9e ma\u00eetresse <strong>d\u2019Astragale<\/strong> : te permettre de retourner en cours, au travail ou au sport sans avoir l\u2019impression d\u2019avoir aval\u00e9 quelque chose de trop lourd.<\/p>\n<p style=\"font-size:16px\">Le brunch devient alors une parenth\u00e8se agr\u00e9able, mais pas un frein \u00e0 ta journ\u00e9e. Un vrai luxe, surtout en plein centre.<\/p>\n<p style=\"font-size:16px\">L\u2019emplacement, juste \u00e0 c\u00f4t\u00e9 de la Grosse Cloche, joue un r\u00f4le essentiel : facile d\u2019acc\u00e8s, en plein centre, parfait pour les \u00e9tudiants, les travailleurs, les touristes ou les Bordelais en balade.<\/p>\n<p><img loading=\"lazy\" decoding=\"async\" width=\"1024\" height=\"908\" src=\"https:\/\/www.europesays.com\/fr\/wp-content\/uploads\/2025\/11\/IMG_4337-1024x908.jpg\" alt=\"\" class=\"wp-image-86990\" style=\"width:662px;height:auto\"  \/>Pancakes moelleux, avocado toast et granola maison\u2026 le brunch d\u2019Astragale allie plaisir et \u00e9nergie pour bien d\u00e9marrer la journ\u00e9e.\u00a9opolo_communication<\/p>\n<p style=\"font-size:16px\">Avec des prix compris entre\u00a0<strong>5 \u20ac et 12 \u20ac<\/strong>, Astragale se veut accessible. Une\u00a0<strong>formule \u00e9tudiante<\/strong>\u00a0permet m\u00eame de manger un lunch sans exploser son budget.<\/p>\n<p style=\"font-size:16px\">Astragale n\u2019est pas juste un nouveau caf\u00e9 : c\u2019est un espace o\u00f9 l\u2019on respire. Un brunch sans pr\u00e9tention, bon, pratique, accessible, qui s\u2019adapte r\u00e9ellement au rythme des Bordelais.<\/p>\n<p style=\"font-size:16px\">Une nouvelle adresse simple, douce et efficace, et c\u2019est s\u00fbrement pour \u00e7a qu\u2019elle va rapidement devenir un classique du centre-ville.<\/p>\n<p style=\"font-size:16px\">\u00c0 lire aussi : <a href=\"https:\/\/www.bougerabordeaux.com\/actu\/nouvelle-aquitaine-la-region-experimente-les-premiers-trains-roulant-au-biogaz\/\" target=\"_blank\" rel=\"noreferrer noopener\">Nouvelle Aquitaine : la r\u00e9gion exp\u00e9rimente les premiers trains roulant au biogaz<\/a><\/p>\n<p>\t\t<script async src=\"\/\/www.instagram.com\/embed.js\"><\/script><\/p>\n","protected":false},"excerpt":{"rendered":"Une nouvelle adresse vient d\u2019\u00e9clore en plein c\u0153ur de Bordeaux, et elle risque bien de s\u2019imposer comme l\u2019un&hellip;\n","protected":false},"author":2,"featured_media":562507,"comment_status":"","ping_status":"","sticky":false,"template":"","format":"standard","meta":{"footnotes":""},"categories":[2817],"tags":[1111,11,1997,1777,674,1011,27,12,2219,25],"class_list":{"0":"post-562506","1":"post","2":"type-post","3":"status-publish","4":"format-standard","5":"has-post-thumbnail","7":"category-bordeaux","8":"tag-actu","9":"tag-actualites","10":"tag-bordeaux","11":"tag-eu","12":"tag-europe","13":"tag-fr","14":"tag-france","15":"tag-news","16":"tag-nouvelle-aquitaine","17":"tag-republique-francaise"},"share_on_mastodon":{"url":"https:\/\/pubeurope.com\/@fr\/115622280184878182","error":""},"_links":{"self":[{"href":"https:\/\/www.europesays.com\/fr\/wp-json\/wp\/v2\/posts\/562506","targetHints":{"allow":["GET"]}}],"collection":[{"href":"https:\/\/www.europesays.com\/fr\/wp-json\/wp\/v2\/posts"}],"about":[{"href":"https:\/\/www.europesays.com\/fr\/wp-json\/wp\/v2\/types\/post"}],"author":[{"embeddable":true,"href":"https:\/\/www.europesays.com\/fr\/wp-json\/wp\/v2\/users\/2"}],"replies":[{"embeddable":true,"href":"https:\/\/www.europesays.com\/fr\/wp-json\/wp\/v2\/comments?post=562506"}],"version-history":[{"count":0,"href":"https:\/\/www.europesays.com\/fr\/wp-json\/wp\/v2\/posts\/562506\/revisions"}],"wp:featuredmedia":[{"embeddable":true,"href":"https:\/\/www.europesays.com\/fr\/wp-json\/wp\/v2\/media\/562507"}],"wp:attachment":[{"href":"https:\/\/www.europesays.com\/fr\/wp-json\/wp\/v2\/media?parent=562506"}],"wp:term":[{"taxonomy":"category","embeddable":true,"href":"https:\/\/www.europesays.com\/fr\/wp-json\/wp\/v2\/categories?post=562506"},{"taxonomy":"post_tag","embeddable":true,"href":"https:\/\/www.europesays.com\/fr\/wp-json\/wp\/v2\/tags?post=562506"}],"curies":[{"name":"wp","href":"https:\/\/api.w.org\/{rel}","templated":true}]}}