{"id":562512,"date":"2025-11-27T15:07:14","date_gmt":"2025-11-27T15:07:14","guid":{"rendered":"https:\/\/www.europesays.com\/fr\/562512\/"},"modified":"2025-11-27T15:07:14","modified_gmt":"2025-11-27T15:07:14","slug":"haro-sur-les-vols-de-nuit","status":"publish","type":"post","link":"https:\/\/www.europesays.com\/fr\/562512\/","title":{"rendered":"haro sur les vols de nuit"},"content":{"rendered":"<p>C&rsquo;est un d\u00e9but de r\u00e9ponse aux riverains de l&rsquo;a\u00e9roport d\u00e9non\u00e7ant les nuisances a\u00e9riennes. Il sera bient\u00f4t interdit de programmer un vol commercial amen\u00e9 \u00e0 d\u00e9coller entre 23 heures et 6 heures ou \u00e0 atterrir entre 23 h 30 et 6 heures depuis l&rsquo;a\u00e9roport Toulouse-Blagnac. Le pr\u00e9fet de la r\u00e9gion Occitanie a fait cette annonce le 26 novembre au terme d&rsquo;une <a href=\"https:\/\/www.latribune.fr\/entreprises\/business\/2024-09-27\/aeroport-toulouse-blagnac-discorde-autour-des-quotas-sur-les-vols-en-pleine-nuit-1007508.html\" target=\"_blank\" rel=\"noopener\">\u00e9tude d&rsquo;impact<\/a>. Par ailleurs, les a\u00e9ronefs les plus bruyants (avec une marge acoustique cumul\u00e9e inf\u00e9rieure \u00e0 13 EPNdB) seront interdits entre 22 heures et 6 heures.<\/p>\n<p>D&rsquo;apr\u00e8s la pr\u00e9fecture, ces mesures devraient conduire \u00e0 la suppression de 441 vols \u00e0 l\u2019arriv\u00e9e et de 297 d\u00e9parts programm\u00e9s au-del\u00e0 de 23 heures, qui devront \u00eatre avanc\u00e9s sur les cr\u00e9neaux pr\u00e9c\u00e9dents.\u00a0<\/p>\n<p>\u00ab\u2009Je fais le choix d\u2019un sc\u00e9nario \u00e9quilibr\u00e9 et efficace, qui prend en compte la r\u00e9alit\u00e9 du trafic ainsi que les efforts d\u00e9j\u00e0 engag\u00e9s par les acteurs de l\u2019a\u00e9rien pour limiter les nuisances sonores, et va plus loin, pour sanctuariser le c\u0153ur de nuit, o\u00f9 la programmation de vols commerciaux ne sera bient\u00f4t plus possible\u2009\u00bb, a justifi\u00e9 Pierre-Andr\u00e9 Durand.<\/p>\n","protected":false},"excerpt":{"rendered":"C&rsquo;est un d\u00e9but de r\u00e9ponse aux riverains de l&rsquo;a\u00e9roport d\u00e9non\u00e7ant les nuisances a\u00e9riennes. Il sera bient\u00f4t interdit de&hellip;\n","protected":false},"author":2,"featured_media":562513,"comment_status":"","ping_status":"","sticky":false,"template":"","format":"standard","meta":{"footnotes":""},"categories":[2816],"tags":[17,1111,11,663,1777,674,1011,27,67883,12,293,2680,14657,25,2312,44494,800,2692],"class_list":{"0":"post-562512","1":"post","2":"type-post","3":"status-publish","4":"format-standard","5":"has-post-thumbnail","7":"category-toulouse","8":"tag-17","9":"tag-actu","10":"tag-actualites","11":"tag-aeroport","12":"tag-eu","13":"tag-europe","14":"tag-fr","15":"tag-france","16":"tag-haro","17":"tag-news","18":"tag-nuit","19":"tag-occitanie","20":"tag-programmes","21":"tag-republique-francaise","22":"tag-toulouse","23":"tag-toulouse-blagnac","24":"tag-transports","25":"tag-vols"},"share_on_mastodon":{"url":"https:\/\/pubeurope.com\/@fr\/115622291177232694","error":""},"_links":{"self":[{"href":"https:\/\/www.europesays.com\/fr\/wp-json\/wp\/v2\/posts\/562512","targetHints":{"allow":["GET"]}}],"collection":[{"href":"https:\/\/www.europesays.com\/fr\/wp-json\/wp\/v2\/posts"}],"about":[{"href":"https:\/\/www.europesays.com\/fr\/wp-json\/wp\/v2\/types\/post"}],"author":[{"embeddable":true,"href":"https:\/\/www.europesays.com\/fr\/wp-json\/wp\/v2\/users\/2"}],"replies":[{"embeddable":true,"href":"https:\/\/www.europesays.com\/fr\/wp-json\/wp\/v2\/comments?post=562512"}],"version-history":[{"count":0,"href":"https:\/\/www.europesays.com\/fr\/wp-json\/wp\/v2\/posts\/562512\/revisions"}],"wp:featuredmedia":[{"embeddable":true,"href":"https:\/\/www.europesays.com\/fr\/wp-json\/wp\/v2\/media\/562513"}],"wp:attachment":[{"href":"https:\/\/www.europesays.com\/fr\/wp-json\/wp\/v2\/media?parent=562512"}],"wp:term":[{"taxonomy":"category","embeddable":true,"href":"https:\/\/www.europesays.com\/fr\/wp-json\/wp\/v2\/categories?post=562512"},{"taxonomy":"post_tag","embeddable":true,"href":"https:\/\/www.europesays.com\/fr\/wp-json\/wp\/v2\/tags?post=562512"}],"curies":[{"name":"wp","href":"https:\/\/api.w.org\/{rel}","templated":true}]}}