{"id":562514,"date":"2025-11-27T15:08:12","date_gmt":"2025-11-27T15:08:12","guid":{"rendered":"https:\/\/www.europesays.com\/fr\/562514\/"},"modified":"2025-11-27T15:08:12","modified_gmt":"2025-11-27T15:08:12","slug":"une-grande-fete-gratuite-organisee-a-lille-ce-vendredi","status":"publish","type":"post","link":"https:\/\/www.europesays.com\/fr\/562514\/","title":{"rendered":"une grande f\u00eate gratuite organis\u00e9e \u00e0 Lille ce vendredi"},"content":{"rendered":"<p>                    Par<br \/>\n        <strong><br \/>\n            <a href=\"https:\/\/actu.fr\/auteur\/nicolas-demollien\" title=\"Consulter tous les articles de Nicolas Demollien\" target=\"_blank\" rel=\"noopener\">Nicolas Demollien<\/a><br \/>\n                    <\/strong><\/p>\n<p>        Publi\u00e9 le<\/p>\n<p>            27 nov. 2025 \u00e0 16h00        <\/p>\n<p>C\u2019est un moment toujours tr\u00e8s attendu \u00e0 <a href=\"https:\/\/actu.fr\/hauts-de-france\/lille_59350\" target=\"_blank\" rel=\"noopener\">Lille<\/a> (Nord) ! Ce vendredi 28 novembre 2025, les <b>animations <\/b>de <a href=\"https:\/\/actu.fr\/tag\/noel\" target=\"_blank\" rel=\"noopener\">No\u00ebl<\/a> seront lanc\u00e9es dans le <b>quartier Fives<\/b> avec un <b>grand show gratuit<\/b> m\u00ealant <b>cracheurs de feu, allumoirs<\/b> ou encore <a href=\"https:\/\/actu.fr\/tag\/feu-dartifice\" target=\"_blank\" rel=\"noopener\">feu d\u2019artifice<\/a>.<\/p>\n<p>Grandes animations gratuites avec feu d\u2019artifice ce vendredi \u00e0 Lille<\/p>\n<p class=\" wall-content\">Les festivit\u00e9s d\u00e9marreront d\u00e8s 16h45 au c\u00f4t\u00e9 du <b>square Lardermer <\/b>(rue de la Phalecque) avec la mise en place d\u2019animations familiales : stand de maquillage, confection d\u2019allumoirs, pr\u00e9sence de cracheurs de feu et autres animations musicales et culturelles.<\/p>\n<p class=\" wall-content\">A partir de 17h30, vous pourrez aussi profiter de festivit\u00e9s qui se d\u00e9rouleront sur la <b>place Degeyter<\/b> avec la pr\u00e9sence de <b>man\u00e8ges<\/b>, des chants de No\u00ebl mais aussi la <b>distribution de cadeaux et de chocolat chaud<\/b>.<\/p>\n<p class=\" wall-content\">Le cort\u00e8ge entre le square Lardemer et la place Degeyter se fera \u00e0 partir de 18h et empruntera les rues Lafontaine, Gaiet\u00e9, Marengo et Bouvines.<\/p>\n<p class=\" wall-content\">Saint-Nicolas entamera sa descente \u00e0 partir de 19h et le feu d\u2019artifice sera tir\u00e9. Un tr\u00e8s joli moment en perspective !<\/p>\n<p>    <a href=\"https:\/\/www.facebook.com\/plugins\/post.php?href=https%3A%2F%2Fwww.facebook.com%2Fconseildequartierfives%2Fposts%2Fpfbid033SYus4AdbL4o9hbtXKD2jhvd6hnDs2JjsGZKfHHYmDdReLZ1Uin7nzGkk6Y5kdH3l&amp;show_text=true&amp;width=350\" title=\"Ouvrie le lien\" target=\"_blank\" rel=\"noopener\">Cliquez ici pour visualiser le contenu<\/a><\/p>\n<p class=\" wall-content\">Plus d\u2019infos sur le site <a href=\"https:\/\/www.lille.fr\/fives\/Evenements\/Noel-a-Fives\" target=\"_blank\" rel=\"noopener\">lille.fr<\/a><\/p>\n<p class=\" wall-content\">Personnalisez votre actualit\u00e9 en ajoutant vos villes et m\u00e9dias en favori avec <a href=\"https:\/\/moncompte.actu.fr\" title=\"D\u00e9couvez Mon Actu\" rel=\"nofollow noopener\" data-trk=\"{&quot;cta&quot;:{&quot;action&quot;:&quot;https:\\\/\\\/moncompte.actu.fr&quot;,&quot;category&quot;:&quot;mon compte&quot;,&quot;from&quot;:&quot;article footer&quot;,&quot;name&quot;:&quot;Mon actu&quot;,&quot;type&quot;:&quot;cta&quot;}}\" target=\"_blank\">Mon Actu<\/a>.<\/p>\n","protected":false},"excerpt":{"rendered":"Par Nicolas Demollien Publi\u00e9 le 27 nov. 2025 \u00e0 16h00 C\u2019est un moment toujours tr\u00e8s attendu \u00e0 Lille&hellip;\n","protected":false},"author":2,"featured_media":562515,"comment_status":"","ping_status":"","sticky":false,"template":"","format":"standard","meta":{"footnotes":""},"categories":[2815],"tags":[1111,11,1777,674,16701,1011,27,811,1307,1652,12,25],"class_list":{"0":"post-562514","1":"post","2":"type-post","3":"status-publish","4":"format-standard","5":"has-post-thumbnail","7":"category-lille","8":"tag-actu","9":"tag-actualites","10":"tag-eu","11":"tag-europe","12":"tag-feu-dartifice","13":"tag-fr","14":"tag-france","15":"tag-hauts-de-france","16":"tag-lille","17":"tag-loisirs-culture","18":"tag-news","19":"tag-republique-francaise"},"share_on_mastodon":{"url":"https:\/\/pubeurope.com\/@fr\/115622294845180650","error":""},"_links":{"self":[{"href":"https:\/\/www.europesays.com\/fr\/wp-json\/wp\/v2\/posts\/562514","targetHints":{"allow":["GET"]}}],"collection":[{"href":"https:\/\/www.europesays.com\/fr\/wp-json\/wp\/v2\/posts"}],"about":[{"href":"https:\/\/www.europesays.com\/fr\/wp-json\/wp\/v2\/types\/post"}],"author":[{"embeddable":true,"href":"https:\/\/www.europesays.com\/fr\/wp-json\/wp\/v2\/users\/2"}],"replies":[{"embeddable":true,"href":"https:\/\/www.europesays.com\/fr\/wp-json\/wp\/v2\/comments?post=562514"}],"version-history":[{"count":0,"href":"https:\/\/www.europesays.com\/fr\/wp-json\/wp\/v2\/posts\/562514\/revisions"}],"wp:featuredmedia":[{"embeddable":true,"href":"https:\/\/www.europesays.com\/fr\/wp-json\/wp\/v2\/media\/562515"}],"wp:attachment":[{"href":"https:\/\/www.europesays.com\/fr\/wp-json\/wp\/v2\/media?parent=562514"}],"wp:term":[{"taxonomy":"category","embeddable":true,"href":"https:\/\/www.europesays.com\/fr\/wp-json\/wp\/v2\/categories?post=562514"},{"taxonomy":"post_tag","embeddable":true,"href":"https:\/\/www.europesays.com\/fr\/wp-json\/wp\/v2\/tags?post=562514"}],"curies":[{"name":"wp","href":"https:\/\/api.w.org\/{rel}","templated":true}]}}