{"id":562516,"date":"2025-11-27T15:09:22","date_gmt":"2025-11-27T15:09:22","guid":{"rendered":"https:\/\/www.europesays.com\/fr\/562516\/"},"modified":"2025-11-27T15:09:22","modified_gmt":"2025-11-27T15:09:22","slug":"joshua-weilerstein-en-itinerance-avec-lorchestre-national-de-lille","status":"publish","type":"post","link":"https:\/\/www.europesays.com\/fr\/562516\/","title":{"rendered":"Joshua Weilerstein en itin\u00e9rance avec l\u2019Orchestre National de Lille"},"content":{"rendered":"<p><strong>A l\u2019occasion de ses prochains concerts avec l\u2019orchestre national de Lille, Joshua Weilerstein sera, ce jeudi 27 novembre \u00e0 20h, l\u2019invit\u00e9 du Journal du Classique.<\/strong><\/p>\n<p>C\u2019est un chef en itin\u00e9rance avec son orchestre, mais qui a choisi d\u2019en faire une force. Depuis la fermeture de l\u2019Auditorium du Nouveau Si\u00e8cle pour cause de travaux, Joshua Weilerstein poursuit son aventure lilloise hors les murs, investissant diff\u00e9rents lieux de la ville et de la r\u00e9gion, se produisant \u00e9galement \u00e0 Paris comme \u00e0 Aix-en-Provence. L\u2019occasion pour le chef am\u00e9ricain et ses musiciens d\u2019aller toucher un public encore plus vaste et de renforcer ce sens de l\u2019adaptabilit\u00e9 que l\u2019<a href=\"https:\/\/www.radioclassique.fr\/classique\/concerts-festivals\/trois-concerts-mozart-a-lille-jean-claude-casadesus-et-son-petit-fils-thomas-enhco-reunis-sur-scene\/\" target=\"_blank\" rel=\"noopener\">Orchestre National de Lille<\/a> a toujours d\u00e9velopp\u00e9.<\/p>\n<p>C\u2019est \u00e0 l\u2019Op\u00e9ra de Lille qu\u2019il retrouvera ses musiciens les 4 et 5 d\u00e9cembre, dans un programme d\u00e9di\u00e9 \u00e0 la musique fran\u00e7aise, associant des \u0153uvres de Camille P\u00e9pin, Henri Dutilleux et<a href=\"https:\/\/www.radioclassique.fr\/compositeurs\/cesar-franck\/biographie\/\" target=\"_blank\" rel=\"noopener\"> C\u00e9sar Franck<\/a>, avec la participation du violoncelliste Victor Julien-Laferri\u00e8re.<\/p>\n<p>L\u2019Orchestre National de Lille f\u00eate ses 50 ans<\/p>\n<p>Parmi les autres temps forts de sa saison : les concerts qu\u2019il dirigera en mars \u00e0 Lille et au festival de P\u00e2ques d\u2019Aix-en-Provence, avec la participation de Renaud Capu\u00e7on, donnant le coup d\u2019envoi des c\u00e9l\u00e9brations du 50\u00e8me anniversaire de l\u2019orchestre, c\u00e9l\u00e9brations qui se poursuivront la saison prochaine lors de leur grand retour au Nouveau Si\u00e8cle.<\/p>\n<p><a href=\"https:\/\/www.radioclassique.fr\/equipe\/laure-mezan\/\" target=\"_blank\" rel=\"noopener\"><strong>Laure M\u00e9zan<\/strong><\/a><\/p>\n<p><a href=\"https:\/\/www.radioclassique.fr\/podcasts-et-emissions\/le-journal-du-classique\/\" target=\"_blank\" rel=\"noopener\">Retrouvez le journal du classique du lundi au vendredi \u00e0 20h<\/a><\/p>\n<p style=\"color: white; text-align: left;\"><strong>Retrouvez l\u2019actualit\u00e9 du Classique<\/strong><\/p>\n","protected":false},"excerpt":{"rendered":"A l\u2019occasion de ses prochains concerts avec l\u2019orchestre national de Lille, Joshua Weilerstein sera, ce jeudi 27 novembre&hellip;\n","protected":false},"author":2,"featured_media":503709,"comment_status":"","ping_status":"","sticky":false,"template":"","format":"standard","meta":{"footnotes":""},"categories":[2815],"tags":[1111,11,1777,674,1011,27,811,1307,12,25],"class_list":{"0":"post-562516","1":"post","2":"type-post","3":"status-publish","4":"format-standard","5":"has-post-thumbnail","7":"category-lille","8":"tag-actu","9":"tag-actualites","10":"tag-eu","11":"tag-europe","12":"tag-fr","13":"tag-france","14":"tag-hauts-de-france","15":"tag-lille","16":"tag-news","17":"tag-republique-francaise"},"share_on_mastodon":{"url":"https:\/\/pubeurope.com\/@fr\/115622298454431635","error":""},"_links":{"self":[{"href":"https:\/\/www.europesays.com\/fr\/wp-json\/wp\/v2\/posts\/562516","targetHints":{"allow":["GET"]}}],"collection":[{"href":"https:\/\/www.europesays.com\/fr\/wp-json\/wp\/v2\/posts"}],"about":[{"href":"https:\/\/www.europesays.com\/fr\/wp-json\/wp\/v2\/types\/post"}],"author":[{"embeddable":true,"href":"https:\/\/www.europesays.com\/fr\/wp-json\/wp\/v2\/users\/2"}],"replies":[{"embeddable":true,"href":"https:\/\/www.europesays.com\/fr\/wp-json\/wp\/v2\/comments?post=562516"}],"version-history":[{"count":0,"href":"https:\/\/www.europesays.com\/fr\/wp-json\/wp\/v2\/posts\/562516\/revisions"}],"wp:featuredmedia":[{"embeddable":true,"href":"https:\/\/www.europesays.com\/fr\/wp-json\/wp\/v2\/media\/503709"}],"wp:attachment":[{"href":"https:\/\/www.europesays.com\/fr\/wp-json\/wp\/v2\/media?parent=562516"}],"wp:term":[{"taxonomy":"category","embeddable":true,"href":"https:\/\/www.europesays.com\/fr\/wp-json\/wp\/v2\/categories?post=562516"},{"taxonomy":"post_tag","embeddable":true,"href":"https:\/\/www.europesays.com\/fr\/wp-json\/wp\/v2\/tags?post=562516"}],"curies":[{"name":"wp","href":"https:\/\/api.w.org\/{rel}","templated":true}]}}