{"id":562517,"date":"2025-11-27T15:11:12","date_gmt":"2025-11-27T15:11:12","guid":{"rendered":"https:\/\/www.europesays.com\/fr\/562517\/"},"modified":"2025-11-27T15:11:12","modified_gmt":"2025-11-27T15:11:12","slug":"ehpad-structure-solidaire-ou-logements-quel-avenir-pour-la-maison-de-retraite-entraide","status":"publish","type":"post","link":"https:\/\/www.europesays.com\/fr\/562517\/","title":{"rendered":"Ehpad, structure \u00ab\u00a0solidaire\u00a0\u00bb ou logements&#8230; Quel avenir pour la maison de retraite Entraide ?"},"content":{"rendered":"<p>Une r\u00e9sidence qui continue d\u2019attiser les convoitises. Apr\u00e8s l\u2019offre d\u2019achat du promoteur Sifer et le projet du D\u00e9partement d\u2019y am\u00e9nager un Ehpad, <a href=\"https:\/\/www.laprovence.com\/article\/societe\/41626348539431\/quartier-du-roy-d-espagne-a-marseille-les-dessous-de-la-vente-de-la-maison-de-retraite-lentraide\" target=\"_blank\" rel=\"noopener\">la maison de retraite du Roy d\u2019Espagne<\/a>, estim\u00e9e \u00e0 12\u00a0millions d\u2019euros, est cette fois dans le viseur de la Ville de Marseille. D\u2019apr\u00e8s les informations de la Provence, les services de la Ville ont effectu\u00e9 une visite de l\u2019\u00e9tablissement &#8211; abandonn\u00e9 depuis un an et demi &#8211; au d\u00e9but du mois de novembre, ce que confirme la municipalit\u00e9. Elle pr\u00e9cise que \u00ab\u00a0plusieurs sc\u00e9narios sont \u00e0 l\u2019\u00e9tude, dont la pr\u00e9emption\u00a0\u00bb, qui permet \u00e0 la commune d\u2019\u00eatre prioritaire pour l\u2019achat de la r\u00e9sidence.<\/p>\n<p>Un lieu, trois projets<\/p>\n<p>Du c\u00f4t\u00e9 de l\u2019Entraide, propri\u00e9taire de cette r\u00e9sidence au Roy d\u2019Espagne et gestionnaire de <a href=\"https:\/\/www.laprovence.com\/article\/region\/3713302619906514\/locaux-indignes-et-dangereux-lehpad-clos-saint-martin-de-pelissanne-ferme-en-urgence-par-lars-paca\" target=\"_blank\" rel=\"noopener\">12 autres \u00e9tablissements dans les Bouches-du-Rh\u00f4ne<\/a>, la direction confirme l\u2019activation du d\u00e9lai l\u00e9gal d\u2019un mois pour que la mairie fasse conna\u00eetre ses intentions. \u00ab\u00a0Les services de la Ville sont venus voir les b\u00e2timents de la r\u00e9sidence et ont jusqu\u2019\u00e0 d\u00e9but d\u00e9cembre pour faire conna\u00eetre leur d\u00e9cision quant \u00e0 la pr\u00e9emption. \u00c0 ce stade, on reste dans le flou\u00a0\u00bb, pose le pr\u00e9sident d\u2019Entraide, Herv\u00e9 Cilia, tandis que l\u2019association est en redressement judiciaire av&#8230;<\/p>\n","protected":false},"excerpt":{"rendered":"Une r\u00e9sidence qui continue d\u2019attiser les convoitises. Apr\u00e8s l\u2019offre d\u2019achat du promoteur Sifer et le projet du D\u00e9partement&hellip;\n","protected":false},"author":2,"featured_media":562518,"comment_status":"","ping_status":"","sticky":false,"template":"","format":"standard","meta":{"footnotes":""},"categories":[2814],"tags":[17,1111,11,3232,12216,1777,674,1011,27,2846,884,12,471,882,11589,25,104,12280,8069],"class_list":{"0":"post-562517","1":"post","2":"type-post","3":"status-publish","4":"format-standard","5":"has-post-thumbnail","7":"category-marseille","8":"tag-17","9":"tag-actu","10":"tag-actualites","11":"tag-avenir","12":"tag-ehpad","13":"tag-eu","14":"tag-europe","15":"tag-fr","16":"tag-france","17":"tag-logements","18":"tag-marseille","19":"tag-news","20":"tag-pour","21":"tag-provence-alpes-cote-dazur","22":"tag-quel","23":"tag-republique-francaise","24":"tag-societe","25":"tag-solidaire","26":"tag-structure"},"share_on_mastodon":{"url":"https:\/\/pubeurope.com\/@fr\/115622306400270951","error":""},"_links":{"self":[{"href":"https:\/\/www.europesays.com\/fr\/wp-json\/wp\/v2\/posts\/562517","targetHints":{"allow":["GET"]}}],"collection":[{"href":"https:\/\/www.europesays.com\/fr\/wp-json\/wp\/v2\/posts"}],"about":[{"href":"https:\/\/www.europesays.com\/fr\/wp-json\/wp\/v2\/types\/post"}],"author":[{"embeddable":true,"href":"https:\/\/www.europesays.com\/fr\/wp-json\/wp\/v2\/users\/2"}],"replies":[{"embeddable":true,"href":"https:\/\/www.europesays.com\/fr\/wp-json\/wp\/v2\/comments?post=562517"}],"version-history":[{"count":0,"href":"https:\/\/www.europesays.com\/fr\/wp-json\/wp\/v2\/posts\/562517\/revisions"}],"wp:featuredmedia":[{"embeddable":true,"href":"https:\/\/www.europesays.com\/fr\/wp-json\/wp\/v2\/media\/562518"}],"wp:attachment":[{"href":"https:\/\/www.europesays.com\/fr\/wp-json\/wp\/v2\/media?parent=562517"}],"wp:term":[{"taxonomy":"category","embeddable":true,"href":"https:\/\/www.europesays.com\/fr\/wp-json\/wp\/v2\/categories?post=562517"},{"taxonomy":"post_tag","embeddable":true,"href":"https:\/\/www.europesays.com\/fr\/wp-json\/wp\/v2\/tags?post=562517"}],"curies":[{"name":"wp","href":"https:\/\/api.w.org\/{rel}","templated":true}]}}