{"id":562519,"date":"2025-11-27T15:12:15","date_gmt":"2025-11-27T15:12:15","guid":{"rendered":"https:\/\/www.europesays.com\/fr\/562519\/"},"modified":"2025-11-27T15:12:15","modified_gmt":"2025-11-27T15:12:15","slug":"sandra-chalinet","status":"publish","type":"post","link":"https:\/\/www.europesays.com\/fr\/562519\/","title":{"rendered":"Sandra Chalinet"},"content":{"rendered":"<p>Le Club Immobilier Marseille Provence a \u00e9lu \u00e0 l&rsquo;unanimit\u00e9 Sandra Chalinet \u00e0 sa pr\u00e9sidence lors de son assembl\u00e9e g\u00e9n\u00e9rale du 24 novembre. Membre active du Club depuis douze ans, elle prendra ses fonctions le 1er janvier 2026 pour un mandat de trois ans.<\/p>\n<p>Professionnelle reconnue de l&rsquo;immobilier commercial, de l&rsquo;asset management et du marketing territorial, <a href=\"https:\/\/www.laprovence.com\/article\/papier\/4910194\/rue-de-la-republique-la-phttps:\/\/www.laprovence.com\/article\/papier\/4910194\/rue-de-la-republique-la-patronne-des-terrasses-appelee-a-la-rescousse.htmlatronne-des-terrasses-appelee-a-la-rescousse.html\" target=\"_blank\" rel=\"noopener\">Sandra Chalinet <\/a>cumule plus de trente ans d&rsquo;exp\u00e9rience. Ancienne dirigeante de sites commerciaux majeurs, elle a fond\u00e9 en 2021 son cabinet Sandra Chalinet Conseil, sp\u00e9cialis\u00e9 dans la gestion et la valorisation d&rsquo;actifs ainsi que dans le d\u00e9veloppement strat\u00e9gique et territorial. Figure engag\u00e9e de l&rsquo;\u00e9cosyst\u00e8me marseillais, elle si\u00e8ge \u00e0 la CCIAMP depuis 2004 et a pr\u00e9sid\u00e9 plusieurs organisations phares, dont la Cit\u00e9 des entrepreneurs d&rsquo;Eurom\u00e9diterran\u00e9e pendant neuf ans. Son parcours a \u00e9t\u00e9 distingu\u00e9 par le <a href=\"https:\/\/www.laprovence.com\/article\/nos-rendez-vous\/150108278029115\/women-summit-a-marseille-suivez-en-direct-la-fin-de-cette-journee-dediee-au-leadership-feminin\" target=\"_blank\" rel=\"noopener\">Troph\u00e9e or des femmes de l&rsquo;\u00e9conomie<\/a> en 2015 et par son entr\u00e9e dans l&rsquo;Ordre national du m\u00e9rite en 2018.<\/p>\n<p>\u00c0 la t\u00eate d&rsquo;un bureau resserr\u00e9 avec Julie Quaranta (vice-pr\u00e9sidente), Kevin Deprez (secr\u00e9taire), Genevi\u00e8ve Langlois (tr\u00e9sori\u00e8re) et Renaud Tarrazi (past pr\u00e9sident)., elle ambitionne de r\u00e9inventer l<a href=\"https:\/\/www.laprovence.com\/article\/economie\/5249843847101514\/marseille-10e-edition-pour-les-assises-de-la-transition-ecologique\" target=\"_blank\" rel=\"noopener\">e Club<\/a> autour d&rsquo;\u00e9v\u00e9nements hybrides m\u00ealant expertise et convivialit\u00e9, pour renforcer son r\u00f4le f\u00e9d\u00e9rateur sur les enjeux immobiliers du territoire. Elle pr\u00e9sentera ses orientations le 15 janvier.<\/p>\n","protected":false},"excerpt":{"rendered":"Le Club Immobilier Marseille Provence a \u00e9lu \u00e0 l&rsquo;unanimit\u00e9 Sandra Chalinet \u00e0 sa pr\u00e9sidence lors de son assembl\u00e9e&hellip;\n","protected":false},"author":2,"featured_media":562520,"comment_status":"","ping_status":"","sticky":false,"template":"","format":"standard","meta":{"footnotes":""},"categories":[2814],"tags":[17,1111,11,67885,5244,33,20906,1777,674,1011,27,18104,884,12,4919,882,25,67884],"class_list":{"0":"post-562519","1":"post","2":"type-post","3":"status-publish","4":"format-standard","5":"has-post-thumbnail","7":"category-marseille","8":"tag-17","9":"tag-actu","10":"tag-actualites","11":"tag-chalinet","12":"tag-club","13":"tag-economie","14":"tag-elue","15":"tag-eu","16":"tag-europe","17":"tag-fr","18":"tag-france","19":"tag-limmobilier","20":"tag-marseille","21":"tag-news","22":"tag-president","23":"tag-provence-alpes-cote-dazur","24":"tag-republique-francaise","25":"tag-sandra"},"share_on_mastodon":{"url":"https:\/\/pubeurope.com\/@fr\/115622310494623623","error":""},"_links":{"self":[{"href":"https:\/\/www.europesays.com\/fr\/wp-json\/wp\/v2\/posts\/562519","targetHints":{"allow":["GET"]}}],"collection":[{"href":"https:\/\/www.europesays.com\/fr\/wp-json\/wp\/v2\/posts"}],"about":[{"href":"https:\/\/www.europesays.com\/fr\/wp-json\/wp\/v2\/types\/post"}],"author":[{"embeddable":true,"href":"https:\/\/www.europesays.com\/fr\/wp-json\/wp\/v2\/users\/2"}],"replies":[{"embeddable":true,"href":"https:\/\/www.europesays.com\/fr\/wp-json\/wp\/v2\/comments?post=562519"}],"version-history":[{"count":0,"href":"https:\/\/www.europesays.com\/fr\/wp-json\/wp\/v2\/posts\/562519\/revisions"}],"wp:featuredmedia":[{"embeddable":true,"href":"https:\/\/www.europesays.com\/fr\/wp-json\/wp\/v2\/media\/562520"}],"wp:attachment":[{"href":"https:\/\/www.europesays.com\/fr\/wp-json\/wp\/v2\/media?parent=562519"}],"wp:term":[{"taxonomy":"category","embeddable":true,"href":"https:\/\/www.europesays.com\/fr\/wp-json\/wp\/v2\/categories?post=562519"},{"taxonomy":"post_tag","embeddable":true,"href":"https:\/\/www.europesays.com\/fr\/wp-json\/wp\/v2\/tags?post=562519"}],"curies":[{"name":"wp","href":"https:\/\/api.w.org\/{rel}","templated":true}]}}