{"id":562521,"date":"2025-11-27T15:13:16","date_gmt":"2025-11-27T15:13:16","guid":{"rendered":"https:\/\/www.europesays.com\/fr\/562521\/"},"modified":"2025-11-27T15:13:16","modified_gmt":"2025-11-27T15:13:16","slug":"faut-il-tirer-a-larc-sur-les-ragondins","status":"publish","type":"post","link":"https:\/\/www.europesays.com\/fr\/562521\/","title":{"rendered":"Faut-il tirer \u00e0 l\u2019arc sur les ragondins\u00a0?"},"content":{"rendered":"<p class=\"paragraph text_align_left lp-f-body-02\">Ils sont une grosse vingtaine \u00e0 avoir trouv\u00e9 refuge dans le jardin aquatique Ouagadougou, un plan d\u2019eau artificiel situ\u00e9 juste \u00e0 c\u00f4t\u00e9 du centre commercial Confluence \u00e0 Lyon, tout pr\u00e8s des berges de la Sa\u00f4ne. Au milieu des hautes herbes, des familles de ragondins, qui peuvent mesurer plus de 50 centim\u00e8tres \u00e0 l\u2019\u00e2ge adulte et peser dix kilos, vivent ici paisiblement, faisant par ailleurs le bonheur des passants.<\/p>\n<p class=\"paragraph text_align_left lp-f-body-02\">Leur pr\u00e9sence a beau amuser les habitants du quartier, elle ne fait pas rire les services de l\u2019\u00c9tat. Depuis plusieurs mois, dans divers courriers adress\u00e9s \u00e0 la ville de Lyon, la pr\u00e9fecture du Rh\u00f4ne exige que soient men\u00e9es <a href=\"https:\/\/www.leparisien.fr\/val-de-marne-94\/abattage-de-ragondins-a-sucy-en-brie-barbare-ou-necessaire-01-03-2021-8426742.php \" target=\"_self\" rel=\"noopener\">des op\u00e9rations de destruction de ces mammif\u00e8res semi-aquatiques<\/a>. Cela n\u2019avait plus \u00e9t\u00e9 fait depuis 2022 et le projet est loin de faire l\u2019unanimit\u00e9.<\/p>\n<p class=\"paragraph text_align_left lp-f-body-02\">C\u2019est d\u2019abord la m\u00e9thode qui surprend : la pr\u00e9fecture pr\u00e9conise \u00ab de faire intervenir des chasseurs \u00e0 l\u2019arc, mode \u00e0 la fois efficace et discret \u00bb. Probl\u00e8me, la ville de Lyon ne l\u2019entend pas de cette oreille et souhaite au contraire exp\u00e9rimenter une tout autre m\u00e9thode : la st\u00e9rilisation des ragondins.<\/p>\n<p class=\"paragraph text_align_left lp-f-body-02\">Soutenue dans sa d\u00e9marche par <a href=\"https:\/\/www.leparisien.fr\/paris-75\/serpents-poneys-orangs-outans-un-paris-sans-animaux-captifs-lobjectif-ultime-de-lassociation-paz-18-08-2023-MQJQI4MHIFGO3DYCDFKVJHTK3E.php\" target=\"_self\" rel=\"noopener\">l\u2019association Paz (Projet animaux zoopolis)<\/a>, la mairie \u00e9cologiste a envoy\u00e9 plusieurs courriers aux services de l\u2019\u00c9tat afin d\u2019obtenir leur feu vert. \u00ab On a demand\u00e9 \u00e0 la pr\u00e9fecture de pouvoir capturer et st\u00e9riliser chirurgicalement les ragondins. Mais ses services s\u2019ent\u00eatent \u00e0 vouloir les chasser avec des m\u00e9thodes archa\u00efques et mettent la pression sur la mairie \u00bb, d\u00e9nonce Amandine Sanvisens, cofondatrice du collectif de d\u00e9fense des animaux, qui a lanc\u00e9 une p\u00e9tition en ligne afin de sauver en urgence les ragondins. P\u00e9tition qui a d\u00e9j\u00e0 recueilli plus de 26 000 signatures.<\/p>\n<p>Les exterminer ou les st\u00e9riliser<\/p>\n<p class=\"paragraph text_align_left lp-f-body-02\">La repr\u00e9sentante de l\u2019association Paz explique avoir re\u00e7u de nombreux courriers d\u2019habitants qui ne comprennent pas ce d\u00e9sir d\u2019exterminer les rongeurs : \u00ab Pourquoi vouloir \u00e0 tout prix supprimer ces ragondins ? Les Lyonnais sont hyperchoqu\u00e9s \u00bb. Le sujet est sensible et la pr\u00e9fecture du Rh\u00f4ne en est parfaitement consciente. Mais elle assure ne pas avoir d\u2019autre choix que de faire abattre les animaux, en vertu du r\u00e8glement europ\u00e9en qui classifie le ragondin comme \u00ab une esp\u00e8ce exotique envahissante pr\u00e9occupante, qui ne peut \u00eatre ni conserv\u00e9e, ni transport\u00e9e, ni lib\u00e9r\u00e9e dans l\u2019environnement \u00bb.<\/p>\n<p class=\"paragraph text_align_left lp-f-body-02\">L\u2019animal est par ailleurs susceptible d\u2019occasionner des d\u00e9g\u00e2ts et est dangereux pour l\u2019homme, rappelle la pr\u00e9fecture du Rh\u00f4ne : \u00ab En plus d\u2019avoir un fort impact n\u00e9gatif sur la biodiversit\u00e9, notamment v\u00e9g\u00e9tale, cette esp\u00e8ce est fr\u00e9quemment porteuse d\u2019une bact\u00e9rie provoquant la leptospirose, maladie transmissible \u00e0 l\u2019homme &#8211; via les urines &#8211; avec des formes qui peuvent \u00eatre graves. \u00bb<\/p>\n<p class=\"paragraph text_align_left lp-f-body-02\">Dans ces conditions, \u00ab la destruction des sp\u00e9cimens de cette esp\u00e8ce qui exposent la population \u00e0 un risque sanitaire reste la seule solution envisageable \u00bb, estime-t-elle. Un argumentaire qui ne convainc pour l\u2019association Paz qui propose de solliciter l\u2019\u00e9cole VetAgro sup, \u00e9tablissement d\u2019enseignement et de recherche \u00e0 Marcy-l\u2019\u00c9toile, afin de mettre en place un suivi des animaux lorsqu\u2019ils seront st\u00e9rilis\u00e9s.<\/p>\n<p class=\"paragraph text_align_left lp-f-body-02\">\u00ab On milite pour des m\u00e9thodes non l\u00e9tales, \u00e9thiques. C\u2019est pourquoi nous allons \u00e9crire au minist\u00e8re de l\u2019\u00c9cologie \u00bb, annonce Amandine Sanvisens. En sauvant ces ragondins, la cofondatrice de l\u2019association Paz veut cr\u00e9er un pr\u00e9c\u00e9dent \u00e0 Lyon pour ensuite imposer cette solution de st\u00e9rilisation partout en France.<\/p>\n","protected":false},"excerpt":{"rendered":"Ils sont une grosse vingtaine \u00e0 avoir trouv\u00e9 refuge dans le jardin aquatique Ouagadougou, un plan d\u2019eau artificiel&hellip;\n","protected":false},"author":2,"featured_media":562522,"comment_status":"","ping_status":"","sticky":false,"template":"","format":"standard","meta":{"footnotes":""},"categories":[1889],"tags":[1111,11,1867,2430,459,1777,674,1011,27,2428,12,25,11244],"class_list":{"0":"post-562521","1":"post","2":"type-post","3":"status-publish","4":"format-standard","5":"has-post-thumbnail","7":"category-lyon","8":"tag-actu","9":"tag-actualites","10":"tag-animaux","11":"tag-auvergne-rhone-alpes","12":"tag-departements-horsidfo","13":"tag-eu","14":"tag-europe","15":"tag-fr","16":"tag-france","17":"tag-lyon","18":"tag-news","19":"tag-republique-francaise","20":"tag-rhone-69"},"share_on_mastodon":{"url":"https:\/\/pubeurope.com\/@fr\/115622314298361768","error":""},"_links":{"self":[{"href":"https:\/\/www.europesays.com\/fr\/wp-json\/wp\/v2\/posts\/562521","targetHints":{"allow":["GET"]}}],"collection":[{"href":"https:\/\/www.europesays.com\/fr\/wp-json\/wp\/v2\/posts"}],"about":[{"href":"https:\/\/www.europesays.com\/fr\/wp-json\/wp\/v2\/types\/post"}],"author":[{"embeddable":true,"href":"https:\/\/www.europesays.com\/fr\/wp-json\/wp\/v2\/users\/2"}],"replies":[{"embeddable":true,"href":"https:\/\/www.europesays.com\/fr\/wp-json\/wp\/v2\/comments?post=562521"}],"version-history":[{"count":0,"href":"https:\/\/www.europesays.com\/fr\/wp-json\/wp\/v2\/posts\/562521\/revisions"}],"wp:featuredmedia":[{"embeddable":true,"href":"https:\/\/www.europesays.com\/fr\/wp-json\/wp\/v2\/media\/562522"}],"wp:attachment":[{"href":"https:\/\/www.europesays.com\/fr\/wp-json\/wp\/v2\/media?parent=562521"}],"wp:term":[{"taxonomy":"category","embeddable":true,"href":"https:\/\/www.europesays.com\/fr\/wp-json\/wp\/v2\/categories?post=562521"},{"taxonomy":"post_tag","embeddable":true,"href":"https:\/\/www.europesays.com\/fr\/wp-json\/wp\/v2\/tags?post=562521"}],"curies":[{"name":"wp","href":"https:\/\/api.w.org\/{rel}","templated":true}]}}