{"id":562523,"date":"2025-11-27T15:14:18","date_gmt":"2025-11-27T15:14:18","guid":{"rendered":"https:\/\/www.europesays.com\/fr\/562523\/"},"modified":"2025-11-27T15:14:18","modified_gmt":"2025-11-27T15:14:18","slug":"metropole-de-lyon-apres-quatre-ldlc-arena-gims-sera-en-showcase-au-titan-ce-vendredi","status":"publish","type":"post","link":"https:\/\/www.europesays.com\/fr\/562523\/","title":{"rendered":"M\u00e9tropole de Lyon. Apr\u00e8s quatre LDLC Arena, Gims sera en showcase au Titan ce vendredi"},"content":{"rendered":"<p>Le chanteur Gims est en concert les 25, 26, 27 et 28\u00a0novembre \u00e0 D\u00e9cines \u00e0 la LDLC Arena. Mais saviez-vous qu\u2019il sera \u00e9galement la t\u00eate d\u2019affiche d\u2019une nuit pop urbaine au W\u00eb Event Area (ex-Titan) qui ouvre exceptionnellement ce vendredi 28\u00a0novembre \u00e0 Couzon-au-Mont-d\u2019Or\u2026<\/p>\n<p>Gims y proposera un show case d\u2019une trentaine de minutes lors d\u2019un show qui verra aussi se produire aux platines Yronn, Kyllux et Swave.<\/p>\n<p>Des places sont encore disponibles pour celles et ceux qui voudraient \u00e9couter l\u2019artiste dans une ambiance plus intimiste.<\/p>\n<p class=\"note\">Gims en showcase, ce vendredi 28\u00a0novembre, de 23 \u00e0 5 heures, au W\u00eb Event Area\/Le Titan, route du G\u00e9nie, Couzon-au-Mont-d\u2019Or. Tarifs\u00a0: 38,50\u00a0\u20ac. Billetterie\u00a0: <a href=\"https:\/\/shotgun.live\/fr\/events\/gims-x-recover-legends\" target=\"_blank\" rel=\"noopener\">https:\/\/shotgun.live\/fr\/events\/gims-x-recover-legends<\/a><\/p>\n","protected":false},"excerpt":{"rendered":"Le chanteur Gims est en concert les 25, 26, 27 et 28\u00a0novembre \u00e0 D\u00e9cines \u00e0 la LDLC Arena.&hellip;\n","protected":false},"author":2,"featured_media":562524,"comment_status":"","ping_status":"","sticky":false,"template":"","format":"standard","meta":{"footnotes":""},"categories":[1889],"tags":[1111,11,2430,25518,1687,3153,1777,674,1011,27,2428,7218,12,25,2429,3140],"class_list":{"0":"post-562523","1":"post","2":"type-post","3":"status-publish","4":"format-standard","5":"has-post-thumbnail","7":"category-lyon","8":"tag-actu","9":"tag-actualites","10":"tag-auvergne-rhone-alpes","11":"tag-couzon-au-mont-dor","12":"tag-culture-loisirs","13":"tag-edition-ouest-lyonnais","14":"tag-eu","15":"tag-europe","16":"tag-fr","17":"tag-france","18":"tag-lyon","19":"tag-neuville-sur-saone-bassin","20":"tag-news","21":"tag-republique-francaise","22":"tag-rhone","23":"tag-spectacle"},"share_on_mastodon":{"url":"https:\/\/pubeurope.com\/@fr\/115622318085290381","error":""},"_links":{"self":[{"href":"https:\/\/www.europesays.com\/fr\/wp-json\/wp\/v2\/posts\/562523","targetHints":{"allow":["GET"]}}],"collection":[{"href":"https:\/\/www.europesays.com\/fr\/wp-json\/wp\/v2\/posts"}],"about":[{"href":"https:\/\/www.europesays.com\/fr\/wp-json\/wp\/v2\/types\/post"}],"author":[{"embeddable":true,"href":"https:\/\/www.europesays.com\/fr\/wp-json\/wp\/v2\/users\/2"}],"replies":[{"embeddable":true,"href":"https:\/\/www.europesays.com\/fr\/wp-json\/wp\/v2\/comments?post=562523"}],"version-history":[{"count":0,"href":"https:\/\/www.europesays.com\/fr\/wp-json\/wp\/v2\/posts\/562523\/revisions"}],"wp:featuredmedia":[{"embeddable":true,"href":"https:\/\/www.europesays.com\/fr\/wp-json\/wp\/v2\/media\/562524"}],"wp:attachment":[{"href":"https:\/\/www.europesays.com\/fr\/wp-json\/wp\/v2\/media?parent=562523"}],"wp:term":[{"taxonomy":"category","embeddable":true,"href":"https:\/\/www.europesays.com\/fr\/wp-json\/wp\/v2\/categories?post=562523"},{"taxonomy":"post_tag","embeddable":true,"href":"https:\/\/www.europesays.com\/fr\/wp-json\/wp\/v2\/tags?post=562523"}],"curies":[{"name":"wp","href":"https:\/\/api.w.org\/{rel}","templated":true}]}}