{"id":562526,"date":"2025-11-27T15:18:16","date_gmt":"2025-11-27T15:18:16","guid":{"rendered":"https:\/\/www.europesays.com\/fr\/562526\/"},"modified":"2025-11-27T15:18:16","modified_gmt":"2025-11-27T15:18:16","slug":"il-ne-repond-plus-depuis-des-annees-on-a-retrouve-la-trace-daldo-maccione-90-ans-le-plus-discret-des-acteurs","status":"publish","type":"post","link":"https:\/\/www.europesays.com\/fr\/562526\/","title":{"rendered":"\u00ab\u00a0Il ne r\u00e9pond plus depuis des ann\u00e9es\u00a0\u00bb\u00a0: on a retrouv\u00e9 la trace d\u2019Aldo Maccione, 90\u00a0ans, le plus discret des acteurs"},"content":{"rendered":"<p class=\"paragraph text_align_left lp-f-body-02\">Certaines rencontres ne peuvent avoir lieu. Aldo Maccione, qui a 90 ans ce jeudi 27 novembre, ne r\u00e9pond plus \u00e0 personne. Depuis tr\u00e8s longtemps. L\u2019une des grandes vedettes du cin\u00e9ma comique fran\u00e7ais des ann\u00e9es 1970-1980, l\u2019Italien ch\u00e9ri de l\u2019Hexagone, le dragueur \u00e0 \u00ab la classe internationale \u00bb, sa d\u00e9marche toute en roulement d\u2019\u00e9paules et d\u00e9hanchement, a totalement disparu des radars.<\/p>\n<p class=\"paragraph text_align_left lp-f-body-02\">\u00ab Il ne r\u00e9pond plus \u00e0 mes messages depuis des ann\u00e9es \u00bb, l\u00e2che <a href=\"https:\/\/www.leparisien.fr\/culture-loisirs\/cinema\/a-lage-que-jai-faut-pas-sarreter-claude-lelouch-lance-un-cine-bistrot-a-trouville-01-11-2025-L54PWOXERFHQRHHVKJNAVN7ECQ.php\" target=\"_self\" rel=\"noopener\">Claude Lelouch<\/a>, qui en a fait une star en une seule sc\u00e8ne de \u00ab L\u2019Aventure c\u2019est l\u2019aventure \u00bb, en 1972, o\u00f9 Aldo Maccione apprend \u00e0 Lino Ventura, Jacques Brel, Charles Denner et Charles G\u00e9rard \u00e0 onduler comme lui sur la plage pour draguer les filles.<\/p>\n","protected":false},"excerpt":{"rendered":"Certaines rencontres ne peuvent avoir lieu. Aldo Maccione, qui a 90 ans ce jeudi 27 novembre, ne r\u00e9pond&hellip;\n","protected":false},"author":2,"featured_media":562527,"comment_status":"","ping_status":"","sticky":false,"template":"","format":"standard","meta":{"footnotes":""},"categories":[1888],"tags":[1111,1928,11,1927,650,872,459,1777,674,1011,27,12,1926,626,1925,25],"class_list":{"0":"post-562526","1":"post","2":"type-post","3":"status-publish","4":"format-standard","5":"has-post-thumbnail","7":"category-paris","8":"tag-actu","9":"tag-actu-paris","10":"tag-actualites","11":"tag-actualites-paris","12":"tag-cinema","13":"tag-culture-et-loisirs","14":"tag-departements-horsidfo","15":"tag-eu","16":"tag-europe","17":"tag-fr","18":"tag-france","19":"tag-news","20":"tag-news-paris","21":"tag-paris","22":"tag-paris-news","23":"tag-republique-francaise"},"share_on_mastodon":{"url":"https:\/\/pubeurope.com\/@fr\/115622333874802250","error":""},"_links":{"self":[{"href":"https:\/\/www.europesays.com\/fr\/wp-json\/wp\/v2\/posts\/562526","targetHints":{"allow":["GET"]}}],"collection":[{"href":"https:\/\/www.europesays.com\/fr\/wp-json\/wp\/v2\/posts"}],"about":[{"href":"https:\/\/www.europesays.com\/fr\/wp-json\/wp\/v2\/types\/post"}],"author":[{"embeddable":true,"href":"https:\/\/www.europesays.com\/fr\/wp-json\/wp\/v2\/users\/2"}],"replies":[{"embeddable":true,"href":"https:\/\/www.europesays.com\/fr\/wp-json\/wp\/v2\/comments?post=562526"}],"version-history":[{"count":0,"href":"https:\/\/www.europesays.com\/fr\/wp-json\/wp\/v2\/posts\/562526\/revisions"}],"wp:featuredmedia":[{"embeddable":true,"href":"https:\/\/www.europesays.com\/fr\/wp-json\/wp\/v2\/media\/562527"}],"wp:attachment":[{"href":"https:\/\/www.europesays.com\/fr\/wp-json\/wp\/v2\/media?parent=562526"}],"wp:term":[{"taxonomy":"category","embeddable":true,"href":"https:\/\/www.europesays.com\/fr\/wp-json\/wp\/v2\/categories?post=562526"},{"taxonomy":"post_tag","embeddable":true,"href":"https:\/\/www.europesays.com\/fr\/wp-json\/wp\/v2\/tags?post=562526"}],"curies":[{"name":"wp","href":"https:\/\/api.w.org\/{rel}","templated":true}]}}