{"id":562528,"date":"2025-11-27T15:20:18","date_gmt":"2025-11-27T15:20:18","guid":{"rendered":"https:\/\/www.europesays.com\/fr\/562528\/"},"modified":"2025-11-27T15:20:18","modified_gmt":"2025-11-27T15:20:18","slug":"af447-rio-paris-scenario-dun-crash-et-dune-enquete-hors-normes-ce-jeudi-soir-sur-rmc-decouverte","status":"publish","type":"post","link":"https:\/\/www.europesays.com\/fr\/562528\/","title":{"rendered":"AF447 Rio\/Paris : sc\u00e9nario d&rsquo;un crash et d&rsquo;une enqu\u00eate hors-normes ce jeudi soir sur RMC D\u00e9couverte."},"content":{"rendered":"<p>Alors que le proc\u00e8s d\u2019Air France et d\u2019Airbus pour homicides involontaires s\u2019est ouvert devant la cour d\u2019appel de Paris, un documentaire propos\u00e9 ce jeudi \u00e0 21h10 sur RMC D\u00e9couverte\u00a0revient sur l\u2019un des drames les plus marquants et les plus myst\u00e9rieux de l\u2019aviation moderne.<\/p>\n<p>Dans la nuit du 1er juin 2009, le vol AF447 Rio-Paris dispara\u00eet soudainement au-dessus de l\u2019Atlantique avec 228 personnes \u00e0 bord. Comment un Airbus A330, consid\u00e9r\u00e9 comme l\u2019un des avions les plus s\u00fbrs au monde, a-t-il pu se volatiliser ? Pendant pr\u00e8s de deux ans, l\u2019appareil reste introuvable. Ce n\u2019est qu\u2019apr\u00e8s la d\u00e9couverte des bo\u00eetes noires, \u00e0 4.000 m\u00e8tres de profondeur, que les enqu\u00eateurs parviennent enfin \u00e0 reconstituer la cha\u00eene d\u2019\u00e9v\u00e9nements qui a conduit au drame.<\/p>\n<p>Le film retrace\u00a0l\u2019incroyable travail des experts du Bureau d\u2019Enqu\u00eates et d\u2019Analyses (BEA), mobilis\u00e9s sur une enqu\u00eate hors norme. Gr\u00e2ce \u00e0 des images rares, des t\u00e9moignages bouleversants de familles de victimes et \u00e0 la parole in\u00e9dite d\u2019ing\u00e9nieurs a\u00e9ronautiques, il d\u00e9voile les coulisses d\u2019une trag\u00e9die qui s\u2019est jou\u00e9e en 4 minutes et 23 secondes ; un encha\u00eenement fatal d\u2019erreurs, de d\u00e9faillances et d\u2019incompr\u00e9hensions humaines.<\/p>\n<p>Production et cr\u00e9dit photo : Capa<\/p>\n<p>R\u00e9alis\u00e9 par Margot Zaparucha.<\/p>\n","protected":false},"excerpt":{"rendered":"Alors que le proc\u00e8s d\u2019Air France et d\u2019Airbus pour homicides involontaires s\u2019est ouvert devant la cour d\u2019appel de&hellip;\n","protected":false},"author":2,"featured_media":562529,"comment_status":"","ping_status":"","sticky":false,"template":"","format":"standard","meta":{"footnotes":""},"categories":[1888],"tags":[1111,1928,11,1927,1777,674,1011,27,12,1926,626,1925,25],"class_list":{"0":"post-562528","1":"post","2":"type-post","3":"status-publish","4":"format-standard","5":"has-post-thumbnail","7":"category-paris","8":"tag-actu","9":"tag-actu-paris","10":"tag-actualites","11":"tag-actualites-paris","12":"tag-eu","13":"tag-europe","14":"tag-fr","15":"tag-france","16":"tag-news","17":"tag-news-paris","18":"tag-paris","19":"tag-paris-news","20":"tag-republique-francaise"},"share_on_mastodon":{"url":"https:\/\/pubeurope.com\/@fr\/115622341758744673","error":""},"_links":{"self":[{"href":"https:\/\/www.europesays.com\/fr\/wp-json\/wp\/v2\/posts\/562528","targetHints":{"allow":["GET"]}}],"collection":[{"href":"https:\/\/www.europesays.com\/fr\/wp-json\/wp\/v2\/posts"}],"about":[{"href":"https:\/\/www.europesays.com\/fr\/wp-json\/wp\/v2\/types\/post"}],"author":[{"embeddable":true,"href":"https:\/\/www.europesays.com\/fr\/wp-json\/wp\/v2\/users\/2"}],"replies":[{"embeddable":true,"href":"https:\/\/www.europesays.com\/fr\/wp-json\/wp\/v2\/comments?post=562528"}],"version-history":[{"count":0,"href":"https:\/\/www.europesays.com\/fr\/wp-json\/wp\/v2\/posts\/562528\/revisions"}],"wp:featuredmedia":[{"embeddable":true,"href":"https:\/\/www.europesays.com\/fr\/wp-json\/wp\/v2\/media\/562529"}],"wp:attachment":[{"href":"https:\/\/www.europesays.com\/fr\/wp-json\/wp\/v2\/media?parent=562528"}],"wp:term":[{"taxonomy":"category","embeddable":true,"href":"https:\/\/www.europesays.com\/fr\/wp-json\/wp\/v2\/categories?post=562528"},{"taxonomy":"post_tag","embeddable":true,"href":"https:\/\/www.europesays.com\/fr\/wp-json\/wp\/v2\/tags?post=562528"}],"curies":[{"name":"wp","href":"https:\/\/api.w.org\/{rel}","templated":true}]}}