{"id":562530,"date":"2025-11-27T15:22:17","date_gmt":"2025-11-27T15:22:17","guid":{"rendered":"https:\/\/www.europesays.com\/fr\/562530\/"},"modified":"2025-11-27T15:22:17","modified_gmt":"2025-11-27T15:22:17","slug":"quinte-du-vendredi-28-novembre-2025-en-nocturne-a-vincennes-les-pronostics","status":"publish","type":"post","link":"https:\/\/www.europesays.com\/fr\/562530\/","title":{"rendered":"Quint\u00e9 du vendredi 28 novembre 2025 en nocturne \u00e0 Vincennes : les pronostics"},"content":{"rendered":"<p class=\"article-p mdl\">Retrouvez les pronostics de Dominique Cordier pour le Quint\u00e9 du vendredi 28 novembre 2025 en nocturne \u00e0 Vincennes, le Prix Melusina. <strong>D\u00e9part \u00e0 20h15. 15 partants. <\/strong>Trot attel\u00e9. Course europ\u00e9enne. 2.100 m\u00e8tres. Grande piste. D\u00e9part \u00e0 l\u2019autostart. Trotteurs de 6 ans.&#13;<\/p>\n<p class=\"article-p mdl\">Il n\u2019y a pas de t\u00eates qui d\u00e9passent dans cette \u00e9preuve, o\u00f9 la premi\u00e8re ligne devrait toutefois tr\u00e8s bien se comporter.&#13;<\/p>\n<p class=\"article-p mdl\">Avec Eric Raffin, le <strong>2 Hashtag Simoni <\/strong>est attendu sur le podium, mas reste \u00e0 la merci de quelques snipers.&#13;<\/p>\n<p class=\"article-p mdl\">Vu la forme de l\u2019\u00e9curie, le <strong>7 Jovial Haufor <\/strong>en est un, le <strong>4 Joss Aimef<\/strong>, qui pr\u00e9sente quelques lignes int\u00e9ressantes, un autre.&#13;<\/p>\n<p class=\"article-p mdl\">Le <strong>6 Sandokan <\/strong>\u00e9tait l\u2019outsider de RTL en dernier lieu. Il ne s\u2019est pas plac\u00e9, c\u2019est vrai, mais a plut\u00f4t bien fini, de mani\u00e8re assez prometteuse. Du coup, associ\u00e9 cette fois \u00e0 Bj\u00f6rn Goop, l\u2019un des meilleurs pilotes du monde, on aurait tort de le laisser de c\u00f4t\u00e9.&#13;<\/p>\n<p class=\"article-p mdl\">L\u2019outsider de RTL, le <strong>5 Max Occagnes<\/strong>, d\u00e9pend d\u2019un effectif dont les \u00e9l\u00e9ments courent actuellement plut\u00f4t bien. Avec un bon parcours, il peut participer \u00e0 l\u2019arriv\u00e9e \u00e0 belle cote.<\/p>\n<p>            Les pronostics<\/p>\n<p class=\"article-p mdl\">2. Hashtag Simoni&#13;<br \/>7. Jovial Haufor&#13;<br \/>6. Sandokan&#13;<br \/>5. Max Occagnes&#13;<br \/>1. Job des Louanges&#13;<br \/>4. Joss Aimef&#13;<br \/>11. Demidoff Cla<\/p>\n<p>            L&rsquo;outsider de RTL<\/p>\n<p class=\"article-p mdl\">5. Max Occagnes<\/p>\n<p>    R\u00e9sultats du mercredi 26 novembre 2025 \u00e0 Deauville<\/p>\n<p class=\"article-p mdl\">8e, le favori de RTL a manifestement son avenir derri\u00e8re lui. 2e, l\u2019outsider de RTL rend une copie prometteuse.<\/p>\n<p>    La r\u00e9daction vous recommande<\/p>\n<p class=\"s-newsletter__title\">\n                L\u2019actualit\u00e9 par la r\u00e9daction de RTL dans votre bo\u00eete mail.\n            <\/p>\n<p class=\"s-newsletter__subtitle\">\n                Gr\u00e2ce \u00e0 votre compte RTL abonnez-vous \u00e0 la newsletter RTL info pour suivre toute l&rsquo;actualit\u00e9 au quotidien\n            <\/p>\n<p>\n                                    Lire la suite\n                                <\/p>\n","protected":false},"excerpt":{"rendered":"Retrouvez les pronostics de Dominique Cordier pour le Quint\u00e9 du vendredi 28 novembre 2025 en nocturne \u00e0 Vincennes,&hellip;\n","protected":false},"author":2,"featured_media":3836,"comment_status":"","ping_status":"","sticky":false,"template":"","format":"standard","meta":{"footnotes":""},"categories":[1888],"tags":[11,2621,2622,1777,674,107,2619,1011,27,12,626,2623,362,25],"class_list":{"0":"post-562530","1":"post","2":"type-post","3":"status-publish","4":"format-standard","5":"has-post-thumbnail","7":"category-paris","8":"tag-actualites","9":"tag-chevaux","10":"tag-courses","11":"tag-eu","12":"tag-europe","13":"tag-fil-info","14":"tag-fil-sport","15":"tag-fr","16":"tag-france","17":"tag-news","18":"tag-paris","19":"tag-quinte","20":"tag-replay","21":"tag-republique-francaise"},"share_on_mastodon":{"url":"https:\/\/pubeurope.com\/@fr\/115622349541799856","error":""},"_links":{"self":[{"href":"https:\/\/www.europesays.com\/fr\/wp-json\/wp\/v2\/posts\/562530","targetHints":{"allow":["GET"]}}],"collection":[{"href":"https:\/\/www.europesays.com\/fr\/wp-json\/wp\/v2\/posts"}],"about":[{"href":"https:\/\/www.europesays.com\/fr\/wp-json\/wp\/v2\/types\/post"}],"author":[{"embeddable":true,"href":"https:\/\/www.europesays.com\/fr\/wp-json\/wp\/v2\/users\/2"}],"replies":[{"embeddable":true,"href":"https:\/\/www.europesays.com\/fr\/wp-json\/wp\/v2\/comments?post=562530"}],"version-history":[{"count":0,"href":"https:\/\/www.europesays.com\/fr\/wp-json\/wp\/v2\/posts\/562530\/revisions"}],"wp:featuredmedia":[{"embeddable":true,"href":"https:\/\/www.europesays.com\/fr\/wp-json\/wp\/v2\/media\/3836"}],"wp:attachment":[{"href":"https:\/\/www.europesays.com\/fr\/wp-json\/wp\/v2\/media?parent=562530"}],"wp:term":[{"taxonomy":"category","embeddable":true,"href":"https:\/\/www.europesays.com\/fr\/wp-json\/wp\/v2\/categories?post=562530"},{"taxonomy":"post_tag","embeddable":true,"href":"https:\/\/www.europesays.com\/fr\/wp-json\/wp\/v2\/tags?post=562530"}],"curies":[{"name":"wp","href":"https:\/\/api.w.org\/{rel}","templated":true}]}}