{"id":562531,"date":"2025-11-27T15:24:14","date_gmt":"2025-11-27T15:24:14","guid":{"rendered":"https:\/\/www.europesays.com\/fr\/562531\/"},"modified":"2025-11-27T15:24:14","modified_gmt":"2025-11-27T15:24:14","slug":"une-bagarre-eclate-sur-fond-de-rivalite-amoureuse-un-homme-blesse-jusqua-los","status":"publish","type":"post","link":"https:\/\/www.europesays.com\/fr\/562531\/","title":{"rendered":"une bagarre \u00e9clate sur fond de rivalit\u00e9 amoureuse, un homme bless\u00e9 \u00ab\u00a0jusqu&rsquo;\u00e0 l&rsquo;os\u00a0\u00bb"},"content":{"rendered":"<p>                    Par<br \/>\n        <strong><br \/>\n            <a href=\"https:\/\/actu.fr\/auteur\/sarah-coulet\" title=\"Consulter tous les articles de Sarah Coulet\" target=\"_blank\" rel=\"noopener\">Sarah Coulet<\/a><br \/>\n                    <\/strong><\/p>\n<p>        Publi\u00e9 le<\/p>\n<p>            27 nov. 2025 \u00e0 16h12        <\/p>\n<p>T\u00f4t ce jeudi 27 novembre 2025, une <strong>bagarre \u00e0 l\u2019arme blanche<\/strong> a \u00e9clat\u00e9 avenue de la porte de la Plainte, dans le 15\u1d49 arrondissement de Paris. Deux hommes se sont battus jusqu\u2019\u00e0 ce que l\u2019un d\u2019eux soit gri\u00e8vement bless\u00e9 au bras, a appris <a href=\"https:\/\/actu.fr\/paris\/dernieres-actus\" target=\"_blank\" rel=\"noopener\">actu Paris<\/a> aupr\u00e8s du <a href=\"https:\/\/actu.fr\/tag\/tribunal-de-paris\" target=\"_blank\" rel=\"noopener\">parquet<\/a>.<\/p>\n<p>Escalade de violence<\/p>\n<p class=\" wall-content\">Les policiers ont \u00e9t\u00e9 appel\u00e9s aux alentours de 8 h 30 apr\u00e8s qu\u2019un t\u00e9moin ait d\u00e9couvert un homme de 44 ans au sol, \u00ab le bras bless\u00e9 jusqu\u2019\u00e0 l\u2019os \u00bb, pr\u00e9cise le minist\u00e8re public. Selon les premiers \u00e9l\u00e9ments de l\u2019enqu\u00eate, il s\u2019agirait du conjoint et de l\u2019ex-conjoint d\u2019une habitante du quartier. Les deux hommes se seraient <strong>d\u2019abord insult\u00e9s verbalement<\/strong> avant d\u2019en venir aux mains, puis \u00ab d\u2019aller chacun chercher un objet pour se battre \u00bb, explique le parquet.<\/p>\n<p class=\" wall-content\">Le suspect, n\u00e9 en octobre 1981, a \u00e9t\u00e9 interpell\u00e9 un peu apr\u00e8s 11 heures. Une enqu\u00eate a \u00e9t\u00e9 ouverte pour <strong>tentative d\u2019homicide<\/strong> et confi\u00e9e au commissariat du 15\u1d49 arrondissement de Paris.<\/p>\n<p class=\" wall-content\">Personnalisez votre actualit\u00e9 en ajoutant vos villes et m\u00e9dias en favori avec <a href=\"https:\/\/moncompte.actu.fr\" title=\"D\u00e9couvez Mon Actu\" rel=\"nofollow noopener\" data-trk=\"{&quot;cta&quot;:{&quot;action&quot;:&quot;https:\\\/\\\/moncompte.actu.fr&quot;,&quot;category&quot;:&quot;mon compte&quot;,&quot;from&quot;:&quot;article footer&quot;,&quot;name&quot;:&quot;Mon actu&quot;,&quot;type&quot;:&quot;cta&quot;}}\" target=\"_blank\">Mon Actu<\/a>.<\/p>\n","protected":false},"excerpt":{"rendered":"Par Sarah Coulet Publi\u00e9 le 27 nov. 2025 \u00e0 16h12 T\u00f4t ce jeudi 27 novembre 2025, une bagarre&hellip;\n","protected":false},"author":2,"featured_media":100773,"comment_status":"","ping_status":"","sticky":false,"template":"","format":"standard","meta":{"footnotes":""},"categories":[1888],"tags":[11,1777,674,118,1011,27,12,626,25,7501],"class_list":{"0":"post-562531","1":"post","2":"type-post","3":"status-publish","4":"format-standard","5":"has-post-thumbnail","7":"category-paris","8":"tag-actualites","9":"tag-eu","10":"tag-europe","11":"tag-faits-divers","12":"tag-fr","13":"tag-france","14":"tag-news","15":"tag-paris","16":"tag-republique-francaise","17":"tag-violences-urbaines"},"share_on_mastodon":{"url":"https:\/\/pubeurope.com\/@fr\/115622357630561611","error":""},"_links":{"self":[{"href":"https:\/\/www.europesays.com\/fr\/wp-json\/wp\/v2\/posts\/562531","targetHints":{"allow":["GET"]}}],"collection":[{"href":"https:\/\/www.europesays.com\/fr\/wp-json\/wp\/v2\/posts"}],"about":[{"href":"https:\/\/www.europesays.com\/fr\/wp-json\/wp\/v2\/types\/post"}],"author":[{"embeddable":true,"href":"https:\/\/www.europesays.com\/fr\/wp-json\/wp\/v2\/users\/2"}],"replies":[{"embeddable":true,"href":"https:\/\/www.europesays.com\/fr\/wp-json\/wp\/v2\/comments?post=562531"}],"version-history":[{"count":0,"href":"https:\/\/www.europesays.com\/fr\/wp-json\/wp\/v2\/posts\/562531\/revisions"}],"wp:featuredmedia":[{"embeddable":true,"href":"https:\/\/www.europesays.com\/fr\/wp-json\/wp\/v2\/media\/100773"}],"wp:attachment":[{"href":"https:\/\/www.europesays.com\/fr\/wp-json\/wp\/v2\/media?parent=562531"}],"wp:term":[{"taxonomy":"category","embeddable":true,"href":"https:\/\/www.europesays.com\/fr\/wp-json\/wp\/v2\/categories?post=562531"},{"taxonomy":"post_tag","embeddable":true,"href":"https:\/\/www.europesays.com\/fr\/wp-json\/wp\/v2\/tags?post=562531"}],"curies":[{"name":"wp","href":"https:\/\/api.w.org\/{rel}","templated":true}]}}