{"id":562536,"date":"2025-11-27T15:28:16","date_gmt":"2025-11-27T15:28:16","guid":{"rendered":"https:\/\/www.europesays.com\/fr\/562536\/"},"modified":"2025-11-27T15:28:16","modified_gmt":"2025-11-27T15:28:16","slug":"le-mexique-pret-a-construire-le-supercalculateur-le-plus-puissant-damerique-latine-mais-la-region-reste-dans-lombre-technologique-des-etats-unis","status":"publish","type":"post","link":"https:\/\/www.europesays.com\/fr\/562536\/","title":{"rendered":"Le Mexique pr\u00eat \u00e0 construire le supercalculateur le plus puissant d\u2019Am\u00e9rique latine, mais la r\u00e9gion reste dans l\u2019ombre technologique des \u00c9tats-Unis"},"content":{"rendered":"<p>Avec l\u2019annonce de son supercalculateur \u00ab\u00a0Coatlicue\u00a0\u00bb, estim\u00e9 \u00e0 282 millions d\u2019euros, le Mexique s\u2019appr\u00eate \u00e0 devenir le premier pays d\u2019Am\u00e9rique latine dans le domaine des supercalculateurs, son ordinateur offrant une puissance sept fois sup\u00e9rieure \u00e0 celle du mod\u00e8le le plus performant de la r\u00e9gion. Malgr\u00e9 cette avanc\u00e9e, l\u2019Am\u00e9rique latine reste fortement d\u00e9pendante des \u00c9tats-Unis en mati\u00e8re de technologies.<\/p>\n<p>C\u2019est une \u00ab\u00a0petite\u00a0\u00bb r\u00e9volution technologique en Am\u00e9rique latine. Le gouvernement mexicain a annonc\u00e9, ce mercredi, la construction d\u2019un supercalculateur dont la capacit\u00e9 de traitement sera sept fois sup\u00e9rieure \u00e0 celle du plus puissant ordinateur de la r\u00e9gion.<\/p>\n<p>Nomm\u00e9 \u00ab\u00a0Coatlicue\u00a0\u00bb, en r\u00e9f\u00e9rence \u00e0 la d\u00e9esse de la mythologie azt\u00e8que, symbole de pouvoir et de vie, ce supercalculateur offrira une puissance de 314 p\u00e9taflops (un p\u00e9taflop, correspond \u00e0 1.000 milliards de calculs par seconde). \u00c0 titre de comparaison, \u00ab\u00a0Pegaso\u00a0\u00bb, un ordinateur priv\u00e9 br\u00e9silien, est actuellement le plus puissant d\u2019Am\u00e9rique latine avec 42 p\u00e9taflops.<\/p>\n<p>Une v\u00e9ritable course mondiale est engag\u00e9e pour d\u00e9velopper des supercalculateurs toujours plus rapides, en particulier pour accompagner les syst\u00e8mes d&rsquo;intelligence artificielle. Les \u00c9tats-Unis dominent ce secteur, mais l\u2019Europe, la Chine et le Japon poss\u00e8dent eux aussi des machines parmi les dix plus puissantes au monde, selon les classements d\u2019ordinateurs haute performance.<\/p>\n<p>La construction de \u00ab\u00a0Coatlicue\u00a0\u00bb d\u00e9butera en janvier et s\u2019\u00e9talera sur 24 mois, pour un co\u00fbt total de 6 milliards de pesos (282,17 millions d\u2019euros), a pr\u00e9cis\u00e9 Jos\u00e9 Merino, directeur de l\u2019Agence de transformation num\u00e9rique du Mexique. Ce supercalculateur sera utilis\u00e9 pour traiter des probl\u00e9matiques d\u2019int\u00e9r\u00eat public n\u00e9cessitant une grande capacit\u00e9 de calcul, telles que la pr\u00e9vision climatique, la planification agricole ou encore des projets li\u00e9s \u00e0 l\u2019eau, au p\u00e9trole et \u00e0 l\u2019\u00e9nergie. Il soutiendra \u00e9galement la recherche scientifique et les initiatives entrepreneuriales.<\/p>\n<p><img decoding=\"async\" loading=\"lazy\" width=\"2048\" height=\"1365\" src=\"https:\/\/www.europesays.com\/fr\/wp-content\/uploads\/2025\/11\/La-presidente-du-Mexique-Claudia-Sheinbaum-Pardo-s-exprime-lors-du-premier-discours-sur-l-etat-de-l-.jpeg\"  alt=\"La pr\u00e9sidente du Mexique, Claudia Sheinbaum Pardo, s'exprime lors du premier discours sur l'\u00e9tat de l'Union de son mandat au Palais national \u00e0 Mexico, au Mexique, le 1er septembre 2025\" title=\"La pr\u00e9sidente du Mexique, Claudia Sheinbaum Pardo, s'exprime lors du premier discours sur l'\u00e9tat de l'Union de son mandat au Palais national \u00e0 Mexico, au Mexique, le 1er septembre 2025\"\/>La pr\u00e9sidente du Mexique, Claudia Sheinbaum Pardo, s&rsquo;exprime lors du premier discours sur l&rsquo;\u00e9tat de l&rsquo;Union de son mandat au Palais national \u00e0 Mexico, au Mexique, le 1er septembre 2025 \u00a9 Photo by Luis Barron\/Eyepix Group\/NurPhoto<\/p>\n<p>Malgr\u00e9 sa puissance, le mod\u00e8le mexicain ne pourra pas rivaliser avec les ordinateurs \u00ab\u00a0exascale\u00a0\u00bb, comme l\u2019Am\u00e9ricain \u00ab\u00a0El Capitan\u00a0\u00bb, exploit\u00e9 par le Lawrence Livermore National Laboratory et capable de 1,809 exaflops, soit un quintillion de calculs par seconde. En Europe, le supercalculateur \u00ab\u00a0Jupiter\u00a0\u00bb, inaugur\u00e9 en septembre dans l\u2019ouest de l\u2019Allemagne, atteint \u00e9galement au moins un quintillion de calculs par seconde.<\/p>\n<p>La tech mexicaine \u00e0 l\u2019ombre des \u00c9tats-Unis<\/p>\n<p>Mais pour le Mexique, son voisin am\u00e9ricain reste incontournable. En octobre dernier, \u00e0 l\u2019occasion de la pr\u00e9sentation d\u2019un plan visant \u00e0 stimuler la technologie locale, la pr\u00e9sidente Claudia Sheinbaum a d\u00e9clar\u00e9 \u00eatre confiante dans la conclusion d\u2019un \u00ab\u00a0bon accord\u00a0\u00bb avec les \u00c9tats-Unis et d\u2019autres nations sur le commerce. Elle a \u00e9galement annonc\u00e9 que son gouvernement pr\u00e9senterait prochainement les avanc\u00e9es des projets de fabrication mexicaine dans les domaines des v\u00e9hicules \u00e9lectriques, des semi-conducteurs, des satellites et des drones, ainsi que la cr\u00e9ation d\u2019un \u00ab\u00a0laboratoire\u00a0\u00bb d\u2019intelligence artificielle locale.<\/p>\n<p>Au cours de la derni\u00e8re d\u00e9cennie, le Mexique tente de faire \u00e9voluer son \u00e9conomie, passant d\u2019une production industrielle traditionnelle \u00e0 une dynamique d\u2019innovation technologique. Dans des villes comme Quer\u00e9taro, Monterrey, Guadalajara ou Mexico, les investissements en R&amp;D transforment le paysage industriel.<\/p>\n<p>Quer\u00e9taro est devenu le p\u00f4le a\u00e9rospatial le plus dynamique d\u2019Am\u00e9rique latine, accueillant Airbus, Bombardier et les services MRO de Delta, avec le soutien de l\u2019Universit\u00e9 a\u00e9ronautique de Quer\u00e9taro (UNAQ). Monterrey, gr\u00e2ce \u00e0 l\u2019Institut de technologie et d\u2019\u00e9tudes sup\u00e9rieures de Monterrey, s\u2019impose comme un centre d\u2019innovation industrielle, collaborant avec des g\u00e9ants comme Siemens pour d\u00e9velopper l\u2019automatisation et la num\u00e9risation.<\/p>\n<p>Pourtant, malgr\u00e9 ces efforts, le Mexique reste largement d\u00e9pendant des investissements am\u00e9ricains. R\u00e9cemment, Amazon a annonc\u00e9 un investissement de plus de 5 milliards de dollars pour construire un centre de donn\u00e9es \u00e0 Quer\u00e9taro, un hub industriel et logistique situ\u00e9 \u00e0 environ 200 kilom\u00e8tres au nord-est de Mexico.<\/p>\n<p>Ce projet, men\u00e9 par Amazon Web Services (AWS), la branche cloud du g\u00e9ant am\u00e9ricain, vise \u00e0 cr\u00e9er une nouvelle \u00ab\u00a0r\u00e9gion num\u00e9rique\u00a0\u00bb renfor\u00e7ant la pr\u00e9sence d\u2019Amazon en Am\u00e9rique latine, o\u00f9 AWS poss\u00e8de d\u00e9j\u00e0 un centre de donn\u00e9es \u00e0 S\u00e3o Paulo, au Br\u00e9sil. Le centre mexicain devrait g\u00e9n\u00e9rer environ 7.000 emplois hautement qualifi\u00e9s par an et contribuer \u00e0 hauteur de plus de 10 milliards de dollars au PIB du pays sur les quinze prochaines ann\u00e9es, selon le secr\u00e9taire mexicain \u00e0 l\u2019\u00c9conomie, Marcelo Ebrard.<\/p>\n<p>L\u2019Am\u00e9rique latine en retard dans la course aux supercalculateurs<\/p>\n<p>Pour rester sur la question des supercalculateurs, les pays d\u2019Am\u00e9rique latine restent en retrait. D\u00e9velopper de tels \u00e9quipements co\u00fbte extr\u00eamement cher. Surtout dans un continent o\u00f9 la pauvret\u00e9 reste importante. Selon la Commission \u00e9conomique pour l\u2019Am\u00e9rique latine et les Cara\u00efbes, quelque 162 millions de Latino-Am\u00e9ricains vivent dans la pauvret\u00e9, dont 62 millions dans une pauvret\u00e9 extr\u00eame.<\/p>\n<p>L\u2019Am\u00e9rique du Sud accuse aussi un retard en mati\u00e8re de supercalculateurs pour plusieurs raisons structurelles. D\u2019abord, l\u2019investissement public et priv\u00e9 dans les technologies de calcul haute performance reste tr\u00e8s limit\u00e9 compar\u00e9 \u00e0 l\u2019Am\u00e9rique du Nord, \u00e0 l\u2019Europe ou \u00e0 l\u2019Asie. Les budgets disponibles pour acqu\u00e9rir, maintenir et exploiter des supercalculateurs performants sont insuffisants face aux co\u00fbts \u00e9lev\u00e9s du mat\u00e9riel, de l\u2019infrastructure n\u00e9cessaire (b\u00e2timents, \u00e9nergie, refroidissement) et du recrutement de personnel qualifi\u00e9.<\/p>\n<p>Ensuite, la r\u00e9gion manque d\u2019\u00e9cosyst\u00e8mes technologiques solides et de collaborations internationales avanc\u00e9es, essentielles pour le transfert de technologies critiques et l\u2019int\u00e9gration dans les cha\u00eenes mondiales d\u2019innovation. Les comp\u00e9tences locales en calcul scientifique, data science, ing\u00e9nierie informatique et gestion de syst\u00e8mes de calcul intensif (HPC) restent limit\u00e9es. \u00c0 cela s\u2019ajoutent l\u2019absence de grandes entreprises technologiques sp\u00e9cialis\u00e9es dans le secteur et l\u2019instabilit\u00e9 \u00e9conomique et politique, qui freinent encore davantage la capacit\u00e9 de l\u2019Am\u00e9rique latine \u00e0 rattraper son retard.<\/p>\n<p>Partager <\/p>\n","protected":false},"excerpt":{"rendered":"Avec l\u2019annonce de son supercalculateur \u00ab\u00a0Coatlicue\u00a0\u00bb, estim\u00e9 \u00e0 282 millions d\u2019euros, le Mexique s\u2019appr\u00eate \u00e0 devenir le premier&hellip;\n","protected":false},"author":2,"featured_media":562537,"comment_status":"","ping_status":"","sticky":false,"template":"","format":"standard","meta":{"footnotes":""},"categories":[1589],"tags":[11,73,1866,12,1864,1865,1863,308],"class_list":{"0":"post-562536","1":"post","2":"type-post","3":"status-publish","4":"format-standard","5":"has-post-thumbnail","7":"category-etats-unis","8":"tag-actualites","9":"tag-etats-unis","10":"tag-etats-unis-damerique","11":"tag-news","12":"tag-united-states","13":"tag-united-states-of-america","14":"tag-us","15":"tag-usa"},"share_on_mastodon":{"url":"https:\/\/pubeurope.com\/@fr\/115622375743562935","error":""},"_links":{"self":[{"href":"https:\/\/www.europesays.com\/fr\/wp-json\/wp\/v2\/posts\/562536","targetHints":{"allow":["GET"]}}],"collection":[{"href":"https:\/\/www.europesays.com\/fr\/wp-json\/wp\/v2\/posts"}],"about":[{"href":"https:\/\/www.europesays.com\/fr\/wp-json\/wp\/v2\/types\/post"}],"author":[{"embeddable":true,"href":"https:\/\/www.europesays.com\/fr\/wp-json\/wp\/v2\/users\/2"}],"replies":[{"embeddable":true,"href":"https:\/\/www.europesays.com\/fr\/wp-json\/wp\/v2\/comments?post=562536"}],"version-history":[{"count":0,"href":"https:\/\/www.europesays.com\/fr\/wp-json\/wp\/v2\/posts\/562536\/revisions"}],"wp:featuredmedia":[{"embeddable":true,"href":"https:\/\/www.europesays.com\/fr\/wp-json\/wp\/v2\/media\/562537"}],"wp:attachment":[{"href":"https:\/\/www.europesays.com\/fr\/wp-json\/wp\/v2\/media?parent=562536"}],"wp:term":[{"taxonomy":"category","embeddable":true,"href":"https:\/\/www.europesays.com\/fr\/wp-json\/wp\/v2\/categories?post=562536"},{"taxonomy":"post_tag","embeddable":true,"href":"https:\/\/www.europesays.com\/fr\/wp-json\/wp\/v2\/tags?post=562536"}],"curies":[{"name":"wp","href":"https:\/\/api.w.org\/{rel}","templated":true}]}}