{"id":562540,"date":"2025-11-27T15:30:21","date_gmt":"2025-11-27T15:30:21","guid":{"rendered":"https:\/\/www.europesays.com\/fr\/562540\/"},"modified":"2025-11-27T15:30:21","modified_gmt":"2025-11-27T15:30:21","slug":"le-fmi-presse-friedrich-merz-a-reformer-pour-reveiller-la-croissance","status":"publish","type":"post","link":"https:\/\/www.europesays.com\/fr\/562540\/","title":{"rendered":"le FMI presse Friedrich Merz \u00e0 r\u00e9former pour r\u00e9veiller la croissance"},"content":{"rendered":"<p>\n    <strong>D\u00c9CRYPTAGE &#8211; <\/strong>Le bazooka budg\u00e9taire ne suffit pas. Le FMI appelle \u00e0 de vigoureuses r\u00e9formes pour doper la productivit\u00e9 de l\u2019\u00e9conomie.<\/p>\n<p class=\"fig-paragraph\">\u00c9lu chancelier le 6\u00a0mai dernier, le conservateur Friedrich Merz a succ\u00e9d\u00e9 au tr\u00e8s impopulaire\u00a0<a href=\"http:\/\/www.lefigaro.fr\/conjoncture\/candidat-a-sa-reelection-olaf-scholz-propose-une-prime-pour-attirer-les-investisseurs-en-allemagne-20250105\" data-fig-type=\"NewsFlash\" data-gtm-custom-categorie=\"navigation\" data-gtm-custom-action=\"crossclick\" data-gtm-custom-label=\"Contextuel\" data-gtm-event=\"customEventSPE\" data-fig-domain=\"LEFIGARO\" target=\"_blank\" rel=\"noopener\">Olaf Scholz\u00a0<\/a>avec la mission de redresser un pays en proie aux doutes sur fond de crise \u00e9conomique in\u00e9dite et de retour des tensions g\u00e9opolitiques. De lourdes attentes pesaient donc sur les \u00e9paules de l\u2019ancien avocat d\u2019affaires et de sa coalition, qui embarque \u00e9galement le parti socialiste, le SPD. Et six mois plus tard, les Allemands s\u2019impatientent. Selon un sondage r\u00e9cent, 69\u00a0% de ses concitoyens se d\u00e9clarent m\u00eame insatisfaits de l\u2019action de son gouvernement. Le Fonds mon\u00e9taire international (FMI) ne semble pas tellement plus convaincu, \u00e0 en croire son dernier m\u00e9morandum consacr\u00e9 au pays et paru cette semaine.<\/p>\n<p class=\"fig-paragraph\">L\u2019institution accorde d\u2019abord un satisfecit \u00e0 Friedrich Merz pour le projet de \u00ab\u00a0bazooka\u00a0\u00bb budg\u00e9taire, qu\u2019il a fait voter au printemps\u00a0: 500\u00a0milliards d\u2019euros \u00e0 d\u00e9penser dans les prochaines ann\u00e9es pour moderniser les infrastructures vieillissantes du pays et le r\u00e9armer face aux\u2026<\/p>\n<p class=\"fig-premium-paywall__infos\">\n        Cet article est r\u00e9serv\u00e9 aux abonn\u00e9s.        Il vous reste 72% \u00e0 d\u00e9couvrir.\n    <\/p>\n<p>                <img  data- alt=\"Le Figaro\" class=\"fig-img--complete fig-img\"\/><\/p>\n<p class=\"fig-premium-paywall__title\">Black Friday<\/p>\n<p class=\"fig-premium-paywall__subtitle\">-70% sur l&rsquo;abonnement num\u00e9rique<\/p>\n<p class=\"fig-premium-paywall__connect\">\n                D\u00e9j\u00e0 abonn\u00e9\u00a0?                <a class=\"fig-premium-paywall__connect-link\" href=\"https:\/\/connect.lefigaro.fr\/login?client=horizon_web&amp;type=main&amp;redirect_uri=https%3A%2F%2Fwww.lefigaro.fr%2Fconjoncture%2Fallemagne-le-fmi-presse-friedrich-merz-a-reformer-pour-reveiller-la-croissance-20251127\" data-js-gtm=\"{&quot;customCategorie&quot;: &quot;conversion&quot;, &quot;customAction&quot;: &quot;before_Landing_Connexion_paywall_auto&quot;, &quot;customLabel&quot;: &quot;bGVmaWdhcm8uZnJfXzFmMGNiNzgxLTlkNmUtNjhjOC1iYTU2LTEzMmIzZTJhN2U2OF9fQXJ0aWNsZQ==_Allemagne\u00a0: le FMI presse Friedrich Merz \u00e0 r\u00e9former pour r\u00e9veiller la croissance_288&quot;, &quot;customIDSPE&quot;: &quot;bGVmaWdhcm8uZnJfXzFmMGNiNzgxLTlkNmUtNjhjOC1iYTU2LTEzMmIzZTJhN2U2OF9fQXJ0aWNsZQ==&quot;, &quot;event&quot;: &quot;customEventSPE&quot;}\" target=\"_blank\" rel=\"noopener\"><br \/>\n                    Connectez-vous<br \/>\n                <\/a>\n            <\/p>\n","protected":false},"excerpt":{"rendered":"D\u00c9CRYPTAGE &#8211; Le bazooka budg\u00e9taire ne suffit pas. Le FMI appelle \u00e0 de vigoureuses r\u00e9formes pour doper la&hellip;\n","protected":false},"author":2,"featured_media":562541,"comment_status":"","ping_status":"","sticky":false,"template":"","format":"standard","meta":{"footnotes":""},"categories":[1587],"tags":[11,672,1804,1805,1803,1777,674,1801,12,1802],"class_list":{"0":"post-562540","1":"post","2":"type-post","3":"status-publish","4":"format-standard","5":"has-post-thumbnail","7":"category-allemagne","8":"tag-actualites","9":"tag-allemagne","10":"tag-bundesrepublik-deutschland","11":"tag-de","12":"tag-deutschland","13":"tag-eu","14":"tag-europe","15":"tag-germany","16":"tag-news","17":"tag-republique-federale-dallemagne"},"share_on_mastodon":{"url":"https:\/\/pubeurope.com\/@fr\/115622381063615661","error":""},"_links":{"self":[{"href":"https:\/\/www.europesays.com\/fr\/wp-json\/wp\/v2\/posts\/562540","targetHints":{"allow":["GET"]}}],"collection":[{"href":"https:\/\/www.europesays.com\/fr\/wp-json\/wp\/v2\/posts"}],"about":[{"href":"https:\/\/www.europesays.com\/fr\/wp-json\/wp\/v2\/types\/post"}],"author":[{"embeddable":true,"href":"https:\/\/www.europesays.com\/fr\/wp-json\/wp\/v2\/users\/2"}],"replies":[{"embeddable":true,"href":"https:\/\/www.europesays.com\/fr\/wp-json\/wp\/v2\/comments?post=562540"}],"version-history":[{"count":0,"href":"https:\/\/www.europesays.com\/fr\/wp-json\/wp\/v2\/posts\/562540\/revisions"}],"wp:featuredmedia":[{"embeddable":true,"href":"https:\/\/www.europesays.com\/fr\/wp-json\/wp\/v2\/media\/562541"}],"wp:attachment":[{"href":"https:\/\/www.europesays.com\/fr\/wp-json\/wp\/v2\/media?parent=562540"}],"wp:term":[{"taxonomy":"category","embeddable":true,"href":"https:\/\/www.europesays.com\/fr\/wp-json\/wp\/v2\/categories?post=562540"},{"taxonomy":"post_tag","embeddable":true,"href":"https:\/\/www.europesays.com\/fr\/wp-json\/wp\/v2\/tags?post=562540"}],"curies":[{"name":"wp","href":"https:\/\/api.w.org\/{rel}","templated":true}]}}