{"id":562546,"date":"2025-11-27T15:34:19","date_gmt":"2025-11-27T15:34:19","guid":{"rendered":"https:\/\/www.europesays.com\/fr\/562546\/"},"modified":"2025-11-27T15:34:19","modified_gmt":"2025-11-27T15:34:19","slug":"en-direct-poutine-affirme-que-la-russie-cessera-les-hostilites-si-larmee-ukrainienne-se-retire-des-territoires-revendiques","status":"publish","type":"post","link":"https:\/\/www.europesays.com\/fr\/562546\/","title":{"rendered":"EN DIRECT &#8211; Poutine affirme que la Russie \u00ab\u00a0cessera les hostilit\u00e9s\u00a0\u00bb si l&rsquo;arm\u00e9e ukrainienne se retire des territoires revendiqu\u00e9s"},"content":{"rendered":"<ul class=\"jsx-862013697 ArticleChapo__List\">\n<li class=\"jsx-862013697 ArticleChapo__List_Item flex\">Le pr\u00e9sident russe Vladimir Poutine a affirm\u00e9 jeudi que Moscou cessera les hostilit\u00e9s en Ukraine si les forces de Kiev acceptent de se retirer des territoires dont la Russie revendique l&rsquo;annexion.<\/li>\n<li class=\"jsx-862013697 ArticleChapo__List_Item flex\">Emmanuel Macron va demander \u00e0 son homologue Xi Jinping, lors de sa visite en Chine, de peser sur la Russie en faveur d&rsquo;un cessez-le-feu en Ukraine, a indiqu\u00e9 ce jeudi l&rsquo;\u00c9lys\u00e9e.<\/li>\n<li class=\"jsx-862013697 ArticleChapo__List_Item flex\">Suivez les derni\u00e8res informations.<\/li>\n<\/ul>\n<p><a href=\"https:\/\/www.tf1info.fr\/actualite\/guerre-ukraine-russie-une-rencontre-donald-trump-vladimir-poutine-historique-le-vendredi-15-aout-2025-en-alaska-sans-volodymyr-zelensky-14326\/\" rel=\"noopener\" class=\"jsx-484472199 Link jsx-1428418400 jsx-554215408\" target=\"_blank\"><\/p>\n<p style=\"font-weight:400\" class=\"jsx-1837267516\">Suivez la couverture compl\u00e8te<\/p>\n<p style=\"font-weight:800\" class=\"jsx-1837267516\">Ukraine-Russie : la perspective de n\u00e9gociations relanc\u00e9e ?<\/p>\n<p><\/a>Minute par minuteSABOTAGE DE NORD STREAM15:29<\/p>\n<p>L&rsquo;Ukrainien soup\u00e7onn\u00e9 par la justice allemande d&rsquo;avoir particip\u00e9 au sabotage en 2022 des gazoducs germano-russes Nord Stream a \u00e9t\u00e9 extrad\u00e9 par l&rsquo;Italie vers l&rsquo;Allemagne, annonce le parquet f\u00e9d\u00e9ral de Karlsruhe.<\/p>\n<p>\u00ab\u00a0L&rsquo;accus\u00e9 a \u00e9t\u00e9 extrad\u00e9 d&rsquo;Italie aujourd&rsquo;hui. Il doit \u00eatre pr\u00e9sent\u00e9 \u00e0 un juge vendredi \u00e0 Karlsruhe\u00a0\u00bb, a d\u00e9clar\u00e9 une porte-parole du parquet une semaine apr\u00e8s l&rsquo;autorisation de cette extradition par la cour de cassation italienne.<\/p>\n<p>POUTINE R\u00c9AGIT14:58<\/p>\n<p>Le pr\u00e9sident russe Vladimir Poutine a affirm\u00e9 jeudi que Moscou cessera les hostilit\u00e9s en Ukraine si les forces de Kiev acceptent de se retirer des territoires dont la Russie revendique l&rsquo;annexion. \u00ab\u00a0Si les troupes ukrainiennes quittent les territoires occup\u00e9s, nous cesserons les hostilit\u00e9s. Si elles ne partent pas, nous les chasserons par la force militaire\u00a0\u00bb, a-t-il d\u00e9clar\u00e9 lors d&rsquo;une conf\u00e9rence de presse \u00e0 Bichkek.<\/p>\n<p>Vladimir Poutine a par ailleurs r\u00e9p\u00e9t\u00e9 que son pays n&rsquo;avait aucune intention d&rsquo;attaquer l&rsquo;Union europ\u00e9enne, mais a indiqu\u00e9 que Moscou a \u00e9labor\u00e9 des \u00ab\u00a0mesures de r\u00e9torsion\u00a0\u00bb \u00e9conomiques en cas de saisie des avoirs russes gel\u00e9s.<\/p>\n<p>MACRON VA DEMANDER \u00c0 LA CHINE DE PESER SUR LA RUSSIE14:48<\/p>\n<p>Le pr\u00e9sident de la R\u00e9publique va demander \u00e0 son homologue chinois, Xi Jinping, de peser sur la Russie en faveur d&rsquo;un cessez-le-feu en Ukraine. \u00ab\u00a0Dans ce moment o\u00f9 des n\u00e9gociations intenses ont lieu sur la sortie de crise, nous voulons que la Chine puisse convaincre, influencer la Russie et l&rsquo;orienter vers un cessez-le-feu le plus vite possible et la consolidation de ce cessez-le-feu\u00a0\u00bb, a d\u00e9clar\u00e9 un conseiller du pr\u00e9sident Macron.<\/p>\n<p>Lors sa visite en Chine du 3 au 5 d\u00e9cembre prochains, Emmanuel Macron compte \u00e9galement demander \u00e0 Xi Jinping de s&rsquo;abstenir de toute \u00ab\u00a0escalade\u00a0\u00bb \u00e0 Taiwan et de travailler \u00e0 la \u00ab\u00a0r\u00e9duction des grands d\u00e9s\u00e9quilibres macro\u00e9nomiques\u00a0\u00bb mondiaux, indique l&rsquo;Elys\u00e9e.<\/p>\n<p>LE MINISTRE UKRAINIEN DE LA D\u00c9FENSE RE\u00c7U PAR L&rsquo;OTAN14:11<\/p>\n<p>Le Secr\u00e9taire g\u00e9n\u00e9ral de l&rsquo;OTAN, Mark Rutte, recevra Denys Shmyhal, le ministre de la D\u00e9fense ukrainien, le 1er d\u00e9cembre prochain, a annonc\u00e9 l&rsquo;organisation jeudi. La rencontre aura lieu au si\u00e8ge de l&rsquo;OTAN, \u00e0 Bruxelles.<\/p>\n<p>LA TURQUIE PR\u00caTE \u00c0 PARTICIPER AUX \u00ab\u00a0FORCES DE R\u00c9ASSURANCE\u00a0\u00bb12:09<\/p>\n<p>Le minist\u00e8re turc de la D\u00e9fense a affirm\u00e9 jeudi que le pays est pr\u00eat \u00e0 participer aux \u201cforces de r\u00e9assurance\u201d qui pourraient \u00eatre d\u00e9ploy\u00e9es en Ukraine apr\u00e8s un cessez-le-feu. \u00ab\u00a0Les forces arm\u00e9es turques sont pr\u00eates \u00e0 contribuer \u00e0 toute initiative visant \u00e0 garantir la s\u00e9curit\u00e9 et la stabilit\u00e9 dans notre r\u00e9gion\u00a0\u00bb, a confirm\u00e9 le minist\u00e8re. Ce dernier rappel toutefois qu\u2019un cessez-le-feu doit \u00eatre \u201cavant toute chose\u201d instaur\u00e9 entre la Russie et l\u2019Ukraine.<\/p>\n<p>Mardi, Emmanuel Macron avait annonc\u00e9 un groupe de travail sur les \u201cforces de r\u00e9assurance\u201d, cens\u00e9es \u201cconsolider cette arm\u00e9e ukrainienne\u201d en \u201cdeuxi\u00e8me rideau\u201d en cas d\u2019accord russo-ukrainien.\u00a0<\/p>\n<p>LA RUSSIE FERME SON CONSULAT DE POLOGNE EN REPR\u00c9SAILLES10:17<\/p>\n<p>La Russie a annonc\u00e9 jeudi la fermeture du dernier consulat de Pologne sur son territoire, \u00e0 Irkoutsk, en Sib\u00e9rie. Une d\u00e9cision prise en r\u00e9ponse \u00e0 la fermeture du dernier consulat russe en Pologne la semaine derni\u00e8re. La Pologne avait annonc\u00e9 cette fermeture apr\u00e8s le sabotage d\u2019une voie ferr\u00e9e vers l\u2019Ukraine, qu\u2019elle avait qualifi\u00e9 de \u201cterrorisme d\u2019\u00c9tat\u201d russe.<\/p>\n<p>8 MILLIARDS DE DOLLARS POUR L&rsquo;UKRAINE09:12<\/p>\n<p>Le Fonds mon\u00e9taire international a annonc\u00e9 mercredi un nouveau programme d\u2019aide de plus de huit milliards de dollars sur quatre ans. Ce programme doit permettre de soutenir \u00ab\u00a0une s\u00e9rie de r\u00e9formes macro\u00e9conomiques et structurelles\u00a0\u00bb pour permettre la stabilit\u00e9 \u00e9conomique du pays en guerre.\u00a0<\/p>\n<p>ZELENSKY REMERCIE URSULA VON DER LEYEN07:57<\/p>\n<p>Le pr\u00e9sident ukrainien dit s\u2019\u00eatre entretenu mercredi avec la pr\u00e9sidente de la Commission europ\u00e9enne, Ursula von der Leyen. Dans un post publi\u00e9 sur son compte X, il la remercie pour \u00ab\u00a0sa position claire et ses messages de soutien envers l\u2019Ukraine\u00a0\u00bb. Volodymyr Zelensky se dit \u00ab\u00a0sur la m\u00eame longueur d\u2019ondes\u00a0\u00bb avec la pr\u00e9sidente de la Commission europ\u00e9enne : \u00ab\u00a0tant que la Russie continuera de rejeter les efforts de paix, les sanctions devront \u00eatre renforc\u00e9es, et la d\u00e9fense et l\u2019aide financi\u00e8re pour l\u2019Ukraine devra continuer.\u00a0\u00bb<\/p>\n<blockquote data-testid=\"EmbedTwitter\" id=\"tweet-1993674537771159971-:R3j89lkmcmj9v79m:\" class=\"jsx-aeff1a1c40f54d7a twitter-tweet flex justify-center items-center\"><p>I spoke with the President of the European Commission Ursula  @vonderleyen . I thanked Ursula for her clear position and her messages of support for Ukraine during her address at the European Parliament today. We see eye to eye: as long as Russia continues to rebuff all peace\u2026  pic.twitter.com\/MY4D38UbOr \u2014 Volodymyr Zelenskyy \/ \u0412\u043e\u043b\u043e\u0434\u0438\u043c\u0438\u0440 \u0417\u0435\u043b\u0435\u043d\u0441\u044c\u043a\u0438\u0439 (@ZelenskyyUa)  November 26, 2025<\/p><\/blockquote>\n<p>LA RUSSIE N&rsquo;APPROUVE PAS LE PLAN DE PAIX DE TRUMP07:20<\/p>\n<p>La Russie a r\u00e9pondu au plan de paix propos\u00e9 par Donald Trump en lan\u00e7ant une frappe militaire sur la ville de Zaporijia en d\u00e9but de semaine. \u00a0\u00a0<\/p>\n<p>International<\/p>\n<p>VU SUR LCI<\/p>\n<p><img decoding=\"async\" src=\"https:\/\/www.europesays.com\/fr\/wp-content\/uploads\/2025\/11\/guerre-ukraine-soldat-3d4595-1@1x.jpeg\" alt=\"Un soldat ukrainien dans la r\u00e9gion de Mykolaiv. \" loading=\"lazy\" importance=\"low\" fetchpriority=\"low\" class=\"\" aria-hidden=\"true\"\/>[Vid\u00e9o]Publi\u00e9 hier \u00e0 14h54TRACTATIONS DIPLOMATIQUES07:04<\/p>\n<p>Le Kremlin a qualifi\u00e9 hier de \u00ab\u00a0processus s\u00e9rieux\u00a0\u00bb les efforts diplomatiques en cours autour du plan am\u00e9ricain pour mettre fin \u00e0 la guerre en Ukraine.<\/p>\n<p>Une visite \u00a0est pr\u00e9vue la semaine prochaine \u00e0 Moscou de l&rsquo;\u00e9missaire am\u00e9ricain Steve Witkoff.<\/p>\n<p>BONJOUR06:42<\/p>\n<p>Bienvenue dans ce direct consacr\u00e9 \u00e0 la guerre en Ukraine et \u00e0 ses cons\u00e9quences. Retrouvez ici les images fortes et les moments marquants de ce conflit.<\/p>\n<p data-module=\"article-paragraph\" class=\"jsx-3046738180 Paragraph\">Mercredi 26 novembre, le porte-parole du Kremlin, Dmitri Peskov, a estim\u00e9 qu&rsquo;il n&rsquo;y avait \u00ab\u00a0\u00e0 l&rsquo;heure actuelle probablement rien de plus important\u00a0\u00bb que le \u00ab\u00a0processus s\u00e9rieux\u00a0\u00bb en cours, tout en pr\u00e9venant qu&rsquo;il est encore \u00ab\u00a0trop t\u00f4t\u00a0\u00bb pour savoir si une possible sortie du conflit approchait. Moscou a notamment relev\u00e9 mercredi certains points \u00ab\u00a0positifs\u00a0\u00bb dans le plan am\u00e9ricain, apr\u00e8s avoir rejet\u00e9 une contre-proposition europ\u00e9enne.\u00a0<\/p>\n<p data-module=\"article-paragraph\" class=\"jsx-3046738180 Paragraph Paragraph__End\">Tandis que l&rsquo;Ukraine pousse \u00e0 l&rsquo;organisation cette semaine d&rsquo;une visite du pr\u00e9sident Volodymyr Zelensky aux \u00c9tats-Unis pour des n\u00e9gociations avec Donald Trump, l&rsquo;\u00e9missaire am\u00e9ricain <a href=\"https:\/\/www.tf1info.fr\/international\/accord-de-paix-pour-l-ukraine-russie-donald-trump-envoie-son-emissaire-steve-witkoff-aupres-de-vladimir-poutine-a-moscou-2408898.html\" target=\"_blank\" rel=\"noopener\">Steve Witkoff est attendu la semaine prochaine \u00e0 Moscou<\/a>.<\/p>\n<p data-module=\"article-paragraph\" class=\"jsx-3046738180 Paragraph\">\u00ab\u00a0L&rsquo;Europe doit maintenir la pression sur la Russie, jusqu&rsquo;\u00e0 ce qu&rsquo;il y ait une paix juste et durable. Et je veux \u00eatre tr\u00e8s claire : l&rsquo;Europe se tiendra aux c\u00f4t\u00e9s de l&rsquo;Ukraine et la soutiendra \u00e0 chaque \u00e9tape\u00a0\u00bb, a dit mercredi la pr\u00e9sidente de la Commission europ\u00e9enne, Ursula von der Leyen.<\/p>\n<p data-module=\"article-paragraph\" class=\"jsx-3046738180 Paragraph\">Le Fonds mon\u00e9taire international (FMI) a annonc\u00e9 mercredi s&rsquo;\u00eatre entendu avec le gouvernement ukrainien pour un nouveau programme d&rsquo;aide de 8,2 milliards de dollars, sur quatre ans, afin de soutenir \u00ab\u00a0une s\u00e9rie de r\u00e9formes macro\u00e9conomiques et structurelles\u00a0\u00bb visant \u00e0 stabiliser l&rsquo;\u00e9conomie du pays en guerre.<\/p>\n<p data-module=\"article-paragraph\" class=\"jsx-3046738180 Paragraph Paragraph__End\">Selon les services de secours ukrainiens, la ville de Zaporijia (sud) a subi une attaque russe \u00ab\u00a0massive\u00a0\u00bb dans la nuit de mardi \u00e0 mercredi. Une trentaine d&rsquo;immeubles ont \u00e9t\u00e9 endommag\u00e9s et au moins 19 civils ont \u00e9t\u00e9 bless\u00e9s, selon le dernier bilan du m\u00e9diateur ukrainien pour les droits humains, Dmytro Loubinets. La veille, une attaque dans la capitale Kiev avait fait au moins sept morts.<\/p>\n<p>La r\u00e9daction de TF1info<\/p>\n<p><script async src=\"https:\/\/platform.twitter.com\/widgets.js\" charset=\"utf-8\"><\/script><\/p>\n","protected":false},"excerpt":{"rendered":"Le pr\u00e9sident russe Vladimir Poutine a affirm\u00e9 jeudi que Moscou cessera les hostilit\u00e9s en Ukraine si les forces&hellip;\n","protected":false},"author":2,"featured_media":357681,"comment_status":"","ping_status":"","sticky":false,"template":"","format":"standard","meta":{"footnotes":""},"categories":[2],"tags":[1111,11,1921,1011,27,1922,12,25,220,1917,67457,133,1920,135,134],"class_list":{"0":"post-562546","1":"post","2":"type-post","3":"status-publish","4":"format-standard","5":"has-post-thumbnail","7":"category-actualites","8":"tag-actu","9":"tag-actualites","10":"tag-article-video","11":"tag-fr","12":"tag-france","13":"tag-info","14":"tag-news","15":"tag-republique-francaise","16":"tag-ukraine","17":"tag-ukraine-4-annee-de-guerre","18":"tag-ukraine-russie-la-perspective-de-negociations-relancee","19":"tag-video","20":"tag-video-international","21":"tag-vladimir-poutine","22":"tag-volodymyr-zelensky"},"share_on_mastodon":{"url":"https:\/\/pubeurope.com\/@fr\/115622397974720071","error":""},"_links":{"self":[{"href":"https:\/\/www.europesays.com\/fr\/wp-json\/wp\/v2\/posts\/562546","targetHints":{"allow":["GET"]}}],"collection":[{"href":"https:\/\/www.europesays.com\/fr\/wp-json\/wp\/v2\/posts"}],"about":[{"href":"https:\/\/www.europesays.com\/fr\/wp-json\/wp\/v2\/types\/post"}],"author":[{"embeddable":true,"href":"https:\/\/www.europesays.com\/fr\/wp-json\/wp\/v2\/users\/2"}],"replies":[{"embeddable":true,"href":"https:\/\/www.europesays.com\/fr\/wp-json\/wp\/v2\/comments?post=562546"}],"version-history":[{"count":0,"href":"https:\/\/www.europesays.com\/fr\/wp-json\/wp\/v2\/posts\/562546\/revisions"}],"wp:featuredmedia":[{"embeddable":true,"href":"https:\/\/www.europesays.com\/fr\/wp-json\/wp\/v2\/media\/357681"}],"wp:attachment":[{"href":"https:\/\/www.europesays.com\/fr\/wp-json\/wp\/v2\/media?parent=562546"}],"wp:term":[{"taxonomy":"category","embeddable":true,"href":"https:\/\/www.europesays.com\/fr\/wp-json\/wp\/v2\/categories?post=562546"},{"taxonomy":"post_tag","embeddable":true,"href":"https:\/\/www.europesays.com\/fr\/wp-json\/wp\/v2\/tags?post=562546"}],"curies":[{"name":"wp","href":"https:\/\/api.w.org\/{rel}","templated":true}]}}