{"id":562554,"date":"2025-11-27T15:44:12","date_gmt":"2025-11-27T15:44:12","guid":{"rendered":"https:\/\/www.europesays.com\/fr\/562554\/"},"modified":"2025-11-27T15:44:12","modified_gmt":"2025-11-27T15:44:12","slug":"cyclisme-route-tiesj-benoot-paul-seixas-cest-encore-juste-un-gamin","status":"publish","type":"post","link":"https:\/\/www.europesays.com\/fr\/562554\/","title":{"rendered":"Cyclisme. Route &#8211; Tiesj Benoot : \u00abPaul Seixas ? C&rsquo;est encore juste un gamin&#8230;\u00bb"},"content":{"rendered":"<p style=\"text-align: left;\">Apr\u00e8s quatre ans chez <strong>Visma | Lease a Bike<\/strong>, <strong>Tiesj Benoot <\/strong>rejoindra <strong><a href=\"https:\/\/www.cyclismactu.net\/..\/news-route-l-equipe-decathlon-cma-cgm-a-signe-deux-directeurs-sportifs-renommes-90977.html\" target=\"_blank\" rel=\"noopener\">Decathlon CMA CGM<\/a><\/strong> en 2026. Dans un entretien accord\u00e9 \u00e0 nos confr\u00e8res de <a href=\"https:\/\/www.domestiquecycling.com\/en\/news\/a-good-moment-to-leave-my-comfort-zone-tiesj-benoot-on-life-after-visma\/\" target=\"_blank\" rel=\"noopener\">Domestique<\/a>, il revient sur les raisons de ce transfert, son futur r\u00f4le et les conseils qu\u2019il donnerait \u00e0 son nouveau co\u00e9quipier\u00a0<a href=\"https:\/\/www.cyclismactu.net\/..\/news-cyclisme-route-romain-bardet-paul-seixas-y-a-un-emballement-qui-m-inquiete-91051.html\" target=\"_blank\" rel=\"noopener\"><strong>Paul Seixas<\/strong><\/a>. \u00ab\u00a0Ce fut vraiment difficile de quitter Visma, parce que je n\u2019avais pas de vraie raison de partir\u00a0\u00bb, confie <strong>Benoot<\/strong>. \u00ab\u00a0J\u2019\u00e9tais heureux l\u00e0-bas, fier d\u2019\u00eatre membre de l\u2019\u00e9quipe depuis quatre ans. Mais au bout du compte, je devais faire un choix, et je pense que c\u2019est la derni\u00e8re fois de ma carri\u00e8re que je peux faire ce type de pas. J\u2019ai sign\u00e9 trois ans avec Decathlon, donc j\u2019aurai presque 35 ans quand le contrat se terminera. C\u2019\u00e9tait simplement le bon moment pour sortir \u00e0 nouveau de ma zone de confort.\u00a0\u00bb<\/p>\n<p>Vid\u00e9o &#8211; Dominique Serieys, manager g\u00e9n\u00e9ral de Decathlon CMA CGM Lire la suite de l&rsquo;article&#13;<\/p>\n<p>\u00a0<\/p>\n<p>&#13;<br \/>\n\u00ab\u00a0Ici, il y a une vision claire\u00a0\u00bb&#13;<\/p>\n<p style=\"text-align: left;\">Le budget en hausse de l&rsquo;\u00e9quipe fran\u00e7aise a fait beaucoup parler. La direction est convaincue que cet apport financier doit permettre \u00e0 l\u2019\u00e9quipe de rejoindre le cercle ferm\u00e9 des \u00ab\u00a0super teams\u00a0\u00bb. <strong>Benoot <\/strong>reconna\u00eet que l\u2019aspect financier a compt\u00e9, mais insiste : un gros budget n\u2019a d\u2019impact que s\u2019il est bien utilis\u00e9. \u00ab\u00a0Il faut de l\u2019argent, mais aussi une bonne philosophie et un management qui sait fixer les priorit\u00e9s\u00a0\u00bb, explique-t-il. \u00ab\u00a0Bien s\u00fbr, on peut d\u00e9penser un budget en salaires stupides ou pour des coureurs dont on n\u2019a pas besoin. Mais ici, il y a une vision claire : o\u00f9 ils veulent aller, quel type de coureurs ils veulent, et quels domaines de la performance ils veulent am\u00e9liorer.\u00a0\u00bb<\/p>\n<p>&#13;<\/p>\n<p style=\"text-align: left;\">\u00ab\u00a0Par exemple, aujourd\u2019hui nous avons fait un test sur piste : il y avait sept ou huit membres du staff juste pour s\u2019assurer que tout se passe bien. Cela signifie quatre ou cinq jours \u00e0 l\u2019h\u00f4tel pour tout le monde : un gros investissement. Avant, seules les toutes meilleures \u00e9quipes pouvaient le faire, mais maintenant Decathlon, Lidl-Trek et Red Bull \u00e9l\u00e8vent le niveau de comp\u00e9tition.\u00a0\u00bb<\/p>\n<p>&#13;<\/p>\n<p style=\"text-align: left;\">\u00a0<\/p>\n<p>&#13;<br \/>\n\u00ab\u00a0Paul Seixas ?\u00a0Mon plus grand conseil serait de&#8230;\u00a0\u00bb&#13;<\/p>\n<p style=\"text-align: left;\">Chez <strong>Decathlon CMA CGM<\/strong>, Benoot travaillera aux c\u00f4t\u00e9s de celui qui incarne l\u2019avenir de l\u2019\u00e9quipe : <strong>Paul Seixas<\/strong>, le Fran\u00e7ais de tout juste 19 ans, autour duquel le projet sportif est construit.\u00a0 \u00ab\u00a0Ma premi\u00e8re impression, c\u2019est que c\u2019est encore juste un gamin\u00a0\u00bb, sourit <strong>Benoot<\/strong>. \u00ab\u00a0Mais il est tr\u00e8s terre-\u00e0-terre, un chic type. Et contrairement \u00e0 beaucoup de jeunes dans le peloton, il ne pense pas seulement watts et glucides. C\u2019est une bonne chose, parce que mon plus grand conseil serait de chercher quelque chose en dehors du cyclisme. C\u2019est important d\u2019avoir un hobby ou au moins un autre centre d\u2019int\u00e9r\u00eat \u2013 des \u00e9tudes, la p\u00eache, peu importe.\u00a0\u00bb<\/p>\n<p>&#13;<\/p>\n<p style=\"text-align: left;\">\u00a0\u00ab\u00a0Chez les jeunes coureurs, c\u2019est parfois effrayant de voir qu\u2019ils n\u2019ont que le cyclisme dans leur vie, avec un cercle social minuscule quand ils rentrent chez eux\u00a0\u00bb, dit-il. \u00ab\u00a0Je leur dirais de garder leurs amis d\u2019\u00e9cole, de prendre du temps pour eux, de faire l\u2019effort de maintenir ces relations\u00a0\u00bb, affirme-t-il. \u00ab\u00a0On ne peut pas enlever la pression. Il faut juste apprendre \u00e0 la g\u00e9rer. Certains sont faits pour \u00e7a, d\u2019autres non : c\u2019est un talent en soi. Remco, par exemple, g\u00e8re incroyablement bien la pression, \u00e7a lui donne m\u00eame de l\u2019\u00e9nergie, alors que pour d\u2019autres, c\u2019est tr\u00e8s dur. Donc mon conseil serait de garder les gens que vous aimez pr\u00e8s de vous et de trouver une activit\u00e9 qui vous nourrit en dehors du v\u00e9lo.\u00a0\u00bb<\/p>\n","protected":false},"excerpt":{"rendered":"Apr\u00e8s quatre ans chez Visma | Lease a Bike, Tiesj Benoot rejoindra Decathlon CMA CGM en 2026. Dans&hellip;\n","protected":false},"author":2,"featured_media":562555,"comment_status":"","ping_status":"","sticky":false,"template":"","format":"standard","meta":{"footnotes":""},"categories":[1411],"tags":[1154,207,211,1011,27,209,60,210,212,208,213],"class_list":{"0":"post-562554","1":"post","2":"type-post","3":"status-publish","4":"format-standard","5":"has-post-thumbnail","7":"category-cyclisme","8":"tag-cycling","9":"tag-cyclisme","10":"tag-ffc","11":"tag-fr","12":"tag-france","13":"tag-route","14":"tag-sports","15":"tag-tour-de-france","16":"tag-uci","17":"tag-velo","18":"tag-world-tour"},"share_on_mastodon":{"url":"https:\/\/pubeurope.com\/@fr\/115622436249048325","error":""},"_links":{"self":[{"href":"https:\/\/www.europesays.com\/fr\/wp-json\/wp\/v2\/posts\/562554","targetHints":{"allow":["GET"]}}],"collection":[{"href":"https:\/\/www.europesays.com\/fr\/wp-json\/wp\/v2\/posts"}],"about":[{"href":"https:\/\/www.europesays.com\/fr\/wp-json\/wp\/v2\/types\/post"}],"author":[{"embeddable":true,"href":"https:\/\/www.europesays.com\/fr\/wp-json\/wp\/v2\/users\/2"}],"replies":[{"embeddable":true,"href":"https:\/\/www.europesays.com\/fr\/wp-json\/wp\/v2\/comments?post=562554"}],"version-history":[{"count":0,"href":"https:\/\/www.europesays.com\/fr\/wp-json\/wp\/v2\/posts\/562554\/revisions"}],"wp:featuredmedia":[{"embeddable":true,"href":"https:\/\/www.europesays.com\/fr\/wp-json\/wp\/v2\/media\/562555"}],"wp:attachment":[{"href":"https:\/\/www.europesays.com\/fr\/wp-json\/wp\/v2\/media?parent=562554"}],"wp:term":[{"taxonomy":"category","embeddable":true,"href":"https:\/\/www.europesays.com\/fr\/wp-json\/wp\/v2\/categories?post=562554"},{"taxonomy":"post_tag","embeddable":true,"href":"https:\/\/www.europesays.com\/fr\/wp-json\/wp\/v2\/tags?post=562554"}],"curies":[{"name":"wp","href":"https:\/\/api.w.org\/{rel}","templated":true}]}}