{"id":562556,"date":"2025-11-27T15:45:18","date_gmt":"2025-11-27T15:45:18","guid":{"rendered":"https:\/\/www.europesays.com\/fr\/562556\/"},"modified":"2025-11-27T15:45:18","modified_gmt":"2025-11-27T15:45:18","slug":"la-sortie-de-nuno-mendes-a-la-pause-une-simple-precaution","status":"publish","type":"post","link":"https:\/\/www.europesays.com\/fr\/562556\/","title":{"rendered":"La sortie de Nuno Mendes \u00e0 la pause, une simple pr\u00e9caution ?"},"content":{"rendered":"<p><img width=\"700\" height=\"350\" src=\"https:\/\/www.europesays.com\/fr\/wp-content\/uploads\/2025\/11\/Nuno-Mendes-2.jpg\" class=\"attachment-jannah-image-post size-jannah-image-post wp-post-image\" alt=\"Nuno Mendes\" is_main_img=\"1\" decoding=\"async\" fetchpriority=\"high\"  \/><br \/>\n Image :<br \/>\npsg.fr<\/p>\n<p>Ce mercredi, le PSG s\u2019est impos\u00e9 face \u00e0 Tottenham (5-3) en<br \/>\nLigue des champions. Titulaire, Nuno Mendes a d\u00fb laisser ses<br \/>\npartenaires \u00e0 la pause.<\/p>\n<p>Le <strong>PSG<\/strong> a r\u00e9alis\u00e9 une excellente op\u00e9ration ce<br \/>\nmercredi soir. Victorieux de <strong>Tottenham<\/strong> (5-3) dans<br \/>\nun match \u00e0 rebondissements, les champions d\u2019Europe ont confort\u00e9<br \/>\nleur place dans le top 8 (2e au classement) et ont fait un pas<br \/>\nsuppl\u00e9mentaire vers une qualification directe pour la suite de la<br \/>\ncomp\u00e9tition. Pour cette rencontre, <strong><a href=\"https:\/\/canal-supporters.com\/psg-tottenham-vitinha-ndjantou-chevalier-la-conference-dapres-match-de-luis-enrique\/\" title=\"\" target=\"_blank\" rel=\"noopener\">Luis Enrique<\/a><\/strong> avait d\u00e9cid\u00e9 de titulariser<br \/>\n<strong><a href=\"https:\/\/canal-supporters.com\/nuno-mendes-luis-enrique-ma-beaucoup-aide-defensivement\/\" title=\"\" target=\"_blank\" rel=\"noopener\">Nuno Mendes<\/a><\/strong> dans son couloir gauche.<\/p>\n<p>Luis Enrique et<br \/>\nson staff n\u2019ont voulu prendre aucun risque<\/p>\n<p>Revenu tout juste d\u2019une entorse du genou et apr\u00e8s avoir disput\u00e9<br \/>\n90 minutes face au <strong>Havre<\/strong> (3-0) le week-end<br \/>\ndernier, l\u2019international portugais a d\u00fb c\u00e9der sa place \u00e0 la pause,<br \/>\nsans conna\u00eetre la raison. La possibilit\u00e9 d\u2019une rechute \u00e9tait<br \/>\nenvisag\u00e9e. Mais selon les informations du <strong><a href=\"https:\/\/www.leparisien.fr\/sports\/football\/ligue-des-champions\/psg-tottenham-pourquoi-nuno-mendes-a-t-il-ete-remplace-a-la-mi-temps-26-11-2025-IIGYFEHRXRFKBDJ64CGCIHIQSM.php\" target=\"_blank\" rel=\"noopener\" title=\"\">Parisien<\/a><\/strong>,<br \/>\nil s\u2019agirait d\u2019une simple pr\u00e9caution. \u00ab\u00a0Est-ce d\u00fb<br \/>\n\u00e0\u00a0son entorse du genou gauche survenue lors du match face au<br \/>\n<strong>Bayern Munich<\/strong>\u00a0le 4 novembre dernier ?<br \/>\nDifficile \u00e0 dire \u00e0 ce stade, mais <strong>Luis Enrique<\/strong> et<br \/>\nson staff n\u2019ont voulu prendre aucun risque avec leur pr\u00e9cieux<br \/>\nlat\u00e9ral gauche, qui n\u2019avait pas montr\u00e9 de signe de difficult\u00e9<br \/>\npendant ses 45 minutes de jeu\u00a0\u00bb, pr\u00e9cise<br \/>\n<strong>LP<\/strong>. Le lat\u00e9ral gauche parisien a regard\u00e9<br \/>\nla seconde p\u00e9riode de son \u00e9quipe depuis le banc de touche.<\/p>\n<\/p>\n<p>Youtube :<br \/>\n<strong><a href=\"https:\/\/www.youtube.com\/@CanalSupportersParis\" target=\"_blank\" rel=\"noopener\" title=\"\">Canal Supporters<br \/>\nParis<\/a><\/strong><\/p>\n","protected":false},"excerpt":{"rendered":"Image : psg.fr Ce mercredi, le PSG s\u2019est impos\u00e9 face \u00e0 Tottenham (5-3) en Ligue des champions. Titulaire,&hellip;\n","protected":false},"author":2,"featured_media":562557,"comment_status":"","ping_status":"","sticky":false,"template":"","format":"standard","meta":{"footnotes":""},"categories":[1410],"tags":[81,787,63,1011,27,28852,45441,447,5210,15188,91,92,93,39213,60,796,96],"class_list":{"0":"post-562556","1":"post","2":"type-post","3":"status-publish","4":"format-standard","5":"has-post-thumbnail","7":"category-football","8":"tag-canal-supporters","9":"tag-cs","10":"tag-football","11":"tag-fr","12":"tag-france","13":"tag-infirmerie-psg","14":"tag-lateral-psg","15":"tag-ligue-des-champions","16":"tag-nuno-mendes","17":"tag-nuno-mendes-psg","18":"tag-paris-saint-germain","19":"tag-paris-sg","20":"tag-psg","21":"tag-psg-tottenham","22":"tag-sports","23":"tag-uefa-champions-league","24":"tag-une"},"share_on_mastodon":{"url":"https:\/\/pubeurope.com\/@fr\/115622440879474611","error":""},"_links":{"self":[{"href":"https:\/\/www.europesays.com\/fr\/wp-json\/wp\/v2\/posts\/562556","targetHints":{"allow":["GET"]}}],"collection":[{"href":"https:\/\/www.europesays.com\/fr\/wp-json\/wp\/v2\/posts"}],"about":[{"href":"https:\/\/www.europesays.com\/fr\/wp-json\/wp\/v2\/types\/post"}],"author":[{"embeddable":true,"href":"https:\/\/www.europesays.com\/fr\/wp-json\/wp\/v2\/users\/2"}],"replies":[{"embeddable":true,"href":"https:\/\/www.europesays.com\/fr\/wp-json\/wp\/v2\/comments?post=562556"}],"version-history":[{"count":0,"href":"https:\/\/www.europesays.com\/fr\/wp-json\/wp\/v2\/posts\/562556\/revisions"}],"wp:featuredmedia":[{"embeddable":true,"href":"https:\/\/www.europesays.com\/fr\/wp-json\/wp\/v2\/media\/562557"}],"wp:attachment":[{"href":"https:\/\/www.europesays.com\/fr\/wp-json\/wp\/v2\/media?parent=562556"}],"wp:term":[{"taxonomy":"category","embeddable":true,"href":"https:\/\/www.europesays.com\/fr\/wp-json\/wp\/v2\/categories?post=562556"},{"taxonomy":"post_tag","embeddable":true,"href":"https:\/\/www.europesays.com\/fr\/wp-json\/wp\/v2\/tags?post=562556"}],"curies":[{"name":"wp","href":"https:\/\/api.w.org\/{rel}","templated":true}]}}