{"id":562560,"date":"2025-11-27T15:47:11","date_gmt":"2025-11-27T15:47:11","guid":{"rendered":"https:\/\/www.europesays.com\/fr\/562560\/"},"modified":"2025-11-27T15:47:11","modified_gmt":"2025-11-27T15:47:11","slug":"casse-du-louvre-deux-audits-realises-a-dix-ans-decart-avaient-alerte-sur-les-failles-de-la-galerie-dapollon","status":"publish","type":"post","link":"https:\/\/www.europesays.com\/fr\/562560\/","title":{"rendered":"Casse du Louvre\u00a0: deux audits, r\u00e9alis\u00e9s \u00e0 dix ans d\u2019\u00e9cart, avaient alert\u00e9 sur les failles de la galerie d\u2019Apollon"},"content":{"rendered":"<p class=\"paragraph text_align_left lp-f-body-02\">Le <a href=\"https:\/\/www.leparisien.fr\/paris-75\/musee-du-louvre\/\" target=\"_blank\" rel=\"noreferrer noopener\">casse du Louvre<\/a> aurait-il pu \u00eatre \u00e9vit\u00e9 ? Deux audits r\u00e9v\u00e9l\u00e9s coup sur coup ont r\u00e9cemment alert\u00e9 sur les failles de s\u00e9curit\u00e9 autour de <a href=\"https:\/\/www.leparisien.fr\/culture-loisirs\/cambriolage-au-louvre-la-galerie-dapollon-le-coeur-battant-du-plus-grand-musee-du-monde-19-10-2025-CHUMKBOV2FFJFAVMXYHU24AGGM.php\" target=\"_blank\" rel=\"noreferrer noopener\">la galerie d\u2019Apollon<\/a>, o\u00f9 a eu lieu <a href=\"https:\/\/www.leparisien.fr\/faits-divers\/casse-du-louvre-les-bijoux-seront-retrouves-reaffirme-emmanuel-macron-08-11-2025-N6VK7OTG2JGGTHRGVYDHH35FRY.php\" target=\"_blank\" rel=\"noreferrer noopener\">le vol des bijoux<\/a> le 19 octobre dernier. Le plus ancien, r\u00e9v\u00e9l\u00e9 par <a href=\"https:\/\/www.rtl.fr\/actu\/justice-faits-divers\/info-rtl-cambriolage-au-louvre-un-rapport-alertait-des-2007-sur-les-vulnerabilites-de-la-salle-apollon-7900571472\" target=\"_blank\" rel=\"noreferrer noopener\">RTL<\/a> ce jeudi et que Le Parisien a \u00e9galement pu consulter, date de 2007. Le second audit, d\u00e9voil\u00e9 par <a href=\"https:\/\/www.lemonde.fr\/societe\/article\/2025\/11\/25\/cambriolage-du-louvre-le-document-oublie-qui-accable-le-musee_6654808_3224.html\" target=\"_blank\" rel=\"noreferrer noopener\">Le Monde<\/a> ce mardi, a \u00e9t\u00e9 men\u00e9 en 2018.<\/p>\n<p class=\"paragraph text_align_left lp-f-body-02\">Celui de 2007 a \u00e9t\u00e9 r\u00e9alis\u00e9 par la soci\u00e9t\u00e9 de s\u00e9curit\u00e9 priv\u00e9e CESG entre juin et juillet 2007 \u00e0 la demande de \u00ab la Direction du d\u00e9partement des objets d\u2019art \u00bb. \u00ab Dans le contexte des risques de vols symboliques de bijoux et de pierres pr\u00e9cieuses \u00e0 caract\u00e8re historique et culturel, que peuvent repr\u00e9senter les tr\u00e9sors de la Cour de France, la pr\u00e9vention des risques doit \u00eatre l\u2019une des priorit\u00e9s de la politique de management des Risques \u00bb, est-il \u00e9crit.<\/p>\n<p>\u00ab Des lacunes et des failles \u00bb<\/p>\n<p class=\"paragraph text_align_left lp-f-body-02\">La galerie d\u2019Apollon y est d\u00e9crite comme \u00ab \u00e0 haut risque \u00bb. \u00ab L\u2019\u00e9tude effectu\u00e9e au cours de ces derni\u00e8res semaines, nous permet de d\u00e9celer des lacunes et des failles notamment dans le syst\u00e8me de contr\u00f4le d\u2019acc\u00e8s du site et dans la gestion g\u00e9n\u00e9rale de la s\u00fbret\u00e9 \u00bb, est-il indiqu\u00e9. Le risque pour \u00ab intrusion pour vols d\u2019\u0153uvre d\u2019art \u00bb y est d\u00e9crit comme \u00ab \u00e9lev\u00e9 \u00bb &#8211; le niveau le plus important -, que le mus\u00e9e soit ouvert ou non.<\/p>\n<p class=\"paragraph text_align_left lp-f-body-02\">Un point interpelle notamment. \u00ab Le meuble vitrine abritant les bijoux et pierres pr\u00e9cieuses de la Couronne est positionn\u00e9 \u00e0 proximit\u00e9 directe (\u2026) de la porte-fen\u00eatre. Cette situation peut faciliter la r\u00e9alisation d\u2019acte de malveillance pendant la journ\u00e9e mais aussi durant les heures moins fr\u00e9quent\u00e9es \u00bb, est-il \u00e9crit. C\u2019est par l\u00e0 que les malfaiteurs sont entr\u00e9s le 19 octobre, volant notamment\u2026 <a href=\"https:\/\/www.leparisien.fr\/faits-divers\/braquage-au-louvre-plus-de-1300-diamants-56-emeraudes-la-spectaculaire-couronne-de-limperatrice-eugenie-rescapee-du-vol-19-10-2025-PWB4W6QIONE4TAULQDNK73MTDY.php\" target=\"_blank\" rel=\"noopener\">la couronne d\u2019Eug\u00e9nie<\/a>. Celle-ci avait finalement \u00e9t\u00e9 retrouv\u00e9e endommag\u00e9e \u00e0 proximit\u00e9 du mus\u00e9e.<\/p>\n<p class=\"lp-card-podcast-highlighting__title  lp-f-subtitle-05\">[2\/2] L\u2019affaire Jean Aprin\u00a0: complot criminel dans les vignes<\/p>\n<p><a class=\"lp-card-podcast-highlighting__call-to-action\" data-page-type=\"HP\" data-block-name=\"podcast-highlight\">\u00c9couter<\/a><\/p>\n<p class=\"paragraph text_align_left lp-f-body-02\">L\u2019audit estimait aussi que \u00ab les nombreuses fen\u00eatres qui recouvrent le mur de la salle c\u00f4t\u00e9 ext\u00e9rieur-Seine peuvent \u00eatre un excellent vecteur d\u2019introduction \u00e0 l\u2019int\u00e9rieur du Mus\u00e9e et plus dans la salle des diamants de la Couronne \u00bb. \u00ab Il semble essentiel de mettre en place une r\u00e9elle politique s\u00fbret\u00e9\/s\u00e9curit\u00e9 sp\u00e9cifique et adapt\u00e9e \u00e0 l\u2019\u00e9chelle des risques de la salle d\u2019exposition Apollon \u00bb, \u00e9crivait alors la soci\u00e9t\u00e9 de s\u00e9curit\u00e9.<\/p>\n<p>Le mode op\u00e9ratoire des malfrats\u2026 d\u00e9crit en 2018<\/p>\n<p class=\"paragraph text_align_left lp-f-body-02\">Le second audit r\u00e9alis\u00e9 en 2018 par le joaillier Van Cleef &amp; Arpels avait d\u00e9crit avec pr\u00e9cision la faille potentielle que repr\u00e9sentait le balcon emprunt\u00e9 le 19 octobre et son acc\u00e8s possible par un monte-charge. Ces d\u00e9tails correspondent au mode op\u00e9ratoire des malfaiteurs : gr\u00e2ce \u00e0 une <a href=\"https:\/\/www.leparisien.fr\/faits-divers\/la-nacelle-du-louvre-rendue-a-son-proprietaire-louis-sarkozy-candidat-lr-nos-indiscretions-de-la-semaine-16-11-2025-SCKA6OB2PNDGTKA5C7JAD5TAT4.php\" target=\"_blank\" rel=\"noreferrer noopener\">nacelle<\/a>, ils sont parvenus \u00e0 se hisser jusqu\u2019au balcon de la galerie d\u2019Apollon, puis ont bris\u00e9 la fen\u00eatre \u00e0 l\u2019aide d\u2019une disqueuse pour ensuite d\u00e9rober huit joyaux de la Couronne de France.<\/p>\n<p class=\"paragraph text_align_left lp-f-body-02\">Dans l\u2019audit de 2018, \u00ab deux pages et trois sch\u00e9mas visuels traitent sp\u00e9cifiquement du balcon donnant sur la galerie d\u2019Apollon \u00bb et ses auteurs \u00ab insistent, dans leur texte, sur la fen\u00eatre donnant sur le quai Fran\u00e7ois-Mitterrand, qu\u2019ils qualifient de l\u2019un des plus grands points de vuln\u00e9rabilit\u00e9 de l\u2019\u00e9tablissement \u00bb, \u00e9crit Le Monde. Le document pr\u00e9cise aussi, photos \u00e0 l\u2019appui, que les cam\u00e9ras de surveillance \u00e0 proximit\u00e9 du balcon ne couvrent pas totalement ce point faible, affirme encore le journal.<\/p>\n<p class=\"paragraph text_align_left lp-f-body-02\">Selon les explications du mus\u00e9e du Louvre, l\u2019audit n\u2019avait pas \u00e9t\u00e9 \u00ab transmis \u00bb par l\u2019ancienne direction au moment de la prise de fonction de Laurence des Cars \u00e0 la t\u00eate de l\u2019\u00e9tablissement fin 2021. \u00ab Il a \u00e9t\u00e9 d\u00e9couvert apr\u00e8s le vol, quand la pr\u00e9sidente a demand\u00e9 de ressortir tous les documents li\u00e9s au chantier de la galerie d\u2019Apollon sur les 25 derni\u00e8res ann\u00e9es \u00bb, explique le mus\u00e9e. Contact\u00e9 par l\u2019AFP, l\u2019ancien pr\u00e9sident du Louvre Jean-Luc Martinez n\u2019a pas donn\u00e9 suite.<\/p>\n<p class=\"title-embed-dailymotion lp-color-text lp-f-subtitle-04\">Vid\u00e9oLouvre : histoire d\u2019un braquage annonc\u00e9<\/p>\n<p class=\"paragraph text_align_left lp-f-body-02\">D\u00e9but novembre, la Cour des comptes avait estim\u00e9 que le mus\u00e9e le plus visit\u00e9 au monde avait <a href=\"https:\/\/www.leparisien.fr\/paris-75\/musee-du-louvre-les-operations-visibles-et-attractives-privilegiees-au-detriment-de-la-securite-ce-que-dit-le-rapport-de-la-cour-des-comptes-06-11-2025-G6HMFXFXTNDRBIN4OXSRTJLWEU.php\" target=\"_blank\" rel=\"noreferrer noopener\">\u00ab privil\u00e9gi\u00e9 les op\u00e9rations visibles et attractives \u00bb<\/a> au d\u00e9triment de la s\u00e9curit\u00e9. Le butin, estim\u00e9 \u00e0 88 millions d\u2019euros, reste \u00e0 ce jour introuvable.<\/p>\n<p class=\"paragraph text_align_left lp-f-body-02\">Au niveau de l\u2019enqu\u00eate, <a href=\"https:\/\/www.leparisien.fr\/faits-divers\/casse-du-siecle-au-louvre-le-quatrieme-homme-du-commando-interpelle-25-11-2025-ADTZVDQHZZCEFNNYUC5JUMZJDY.php\" target=\"_blank\" rel=\"noreferrer noopener\">quatre nouveaux suspects<\/a> ont \u00e9t\u00e9 interpell\u00e9s ce mardi et plac\u00e9s en garde \u00e0 vue. Trois personnes soup\u00e7onn\u00e9es d\u2019avoir directement particip\u00e9 au casse avaient d\u00e9j\u00e0 \u00e9t\u00e9 mises en examen et \u00e9crou\u00e9es. Une quatri\u00e8me, pr\u00e9sent\u00e9e comme la compagne d\u2019un des suspects, avait \u00e9t\u00e9 plac\u00e9e sous contr\u00f4le judiciaire.<\/p>\n","protected":false},"excerpt":{"rendered":"Le casse du Louvre aurait-il pu \u00eatre \u00e9vit\u00e9 ? Deux audits r\u00e9v\u00e9l\u00e9s coup sur coup ont r\u00e9cemment alert\u00e9&hellip;\n","protected":false},"author":2,"featured_media":562561,"comment_status":"","ping_status":"","sticky":false,"template":"","format":"standard","meta":{"footnotes":""},"categories":[1358],"tags":[1348,1384,1385,1386,58,59,118,1011,27],"class_list":{"0":"post-562560","1":"post","2":"type-post","3":"status-publish","4":"format-standard","5":"has-post-thumbnail","7":"category-arts-et-design","8":"tag-arts","9":"tag-arts-and-design","10":"tag-arts-et-design","11":"tag-design","12":"tag-divertissement","13":"tag-entertainment","14":"tag-faits-divers","15":"tag-fr","16":"tag-france"},"share_on_mastodon":{"url":"","error":""},"_links":{"self":[{"href":"https:\/\/www.europesays.com\/fr\/wp-json\/wp\/v2\/posts\/562560","targetHints":{"allow":["GET"]}}],"collection":[{"href":"https:\/\/www.europesays.com\/fr\/wp-json\/wp\/v2\/posts"}],"about":[{"href":"https:\/\/www.europesays.com\/fr\/wp-json\/wp\/v2\/types\/post"}],"author":[{"embeddable":true,"href":"https:\/\/www.europesays.com\/fr\/wp-json\/wp\/v2\/users\/2"}],"replies":[{"embeddable":true,"href":"https:\/\/www.europesays.com\/fr\/wp-json\/wp\/v2\/comments?post=562560"}],"version-history":[{"count":0,"href":"https:\/\/www.europesays.com\/fr\/wp-json\/wp\/v2\/posts\/562560\/revisions"}],"wp:featuredmedia":[{"embeddable":true,"href":"https:\/\/www.europesays.com\/fr\/wp-json\/wp\/v2\/media\/562561"}],"wp:attachment":[{"href":"https:\/\/www.europesays.com\/fr\/wp-json\/wp\/v2\/media?parent=562560"}],"wp:term":[{"taxonomy":"category","embeddable":true,"href":"https:\/\/www.europesays.com\/fr\/wp-json\/wp\/v2\/categories?post=562560"},{"taxonomy":"post_tag","embeddable":true,"href":"https:\/\/www.europesays.com\/fr\/wp-json\/wp\/v2\/tags?post=562560"}],"curies":[{"name":"wp","href":"https:\/\/api.w.org\/{rel}","templated":true}]}}