{"id":562568,"date":"2025-11-27T15:52:12","date_gmt":"2025-11-27T15:52:12","guid":{"rendered":"https:\/\/www.europesays.com\/fr\/562568\/"},"modified":"2025-11-27T15:52:12","modified_gmt":"2025-11-27T15:52:12","slug":"il-faut-eliminer-lhexane-dans-lindustrie-agroalimentaire-liberation","status":"publish","type":"post","link":"https:\/\/www.europesays.com\/fr\/562568\/","title":{"rendered":"\u00abIl faut \u00e9liminer l\u2019hexane dans l\u2019industrie agroalimentaire\u00bb \u2013 Lib\u00e9ration"},"content":{"rendered":"<p class=\"sc-cPiKLX AiZTS text-element\">Pr\u00e9venir lui importe tout autant que gu\u00e9rir. Le neurologue David Devos, m\u00e9decin au CHU de Lille et professeur en pharmacologie m\u00e9dicale \u00e0 l\u2019universit\u00e9 de la ville, s\u2019est fait conna\u00eetre pour son combat contre <a href=\"https:\/\/www.liberation.fr\/societe\/sante\/maladie-de-parkinson-un-patient-francais-remarche-grace-a-une-neuroprothese-sur-la-moelle-epiniere-20231107_RALMIADWUFAGJEXTTSMJPHBVD4\/\" target=\"_blank\" rel=\"noreferrer noopener\" title=\"https:\/\/www.liberation.fr\/societe\/sante\/maladie-de-parkinson-un-patient-francais-remarche-grace-a-une-neuroprothese-sur-la-moelle-epiniere-20231107_RALMIADWUFAGJEXTTSMJPHBVD4\/\">la maladie de Parkinson<\/a>. \u00abLas de voir, chaque jour en consultation, de nouveaux patients atteints\u00bb par ces troubles tr\u00e8s invalidants, le praticien a imagin\u00e9, \u00e0 partir de 2004, une m\u00e9thode pour diffuser le traitement habituel, la dopamine, directement dans le cerveau \u00e0 l\u2019aide d\u2019une pompe. Vingt ans apr\u00e8s le d\u00e9but de l\u2019aventure, une \u00e9tude a sugg\u00e9r\u00e9 que la perfusion intrac\u00e9r\u00e9brale pourrait \u00eatre beaucoup plus efficace que le m\u00e9dicament classique, et un essai clinique plus large devrait \u00eatre lanc\u00e9 fin 2026 pour parachever la d\u00e9monstration.<\/p>\n<p class=\"sc-cPiKLX AiZTS text-element\">Mais le m\u00e9decin f\u00e9ru d\u2019innovation se fait aussi le chantre de la pr\u00e9vention et de la r\u00e9duction de l\u2019exposition \u00e0 des produits augmentant le risque de maladies neurod\u00e9g\u00e9n\u00e9ratives. Il y a quelques semaines, il a cosign\u00e9 une tribune dans le Monde pour alerter sur les dangers de <a href=\"https:\/\/www.liberation.fr\/environnemen&lt;\/p&gt;&lt;\/div&gt;&lt;\/article&gt;&lt;\/div&gt;&lt;div data-fusion-lazy-id=\" f0f8vgvlad832fw=\"\" target=\"_blank\" rel=\"noopener\"><\/p>\n","protected":false},"excerpt":{"rendered":"Pr\u00e9venir lui importe tout autant que gu\u00e9rir. Le neurologue David Devos, m\u00e9decin au CHU de Lille et professeur&hellip;\n","protected":false},"author":2,"featured_media":562569,"comment_status":"","ping_status":"","sticky":false,"template":"","format":"standard","meta":{"footnotes":""},"categories":[10],"tags":[1011,27,72,2091,71],"class_list":{"0":"post-562568","1":"post","2":"type-post","3":"status-publish","4":"format-standard","5":"has-post-thumbnail","7":"category-sante","8":"tag-fr","9":"tag-france","10":"tag-health","11":"tag-pesticides","12":"tag-sante"},"share_on_mastodon":{"url":"https:\/\/pubeurope.com\/@fr\/115622467635056219","error":""},"_links":{"self":[{"href":"https:\/\/www.europesays.com\/fr\/wp-json\/wp\/v2\/posts\/562568","targetHints":{"allow":["GET"]}}],"collection":[{"href":"https:\/\/www.europesays.com\/fr\/wp-json\/wp\/v2\/posts"}],"about":[{"href":"https:\/\/www.europesays.com\/fr\/wp-json\/wp\/v2\/types\/post"}],"author":[{"embeddable":true,"href":"https:\/\/www.europesays.com\/fr\/wp-json\/wp\/v2\/users\/2"}],"replies":[{"embeddable":true,"href":"https:\/\/www.europesays.com\/fr\/wp-json\/wp\/v2\/comments?post=562568"}],"version-history":[{"count":0,"href":"https:\/\/www.europesays.com\/fr\/wp-json\/wp\/v2\/posts\/562568\/revisions"}],"wp:featuredmedia":[{"embeddable":true,"href":"https:\/\/www.europesays.com\/fr\/wp-json\/wp\/v2\/media\/562569"}],"wp:attachment":[{"href":"https:\/\/www.europesays.com\/fr\/wp-json\/wp\/v2\/media?parent=562568"}],"wp:term":[{"taxonomy":"category","embeddable":true,"href":"https:\/\/www.europesays.com\/fr\/wp-json\/wp\/v2\/categories?post=562568"},{"taxonomy":"post_tag","embeddable":true,"href":"https:\/\/www.europesays.com\/fr\/wp-json\/wp\/v2\/tags?post=562568"}],"curies":[{"name":"wp","href":"https:\/\/api.w.org\/{rel}","templated":true}]}}