{"id":562570,"date":"2025-11-27T15:53:12","date_gmt":"2025-11-27T15:53:12","guid":{"rendered":"https:\/\/www.europesays.com\/fr\/562570\/"},"modified":"2025-11-27T15:53:12","modified_gmt":"2025-11-27T15:53:12","slug":"stassin-devrait-manquer-plusieurs-semaines","status":"publish","type":"post","link":"https:\/\/www.europesays.com\/fr\/562570\/","title":{"rendered":"Stassin devrait manquer plusieurs semaines"},"content":{"rendered":"<p>  Duffus devrait revenir mardi<\/p>\n<p>Derri\u00e8re, Traor\u00e9 et Lamba sont toujours out et Bernauer, en d\u00e9licatesse avec son genou, sera pr\u00e9serv\u00e9. Au milieu, Jaber, touch\u00e9 au quadriceps, ne jouera pas non plus.<\/p>\n<p>Mais c\u2019est surtout devant qu\u2019il y aura des chances \u00e0 saisir puisque Stassin, Duffus, N\u2019Guessan et Davitashvili ne devraient pas \u00eatre l\u00e0.<\/p>\n<p>Les trois premiers sont bless\u00e9s et le dernier malade. Ce jeudi en conf\u00e9rence de presse, Eirik Horneland a expliqu\u00e9 que Duffus devrait revenir \u00e0 l\u2019entra\u00eenement mardi apr\u00e8s que \u00ab\u00a0sa r\u00e9\u00e9ducation a pris un peu plus de temps que pr\u00e9vu\u00a0\u00bb.<\/p>\n<p>Pour Stassin, bless\u00e9 au mollet depuis son passage avec les Espoirs belges, le coach s\u2019attend \u00e0 ce que le processus dure encore plusieurs semaines.<\/p>\n","protected":false},"excerpt":{"rendered":"Duffus devrait revenir mardi Derri\u00e8re, Traor\u00e9 et Lamba sont toujours out et Bernauer, en d\u00e9licatesse avec son genou,&hellip;\n","protected":false},"author":2,"featured_media":562571,"comment_status":"","ping_status":"","sticky":false,"template":"","format":"standard","meta":{"footnotes":""},"categories":[9],"tags":[4000,7539,107,63,1011,27,4002,3367,4001,7538,517,60],"class_list":{"0":"post-562570","1":"post","2":"type-post","3":"status-publish","4":"format-standard","5":"has-post-thumbnail","7":"category-sports","8":"tag-asse-as-saint-etienne-football","9":"tag-edition-loire-sud","10":"tag-fil-info","11":"tag-football","12":"tag-fr","13":"tag-france","14":"tag-haute-loire","15":"tag-loire","16":"tag-saint-etienne","17":"tag-saint-etienne-ville","18":"tag-sport","19":"tag-sports"},"share_on_mastodon":{"url":"https:\/\/pubeurope.com\/@fr\/115622471989020660","error":""},"_links":{"self":[{"href":"https:\/\/www.europesays.com\/fr\/wp-json\/wp\/v2\/posts\/562570","targetHints":{"allow":["GET"]}}],"collection":[{"href":"https:\/\/www.europesays.com\/fr\/wp-json\/wp\/v2\/posts"}],"about":[{"href":"https:\/\/www.europesays.com\/fr\/wp-json\/wp\/v2\/types\/post"}],"author":[{"embeddable":true,"href":"https:\/\/www.europesays.com\/fr\/wp-json\/wp\/v2\/users\/2"}],"replies":[{"embeddable":true,"href":"https:\/\/www.europesays.com\/fr\/wp-json\/wp\/v2\/comments?post=562570"}],"version-history":[{"count":0,"href":"https:\/\/www.europesays.com\/fr\/wp-json\/wp\/v2\/posts\/562570\/revisions"}],"wp:featuredmedia":[{"embeddable":true,"href":"https:\/\/www.europesays.com\/fr\/wp-json\/wp\/v2\/media\/562571"}],"wp:attachment":[{"href":"https:\/\/www.europesays.com\/fr\/wp-json\/wp\/v2\/media?parent=562570"}],"wp:term":[{"taxonomy":"category","embeddable":true,"href":"https:\/\/www.europesays.com\/fr\/wp-json\/wp\/v2\/categories?post=562570"},{"taxonomy":"post_tag","embeddable":true,"href":"https:\/\/www.europesays.com\/fr\/wp-json\/wp\/v2\/tags?post=562570"}],"curies":[{"name":"wp","href":"https:\/\/api.w.org\/{rel}","templated":true}]}}