{"id":562572,"date":"2025-11-27T15:54:14","date_gmt":"2025-11-27T15:54:14","guid":{"rendered":"https:\/\/www.europesays.com\/fr\/562572\/"},"modified":"2025-11-27T15:54:14","modified_gmt":"2025-11-27T15:54:14","slug":"la-chanteuse-denonce-cyril-hanouna-qui-en-lancant-des-rumeurs-sur-le-telethon-appelle-a-la-haine","status":"publish","type":"post","link":"https:\/\/www.europesays.com\/fr\/562572\/","title":{"rendered":"La chanteuse d\u00e9nonce Cyril Hanouna qui, en lan\u00e7ant des rumeurs sur le T\u00e9l\u00e9thon, \u00ab\u00a0appelle \u00e0 la haine\u00a0\u00bb"},"content":{"rendered":"<p>\u00c7a ne passe pas pour <a href=\"https:\/\/www.20minutes.fr\/arts-stars\/santa\/\" class=\"c-link c-link--is-underlined\" target=\"_blank\" rel=\"noopener\">Santa<\/a>\u00a0: invit\u00e9e de l\u2019\u00e9mission Culture m\u00e9dias d\u2019<a href=\"https:\/\/www.20minutes.fr\/medias\/europe1\/\" class=\"c-link c-link--is-underlined\" target=\"_blank\" rel=\"noopener\">Europe 1<\/a>, mercredi 26\u00a0novembre 2025, la chanteuse a vivement d\u00e9nonc\u00e9 les all\u00e9gations de <a href=\"https:\/\/www.20minutes.fr\/arts-stars\/television\/cyril_hanouna\/\" class=\"c-link c-link--is-underlined\" target=\"_blank\" rel=\"noopener\">Cyril Hanouna<\/a> selon lesquelles elle aurait, en tant que <a href=\"https:\/\/www.20minutes.fr\/arts-stars\/culture\/4172080-20250909-envie-faire-peter-dons-chanteuse-santa-marraine-telethon-2025-succedera-mika\" class=\"c-link c-link--is-underlined\" target=\"_blank\" rel=\"noopener\">marraine du T\u00e9l\u00e9thon 2025<\/a>, \u00ab\u00a0blacklist\u00e9\u00a0\u00bb certains artistes de l\u2019\u00e9v\u00e9nement caritatif.<\/p>\n<\/p>\n<p>Le pr\u00e9sentateur avait en effet affirm\u00e9, lundi 25\u00a0novembre, dans son \u00e9mission <a href=\"https:\/\/www.20minutes.fr\/arts-stars\/television\/tout-beau-tout-n9uf\/\" class=\"c-link c-link--is-underlined\" target=\"_blank\" rel=\"noopener\">Tout beau tout n9uf<\/a> (<a href=\"https:\/\/www.20minutes.fr\/dossier\/w9\" class=\"c-link c-link--is-underlined\" target=\"_blank\" rel=\"noopener\">W9<\/a>), que Santa aurait demand\u00e9 \u00ab\u00a0d\u2019\u00e9vincer <a href=\"https:\/\/www.20minutes.fr\/arts-stars\/people\/slimane-nebchi\/\" class=\"c-link c-link--is-underlined\" target=\"_blank\" rel=\"noopener\">Slimane<\/a> et <a href=\"https:\/\/www.20minutes.fr\/arts-stars\/people\/4187503-20251124-vitaa-va-mettre-fin-carriere-repond-rumeurs\" class=\"c-link c-link--is-underlined\" target=\"_blank\" rel=\"noopener\">Vitaa<\/a>\u00a0\u00bb du <a href=\"https:\/\/www.20minutes.fr\/medias\/telethon\/\" class=\"c-link c-link--is-underlined\" target=\"_blank\" rel=\"noopener\">T\u00e9l\u00e9thon<\/a> \u00ab\u00a0par jalousie\u00a0\u00bb. Des propos rapidement d\u00e9mentis par France T\u00e9l\u00e9visions, puis par l\u2019int\u00e9ress\u00e9e au micro de Thomas Isle.<\/p>\n<p class=\"mb-xxl@xs color-ultramarine font-weight-semi-bold@xs font-source-serif-pro heading-s@xs\">L\u2019acc\u00e8s \u00e0 ce contenu a \u00e9t\u00e9 bloqu\u00e9 afin de respecter votre choix de consentement<\/p>\n<p class=\"mb-m@xs text-l@xs\">En cliquant sur\u00ab J\u2019accepte \u00bb, vous acceptez le d\u00e9p\u00f4t de cookies par des services externes et aurez ainsi acc\u00e8s aux contenus de nos partenaires.<\/p>\n<p class=\"mb-xl@xs text-s@xs\">Plus d\u2019informations sur la page<a href=\"https:\/\/www.20minutes.fr\/gestion-cookies\" class=\"mx-xxs@xs color-ultramarine\" target=\"_blank\" rel=\"noopener\">Politique de gestion des cookies<\/a><\/p>\n<p>J\u2019accepteBless\u00e9e par les calomnies<\/p>\n<p>\u00ab\u00a0Je n\u2019ai rien compris \u00e0 ce qui m\u2019arrivait. J\u2019ai re\u00e7u des centaines de messages d\u2019<a href=\"https:\/\/www.20minutes.fr\/dossier\/insulte\" class=\"c-link c-link--is-underlined\" target=\"_blank\" rel=\"noopener\">insultes<\/a>, j\u2019ai \u00e9t\u00e9 tra\u00een\u00e9e dans la boue apr\u00e8s des mensonges\u00a0\u00bb, s\u2019est indign\u00e9e l\u2019ex-voix du <a href=\"https:\/\/www.20minutes.fr\/arts-stars\/culture\/musique\/4046559-20230804-hyphen-hyphen-sort-peintures-guerre-faire-paix\" class=\"c-link c-link--is-underlined\" target=\"_blank\" rel=\"noopener\">groupe Hyphen Hyphen<\/a>, assurant qu\u2019elle ne faisait la programmation du T\u00e9l\u00e9thon\u00a0: \u00ab\u00a0je ne fais que mes s\u00e9quences et, croyez-moi, c\u2019est d\u00e9j\u00e0 beaucoup de travail\u00a0\u00bb.<\/p>\n<p>L\u2019<a href=\"https:\/\/www.20minutes.fr\/dossier\/artiste\" class=\"c-link c-link--is-underlined\" target=\"_blank\" rel=\"noopener\">artiste<\/a> de 34 ans a ensuite d\u00e9plor\u00e9 que les propos de Cyril Hanouna invitent \u00e0 la haine, fustigeant des all\u00e9gations \u00ab\u00a0calomnieuses\u00a0\u00bb. \u00ab\u00a0\u00c7a me blesse profond\u00e9ment parce que ma d\u00e9marche, elle, est totale, pure, sinc\u00e8re\u00a0\u00bb, a-t-elle aussi confi\u00e9.<\/p>\n<p><a href=\"https:\/\/www.20minutes.fr\/medias\/telethon\/\" class=\"c-link c-btn c-btn--primary\" target=\"_blank\" rel=\"noopener\">Notre dossier \u00ab T\u00e9l\u00e9thon \u00bb<\/a><\/p>\n<p>Dans le communiqu\u00e9 officiel publi\u00e9 mardi 25\u00a0novembre 2025, <a href=\"https:\/\/www.20minutes.fr\/television\/france_televisions\/\" class=\"c-link c-link--is-underlined\" target=\"_blank\" rel=\"noopener\">France T\u00e9l\u00e9visions<\/a> avait tenu \u00e0 \u00ab\u00a0rectifier les fausses informations concernant la programmation artistique\u00a0\u00bb du T\u00e9l\u00e9thon 2025, assurant que \u00ab\u00a0Santa, la marraine de 2025, comme ses pr\u00e9d\u00e9cesseurs, n\u2019a en aucun cas \u00e9t\u00e9 d\u00e9cisionnaire dans les choix des artistes invit\u00e9s\u00a0\u00bb.<\/p>\n","protected":false},"excerpt":{"rendered":"\u00c7a ne passe pas pour Santa\u00a0: invit\u00e9e de l\u2019\u00e9mission Culture m\u00e9dias d\u2019Europe 1, mercredi 26\u00a0novembre 2025, la chanteuse&hellip;\n","protected":false},"author":2,"featured_media":562573,"comment_status":"","ping_status":"","sticky":false,"template":"","format":"standard","meta":{"footnotes":""},"categories":[8],"tags":[1083,58,59,1473,1011,27,2400,178,44726,67886,12846,252,49425,2395],"class_list":{"0":"post-562572","1":"post","2":"type-post","3":"status-publish","4":"format-standard","5":"has-post-thumbnail","7":"category-divertissement","8":"tag-cyril-hanouna","9":"tag-divertissement","10":"tag-entertainment","11":"tag-europe-1","12":"tag-fr","13":"tag-france","14":"tag-france-televisions","15":"tag-rumeur","16":"tag-santa","17":"tag-slimane-nebchi","18":"tag-telethon","19":"tag-television","20":"tag-tout-beau-tout-n9uf","21":"tag-w9"},"share_on_mastodon":{"url":"https:\/\/pubeurope.com\/@fr\/115622475824776179","error":""},"_links":{"self":[{"href":"https:\/\/www.europesays.com\/fr\/wp-json\/wp\/v2\/posts\/562572","targetHints":{"allow":["GET"]}}],"collection":[{"href":"https:\/\/www.europesays.com\/fr\/wp-json\/wp\/v2\/posts"}],"about":[{"href":"https:\/\/www.europesays.com\/fr\/wp-json\/wp\/v2\/types\/post"}],"author":[{"embeddable":true,"href":"https:\/\/www.europesays.com\/fr\/wp-json\/wp\/v2\/users\/2"}],"replies":[{"embeddable":true,"href":"https:\/\/www.europesays.com\/fr\/wp-json\/wp\/v2\/comments?post=562572"}],"version-history":[{"count":0,"href":"https:\/\/www.europesays.com\/fr\/wp-json\/wp\/v2\/posts\/562572\/revisions"}],"wp:featuredmedia":[{"embeddable":true,"href":"https:\/\/www.europesays.com\/fr\/wp-json\/wp\/v2\/media\/562573"}],"wp:attachment":[{"href":"https:\/\/www.europesays.com\/fr\/wp-json\/wp\/v2\/media?parent=562572"}],"wp:term":[{"taxonomy":"category","embeddable":true,"href":"https:\/\/www.europesays.com\/fr\/wp-json\/wp\/v2\/categories?post=562572"},{"taxonomy":"post_tag","embeddable":true,"href":"https:\/\/www.europesays.com\/fr\/wp-json\/wp\/v2\/tags?post=562572"}],"curies":[{"name":"wp","href":"https:\/\/api.w.org\/{rel}","templated":true}]}}