{"id":562576,"date":"2025-11-27T15:56:14","date_gmt":"2025-11-27T15:56:14","guid":{"rendered":"https:\/\/www.europesays.com\/fr\/562576\/"},"modified":"2025-11-27T15:56:14","modified_gmt":"2025-11-27T15:56:14","slug":"les-trains-ouigo-defient-les-compagnies-aeriennes-entre-bordeaux-et-lyon","status":"publish","type":"post","link":"https:\/\/www.europesays.com\/fr\/562576\/","title":{"rendered":"Les trains Ouigo\u00a0d\u00e9fient les compagnies a\u00e9riennes entre Bordeaux et Lyon"},"content":{"rendered":"<p>                     <img loading=\"lazy\" decoding=\"async\" src=\"https:\/\/www.europesays.com\/fr\/wp-content\/uploads\/2025\/11\/a52c87b_upload-1-nrb106rsx43e-000-43bv2wz.jpg\" alt=\"A la gare de Lyon, \u00e0 Paris, le 24\u00a0avril\u00a02025.\"   width=\"664\" height=\"443\"\/>    A la gare de Lyon, \u00e0 Paris, le 24\u00a0avril\u00a02025.  ST\u00c9PHANE DE SAKUTIN\/AFP                 <\/p>\n<p class=\"article__paragraph  \">A partir de 2027, \u00ab\u00a0au plus tard \u00e0 l\u2019\u00e9t\u00e9\u00a0\u00bb, il sera possible de rallier Lyon \u00e0 Bordeaux en Ouigo, l\u2019offre de TGV \u00e0 bas co\u00fbt de la SNCF, a confirm\u00e9 l\u2019entreprise, jeudi 27\u00a0novembre lors d\u2019une conf\u00e9rence de presse. Douze ans apr\u00e8s son lancement, la filiale low cost de l\u2019entreprise ferroviaire a transport\u00e9, en\u00a02024,\u00a025\u00a0millions de clients sur la grande vitesse et 3\u00a0millions sur les trains classiques. Elle a l\u2019ambition d\u2019en conqu\u00e9rir 30\u00a0% de plus d\u2019ici \u00e0\u00a02030\u00a0en augmentant son offre.<\/p>\n<p>   Lire plus tard  <\/p>\n<p class=\"article__paragraph  \">Pour l\u2019ann\u00e9e 2026, qui commence le 14\u00a0d\u00e9cembre dans le ferroviaire, Ouigo ajoute un troisi\u00e8me aller-retour entre Paris et Rennes et ouvre une nouvelle route vers Hendaye (Pyr\u00e9n\u00e9es-Atlantiques), en passant par Dax, Bayonne, Biarritz et Saint-Jean-de-Luz. D\u00e8s l\u2019\u00e9t\u00e9, les voyageurs pourront b\u00e9n\u00e9ficier d\u2019un troisi\u00e8me aller-retour vers Montpellier, via Lyon-Saint-Exup\u00e9ry. Enfin, \u00e0 la fin de l\u2019ann\u00e9e 2026, il y aura un troisi\u00e8me aller-retour en fin de semaine entre Paris et Lyon, ligne sur laquelle s\u2019est positionn\u00e9 l\u2019op\u00e9rateur italien Trenitalia.<\/p>\n<p class=\"reading-mode-only \"><strong>Il vous reste 77.13% de cet article \u00e0 lire. La suite est r\u00e9serv\u00e9e aux abonn\u00e9s.<\/strong><\/p>\n","protected":false},"excerpt":{"rendered":"A la gare de Lyon, \u00e0 Paris, le 24\u00a0avril\u00a02025. ST\u00c9PHANE DE SAKUTIN\/AFP A partir de 2027, \u00ab\u00a0au plus&hellip;\n","protected":false},"author":2,"featured_media":562577,"comment_status":"","ping_status":"","sticky":false,"template":"","format":"standard","meta":{"footnotes":""},"categories":[6],"tags":[35,33,34,1011,27],"class_list":{"0":"post-562576","1":"post","2":"type-post","3":"status-publish","4":"format-standard","5":"has-post-thumbnail","7":"category-economie","8":"tag-business","9":"tag-economie","10":"tag-economy","11":"tag-fr","12":"tag-france"},"share_on_mastodon":{"url":"https:\/\/pubeurope.com\/@fr\/115622483543960432","error":""},"_links":{"self":[{"href":"https:\/\/www.europesays.com\/fr\/wp-json\/wp\/v2\/posts\/562576","targetHints":{"allow":["GET"]}}],"collection":[{"href":"https:\/\/www.europesays.com\/fr\/wp-json\/wp\/v2\/posts"}],"about":[{"href":"https:\/\/www.europesays.com\/fr\/wp-json\/wp\/v2\/types\/post"}],"author":[{"embeddable":true,"href":"https:\/\/www.europesays.com\/fr\/wp-json\/wp\/v2\/users\/2"}],"replies":[{"embeddable":true,"href":"https:\/\/www.europesays.com\/fr\/wp-json\/wp\/v2\/comments?post=562576"}],"version-history":[{"count":0,"href":"https:\/\/www.europesays.com\/fr\/wp-json\/wp\/v2\/posts\/562576\/revisions"}],"wp:featuredmedia":[{"embeddable":true,"href":"https:\/\/www.europesays.com\/fr\/wp-json\/wp\/v2\/media\/562577"}],"wp:attachment":[{"href":"https:\/\/www.europesays.com\/fr\/wp-json\/wp\/v2\/media?parent=562576"}],"wp:term":[{"taxonomy":"category","embeddable":true,"href":"https:\/\/www.europesays.com\/fr\/wp-json\/wp\/v2\/categories?post=562576"},{"taxonomy":"post_tag","embeddable":true,"href":"https:\/\/www.europesays.com\/fr\/wp-json\/wp\/v2\/tags?post=562576"}],"curies":[{"name":"wp","href":"https:\/\/api.w.org\/{rel}","templated":true}]}}