{"id":562578,"date":"2025-11-27T15:57:12","date_gmt":"2025-11-27T15:57:12","guid":{"rendered":"https:\/\/www.europesays.com\/fr\/562578\/"},"modified":"2025-11-27T15:57:12","modified_gmt":"2025-11-27T15:57:12","slug":"vladimir-poutine-affirme-que-la-russie-cessera-les-hostilites-si-les-forces-de-kiev-se-retirent-des-territoires-quelle-revendique","status":"publish","type":"post","link":"https:\/\/www.europesays.com\/fr\/562578\/","title":{"rendered":"Vladimir Poutine affirme que la Russie cessera les hostilit\u00e9s si les forces de Kiev se retirent des territoires qu\u2019elle revendique"},"content":{"rendered":"\n<p class=\"post__live-container--answer-text post__space-node\"><a href=\"https:\/\/belta.by\/president\/view\/lukashenko-v-mirnom-plane-trampa-nado-propisat-vse-do-melochi-751078-2025\/\" target=\"_blank\" rel=\"noopener\" title=\"Nouvelle fen\u00eatre\">Selon l\u2019agence de presse officielle Belta<\/a>, le pr\u00e9sident bi\u00e9lorusse, Alexandre Loukachenko, s\u2019est exprim\u00e9 jeudi devant la presse \u00e0 Bichkek, au Kirghizistan, au sujet du plan de paix am\u00e9ricain pour r\u00e9soudre le conflit en Ukraine. Le dirigeant bi\u00e9lorusse a dit s\u2019\u00eatre entretenu, la veille, avec Vladimir Poutine, et selon lui, le plan de Donald Trump doit \u00eatre pr\u00e9sent\u00e9 de mani\u00e8re claire et concise, \u00ab\u00a0sans ambigu\u00eft\u00e9, afin que tout soit concret. Si des questions territoriales sont en jeu, tout doit \u00eatre d\u00e9taill\u00e9 au m\u00e8tre pr\u00e8s, au kilom\u00e8tre pr\u00e8s\u00a0: quelles troupes, o\u00f9 elles sont d\u00e9ploy\u00e9es, qui doit \u00eatre pr\u00e9sent et qui ne doit pas l\u2019\u00eatre\u00a0\u00bb.<\/p>\n<p class=\"post__live-container--answer-text post__space-node\">\u00ab\u00a0Tout doit \u00eatre clairement d\u00e9fini, jusque dans les moindres d\u00e9tails. Une interpr\u00e9tation trop large risquerait de cr\u00e9er des incertitudes par la suite\u2026 Chacun interpr\u00e9tera certains points diff\u00e9remment. C\u2019est pourquoi tout doit \u00eatre absolument concret\u00a0\u00bb, a encore insist\u00e9 Alexandre Loukachenko.<\/p>\n","protected":false},"excerpt":{"rendered":"Selon l\u2019agence de presse officielle Belta, le pr\u00e9sident bi\u00e9lorusse, Alexandre Loukachenko, s\u2019est exprim\u00e9 jeudi devant la presse \u00e0&hellip;\n","protected":false},"author":2,"featured_media":562579,"comment_status":"","ping_status":"","sticky":false,"template":"","format":"standard","meta":{"footnotes":""},"categories":[5],"tags":[11,1011,27,14,12,28],"class_list":{"0":"post-562578","1":"post","2":"type-post","3":"status-publish","4":"format-standard","5":"has-post-thumbnail","7":"category-international","8":"tag-actualites","9":"tag-fr","10":"tag-france","11":"tag-international","12":"tag-news","13":"tag-world"},"share_on_mastodon":{"url":"https:\/\/pubeurope.com\/@fr\/115622487276803914","error":""},"_links":{"self":[{"href":"https:\/\/www.europesays.com\/fr\/wp-json\/wp\/v2\/posts\/562578","targetHints":{"allow":["GET"]}}],"collection":[{"href":"https:\/\/www.europesays.com\/fr\/wp-json\/wp\/v2\/posts"}],"about":[{"href":"https:\/\/www.europesays.com\/fr\/wp-json\/wp\/v2\/types\/post"}],"author":[{"embeddable":true,"href":"https:\/\/www.europesays.com\/fr\/wp-json\/wp\/v2\/users\/2"}],"replies":[{"embeddable":true,"href":"https:\/\/www.europesays.com\/fr\/wp-json\/wp\/v2\/comments?post=562578"}],"version-history":[{"count":0,"href":"https:\/\/www.europesays.com\/fr\/wp-json\/wp\/v2\/posts\/562578\/revisions"}],"wp:featuredmedia":[{"embeddable":true,"href":"https:\/\/www.europesays.com\/fr\/wp-json\/wp\/v2\/media\/562579"}],"wp:attachment":[{"href":"https:\/\/www.europesays.com\/fr\/wp-json\/wp\/v2\/media?parent=562578"}],"wp:term":[{"taxonomy":"category","embeddable":true,"href":"https:\/\/www.europesays.com\/fr\/wp-json\/wp\/v2\/categories?post=562578"},{"taxonomy":"post_tag","embeddable":true,"href":"https:\/\/www.europesays.com\/fr\/wp-json\/wp\/v2\/tags?post=562578"}],"curies":[{"name":"wp","href":"https:\/\/api.w.org\/{rel}","templated":true}]}}